{"id":36944,"date":"2023-09-26T01:04:30","date_gmt":"2023-09-25T23:04:30","guid":{"rendered":"http:\/\/www.infokuryr.cz\/n\/?p=36944"},"modified":"2023-09-25T18:22:23","modified_gmt":"2023-09-25T16:22:23","slug":"tento-dlouho-planovany-plan-ovladnout-svet-pokrocil-dale-nez-by-si-kdokoli-normalni-dokazal-predstavit","status":"publish","type":"post","link":"https:\/\/www.infokuryr.cz\/n\/2023\/09\/26\/tento-dlouho-planovany-plan-ovladnout-svet-pokrocil-dale-nez-by-si-kdokoli-normalni-dokazal-predstavit\/","title":{"rendered":"Tento dlouho pl\u00e1novan\u00fd pl\u00e1n ovl\u00e1dnout sv\u011bt pokro\u010dil d\u00e1le, ne\u017e by si kdokoli norm\u00e1ln\u00ed dok\u00e1zal p\u0159edstavit"},"content":{"rendered":"<div id=\"fb-root\"><\/div>\n<div class=\"elementor-element elementor-element-1fb4c2c elementor-widget elementor-widget-theme-post-content\" data-id=\"1fb4c2c\" data-element_type=\"widget\" data-widget_type=\"theme-post-content.default\">\n<div class=\"elementor-widget-container\">\n<p><em><span>\u201eAmbic\u00ed Rockefeller\u016f a jejich spojenc\u016f je vytvo\u0159it vl\u00e1du jednoho sv\u011bta, kter\u00e1 spojuje superkapitalismus a komunismus pod jedn\u00edm stanem, v\u0161e pod jejich kontrolou.\u00a0Mluv\u00edm o spiknut\u00ed?\u00a0Ano.\u00a0Jsem p\u0159esv\u011bd\u010den, \u017ee takov\u00e9 spiknut\u00ed existuje, m\u00e1 mezin\u00e1rodn\u00ed rozsah, je pl\u00e1nov\u00e1no na generace, je neuv\u011b\u0159iteln\u011b zl\u00e9 ve sv\u00fdch z\u00e1m\u011brech.\u201c<\/span><\/em><\/p>\n<p><cite><span>Z\u00e1stupce Larry P. MacDonald (Pozn\u00e1mka: Lawrence McDonald byl zabit (pravd\u011bpodobn\u011b zavra\u017ed\u011bn) na palub\u011b Korean Air Lines 007 v roce 1983, n\u011bkolik m\u011bs\u00edc\u016f po tomto prohl\u00e1\u0161en\u00ed).<\/span><\/cite><span>Na za\u010d\u00e1tku sv\u00fdch pozn\u00e1mek bych to cht\u011bl p\u0159edeslat t\u00edm, \u017ee se jedn\u00e1 o pokus jednodu\u0161e vysv\u011btlit velmi komplikovan\u00e9 finan\u010dn\u00ed a ekonomick\u00e9 zlo\u010diny, kter\u00e9 jsou pou\u017e\u00edv\u00e1ny proti Ameri\u010dan\u016fm a tak\u00e9 proti cel\u00e9 sv\u011btov\u00e9 populaci s c\u00edlem z\u00edskat tot\u00e1ln\u00ed vl\u00e1du nad lidstvem a udr\u017eovat.\u00a0To se pr\u00fd projevuje v konceptu vl\u00e1dy jednoho sv\u011bta, \u201eVelk\u00e9ho resetu\u201c nebo Nov\u00e9ho sv\u011btov\u00e9ho \u0159\u00e1du.\u00a0To m\u016f\u017ee b\u00fdt odv\u00e1\u017en\u00e9 tvrzen\u00ed, ale nen\u00ed, ale jakmile \u010dlov\u011bk pochop\u00ed, \u017ee v\u0161e, co se stalo za mnoho desetilet\u00ed, je vz\u00e1jemn\u011b propojeno, zejm\u00e9na od pl\u00e1novan\u00e9 a p\u0159edem promy\u0161len\u00e9 ud\u00e1losti pod fale\u0161nou vlajkou nazvan\u00e9 \u201e11. z\u00e1\u0159\u00ed\u201c , m\u011bl by b\u00fdt schopen rozpoznat velk\u00e9 mno\u017estv\u00ed zjevn\u00fdch spojen\u00ed, kter\u00e9 jsou neuv\u011b\u0159iteln\u011b zl\u00e9.<\/span><\/p>\n<p><span>Alternativn\u00ed zpravodajsk\u00e9 weby a zejm\u00e9na bloge\u0159i v posledn\u00ed dob\u011b vyvol\u00e1vaj\u00ed dojem, \u017ee se mnoho lid\u00ed probouz\u00ed a lid v\u00edt\u011bz\u00ed v boji za svobodu.\u00a0Podle m\u00e9ho n\u00e1zoru tomu tak nen\u00ed a ve skute\u010dnosti je to zav\u00e1d\u011bj\u00edc\u00ed, proto\u017ee fale\u0161n\u00e1 nad\u011bje je hnac\u00ed silou tohoto my\u0161len\u00ed.\u00a0Je z\u0159ejm\u00e9, \u017ee st\u00e1le v\u00edce lid\u00ed tvrd\u00ed, \u017ee jsou proti tyranii vl\u00e1dy, ale do dne\u0161n\u00edho dne nebylo u\u010din\u011bno absolutn\u011b nic pro sn\u00ed\u017een\u00ed nebo odstran\u011bn\u00ed moci st\u00e1tu na jak\u00e9koli \u00farovni. Krom\u011b toho se hanebn\u00e9 \u00fasil\u00ed st\u00e1tu a jeho kontrolor\u016f st\u00e1le roz\u0161i\u0159uje a snaha o st\u00e1le drakoni\u010dt\u011bj\u0161\u00ed\u00a0opat\u0159en\u00ed pokra\u010duje v nezmen\u0161en\u00e9 m\u00ed\u0159e.\u00a0Za sou\u010dasn\u00fdch podm\u00ednek nen\u00ed zn\u00e1mo, jak\u00e1 by mohla b\u00fdt reakce mas,<\/span><\/p>\n<p><span>R\u00e1mec p\u0159evzet\u00ed t\u011bchto vl\u00e1dnouc\u00edch psychopat\u016f je v\u017edy zalo\u017een na prototypu probl\u00e9mu-reakce-\u0159e\u0161en\u00ed, co\u017e jsou fale\u0161n\u00e9, p\u0159edem promy\u0161len\u00e9 ud\u00e1losti a fale\u0161n\u00e9 mimo\u0159\u00e1dn\u00e9 ud\u00e1losti;\u00a0ve skute\u010dnosti jsou to spiknut\u00ed ur\u010den\u00e1 k podn\u011bcov\u00e1n\u00ed strachu, nen\u00e1visti nebo zmatku, aby st\u00e1t mohl p\u0159edst\u00edrat, \u017ee p\u0159ich\u00e1z\u00ed na pomoc sv\u00e9 ne\u0161\u0165astn\u00e9 t\u0159\u00edd\u011b otrok\u016f.\u00a0Tato strategie fungovala t\u00e9m\u011b\u0159 poka\u017ed\u00e9, kdy\u017e byla doposud vyzkou\u0161ena, a st\u00e1do v n\u00ed prost\u011b pokra\u010duje, bez ohledu na zav\u00e1d\u011bj\u00edc\u00ed r\u00e9toriku, \u017ee tato populace v\u00edt\u011bz\u00ed.\u00a0Nen\u00ed tomu tak, a dokud se st\u00e1t bude i nad\u00e1le \u00fasp\u011b\u0161n\u011b pokou\u0161et o transformaci spole\u010dnosti, a\u0165 u\u017e na psychologick\u00e9, finan\u010dn\u00ed nebo ekonomick\u00e9 \u00farovni, moc vl\u00e1dnouc\u00ed t\u0159\u00eddy a jej\u00ed vl\u00e1dn\u00ed syst\u00e9m bude i nad\u00e1le kontrolovat p\u0159esuny jej\u00edho bohatstv\u00ed,<\/span><\/p>\n<p><span>Psychologick\u00e1 manipulace a kontrola jsou nezbytn\u00e9 k tomu, aby st\u00e1tn\u00ed dareb\u00e1ci splnili sv\u00e9 posl\u00e1n\u00ed ovl\u00e1dnout sv\u011bt, ale finan\u010dn\u00ed a ekonomick\u00e1 kontrola je povinn\u00e1.\u00a0To n\u00e1s p\u0159iv\u00e1d\u00ed ke skute\u010dn\u00e9 ot\u00e1zce: Komu pat\u0159\u00ed sv\u011bt a kdo jej ovl\u00e1d\u00e1?\u00a0Jsou to jist\u011b velk\u00e9 bankovn\u00ed kartely, v\u010detn\u011b v\u0161ech centr\u00e1ln\u00edch bank, velk\u00fdch korpor\u00e1tn\u00edch magn\u00e1t\u016f, vl\u00e1dou chr\u00e1n\u011bn\u00fdch nadac\u00ed nevl\u00e1dn\u00edch organizac\u00ed a samoz\u0159ejm\u011b cel\u00e9ho glob\u00e1ln\u00edho bohatstv\u00ed, kter\u00e9 do roku 2020 ovl\u00e1dalo hodn\u011b p\u0159es 100 bilion\u016f dolar\u016f.\u00a0Ale kdo vlastn\u00ed a kontroluje v\u0161echna tato za\u0159\u00edzen\u00ed?\u00a0Kdo v\u0161echno na sv\u011bt\u011b \u0159\u00edd\u00ed?\u00a0Toto je Blackrock a Vanguard Group, a jak jsem vysv\u011btlil p\u0159ed rokem:<\/span><\/p>\n<p><em><span>\u201eExistuje n\u011bkolik tis\u00edc institucion\u00e1ln\u00edch investi\u010dn\u00edch firem, kter\u00e9 vlastn\u00ed ka\u017edou velkou banku, ka\u017edou velkou korporaci, ka\u017edou velkou investi\u010dn\u00ed firmu, ka\u017ed\u00fd \u201ezpravodajsk\u00fd \u010dasopis\u201c, ka\u017edou velkou komunika\u010dn\u00ed spole\u010dnost, ka\u017edou velkou farmaceutickou spole\u010dnost, ka\u017edou velkou dopravn\u00ed spole\u010dnost;\u00a0jin\u00fdmi slovy, t\u00e9m\u011b\u0159 ka\u017ed\u00e1 velk\u00e1 spole\u010dnost na sv\u011bt\u011b je vlastn\u011bna t\u011bmito institucion\u00e1ln\u00edmi investory.\u00a0Mal\u00e9 institucion\u00e1ln\u00ed investi\u010dn\u00ed firmy jsou vlastn\u011bny v\u011bt\u0161\u00edmi institucion\u00e1ln\u00edmi investi\u010dn\u00edmi firmami a v\u011bt\u0161\u00ed investi\u010dn\u00ed firmy jsou vlastn\u011bny je\u0161t\u011b v\u011bt\u0161\u00edmi investi\u010dn\u00edmi firmami.\u00a0Dv\u011b institucion\u00e1ln\u00ed investi\u010dn\u00ed spole\u010dnosti, kter\u00e9 jsou prim\u00e1rn\u00edmi vlastn\u00edky a kontrolory v\u0161ech ostatn\u00edch spole\u010dnost\u00ed na sv\u011bt\u011b, jsou Vanguard Holdings a Blackrock a Vanguard je nejv\u011bt\u0161\u00edm akcion\u00e1\u0159em (vlastn\u00edkem) spole\u010dnosti Blackrock.\u00a0<\/span><\/em><\/p>\n<p><a href=\"https:\/\/stranapro.cz\/\"><img decoding=\"async\" loading=\"lazy\" class=\"wp-image-30218 aligncenter\" src=\"http:\/\/www.infokuryr.cz\/n\/wp-content\/uploads\/2023\/06\/PRO-banner-300x36.png\" alt=\"\" width=\"1367\" height=\"164\" srcset=\"https:\/\/www.infokuryr.cz\/n\/wp-content\/uploads\/2023\/06\/PRO-banner-300x36.png 300w, https:\/\/www.infokuryr.cz\/n\/wp-content\/uploads\/2023\/06\/PRO-banner-768x93.png 768w, https:\/\/www.infokuryr.cz\/n\/wp-content\/uploads\/2023\/06\/PRO-banner.png 849w\" sizes=\"(max-width: 1367px) 100vw, 1367px\" \/><\/a><\/p>\n<p><span>Sou\u010dasn\u00fdm CEO Vanguardu je Tim Buckley a \u0161\u00e9fem a zakladatelem mocn\u00e9 instituce Blackrock je samoz\u0159ejm\u011b Larry Fink.\u00a0Je t\u0159eba poznamenat, \u017ee Fink a Blackrock dos\u00e1hli pozice extr\u00e9mn\u00ed a t\u00e9m\u011b\u0159 nekone\u010dn\u00e9 moci nad finan\u010dn\u00edm a ekonomick\u00fdm sv\u011btem a podle n\u00e1zoru mnoh\u00fdch jsou nyn\u00ed \u010dtvrtou slo\u017ekou vl\u00e1dy.\u00a0Finkova spojen\u00ed neuv\u011b\u0159iteln\u011b odhaluj\u00ed s\u00edlu, kterou Blackrock ovl\u00e1d\u00e1.\u00a0Blackrock efektivn\u011b ovl\u00e1d\u00e1 Feder\u00e1ln\u00ed rezervn\u00ed syst\u00e9m a americk\u00e9 ministerstvo financ\u00ed, stejn\u011b jako banky po cel\u00e9m sv\u011bt\u011b.\u00a0Je t\u0159eba poznamenat, \u017ee Fink byl jmenov\u00e1n do p\u0159edstavenstva Sv\u011btov\u00e9ho ekonomick\u00e9ho f\u00f3ra (WEF) dne 22. srpna 2019, co\u017e byl za\u010d\u00e1tek podvodn\u00e9 \u201epandemie Covid\u201c, kter\u00e1 za\u010dala ve stejn\u00e9m m\u011bs\u00edci, kdy Fink usedl do p\u0159edstavenstva WEF. a za\u010dal.\u00a0Chcete-li z\u00edskat \u00fapln\u00fd obr\u00e1zek o dosavadn\u00ed historii Finka a Blackrocka, pod\u00edvejte se na tento vynikaj\u00edc\u00ed dokument Jamese Corbetta: Jak Blackrock dobyl sv\u011bt.\u00a0Corbett v n\u011bm ve videu a textu vysv\u011btluje, jak byl cel\u00fd podvod \u201eCovid\u201c zorganizovan\u00fd a byl p\u0159edev\u0161\u00edm finan\u010dn\u00edm p\u0159evratem veden\u00fd Blackrockem.\u00a0Toto spojen\u00ed bod\u016f a lid\u00ed je z\u00e1sadn\u00ed.<\/span><\/p>\n<p><span>Jak jsem ji\u017e zm\u00ednil, jde o velmi zjednodu\u0161en\u00fd pohled na ud\u00e1losti, ale je pot\u0159eba n\u011bkter\u00e9 v\u011bci propojit, aby bylo v\u0161e vid\u011bt v ucelen\u00e9m kontextu, co\u017e by nasv\u011bd\u010dovalo tomu, \u017ee se z velk\u00e9ho spiknut\u00ed \u0161\u00ed\u0159\u00edc\u00edho se v dlouh\u00e9m \u010dasov\u00e9m obdob\u00ed stalo.\u00a0V\u0161echny takzvan\u00e9 \u201enouzov\u00e9 ud\u00e1losti\u201c od podvodn\u00e9ho inside jobu z 11. z\u00e1\u0159\u00ed maj\u00ed mnoho spole\u010dn\u00e9ho a pro\u010d by tak\u00e9 nem\u011bly, v\u017edy\u0165 hlavn\u00edm c\u00edlem ovl\u00e1dnut\u00ed sv\u011bta bylo v\u017edy k\u00fd\u017een\u00fd c\u00edl.\u00a0Zva\u017ete pouze t\u0159i ud\u00e1losti, ale o t\u00e9to dob\u011b je jich mnohem, mnohem v\u00edce.<\/span><\/p>\n<p><span>Budovy, kter\u00e9 byly zni\u010deny 11. z\u00e1\u0159\u00ed\u00a0zhroucen\u00e9 byly p\u0159em\u011bn\u011bny na pr\u00e1\u0161ek, co\u017e je p\u0159i po\u017e\u00e1ru zp\u016fsoben\u00e9m leteck\u00fdm palivem nemo\u017en\u00e9.\u00a0Pamatujte si, \u017ee auta daleko od ohn\u011b sho\u0159ela v ni\u010dem, s roztaven\u00fdm kovem, hlin\u00edkem a \u010deln\u00edm sklem jakoby samovzn\u00edcen\u00edm.\u00a0Ale tot\u00e9\u017e se stalo v roce 2018 s po\u017e\u00e1ry v Paradise v Kalifornii, s mnoha podobnostmi, v\u010detn\u011b neuv\u011b\u0159iteln\u00fdch \u0161kod na autech, kter\u00e1 nebyla ani v cest\u011b po\u017e\u00e1r\u016f, kter\u00e9 musely b\u00fdt vysoko nad \u00farovn\u00ed horka lesn\u00edho po\u017e\u00e1ru.\u00a0Tot\u00e9\u017e se stalo minul\u00fd m\u011bs\u00edc v Lahain\u011b na Havaji.\u00a0Jak to m\u016f\u017ee b\u00fdt?\u00a0Nem\u016f\u017ee b\u00fdt, pokud podobn\u00e9 nebo p\u0159esn\u00e9 zp\u016fsoby ni\u010den\u00ed nebyly p\u0159edem napl\u00e1nov\u00e1ny a provedeny pomoc\u00ed krimin\u00e1ln\u00edch st\u00e1tn\u00edch (vojensk\u00fdch) prost\u0159edk\u016f.<\/span><\/p>\n<p><span>Velmi v\u00fdmluvn\u00fdm aspektem v\u0161ech t\u011bchto fale\u0161n\u00fdch \u201enouzov\u00fdch situac\u00ed\u201c, od 11. z\u00e1\u0159\u00ed po Maui, je skute\u010dnost, \u017ee Wall Street a finan\u010dn\u00ed firmy, spole\u010dnosti s institucion\u00e1ln\u00edmi aktivy, centr\u00e1ln\u00ed banky, dodavatel\u00e9 obrany a technologick\u00e9 spole\u010dnosti kontrolovan\u00e9 arm\u00e1dou a to samoz\u0159ejm\u011b zahrnuje Blackrock , kter\u00fd m\u011bl tendenci vyd\u011bl\u00e1vat obrovsk\u00e9 zisky, zabavit v\u00edce majetku, vl\u00e1dn\u00edch zak\u00e1zek a masivn\u00edch z\u00e1chrann\u00fdch fond\u016f (prost\u0159ednictv\u00edm z\u00e1bor\u016f p\u016fdy), p\u0159i\u010dem\u017e se z katastrofy vyno\u0159il mnohem bohat\u0161\u00ed a mocn\u011bj\u0161\u00ed ne\u017e kdy p\u0159edt\u00edm.\u00a0Stalo se to s 11. z\u00e1\u0159\u00edm, finan\u010dn\u00edm a realitn\u00edm kolapsem v roce 2008, fale\u0161n\u00fdm spiknut\u00edm \u201eCovid\u201c a nyn\u00ed s kone\u010dnou zbran\u00ed proti lidskosti, zcela nelegitimn\u00ed agendou \u201ezm\u011bny klimatu\u201c;\u00a0a tato agenda postavila Blackrock do pop\u0159ed\u00ed tohoto zlo\u010dinn\u00e9ho podvodu po cel\u00e9m sv\u011bt\u011b.<\/span><\/p>\n<p><span>Ka\u017ed\u00e1 nouzov\u00e1 situace vede k v\u011bt\u0161\u00edmu a mocn\u011bj\u0161\u00edmu st\u00e1tu, v\u00edce omezen\u00edm, v\u00edce regulac\u00ed, v\u00edce regulac\u00ed, v\u00edce uzam\u010den\u00ed, m\u00e9n\u011b cestov\u00e1n\u00ed a v\u011bt\u0161\u00edho dohledu a cenzury.\u00a0To v\u0161e je z\u00e1m\u011brn\u00e9 a nikdy n\u00e1hodn\u00e9 nebo n\u00e1hodn\u00e9, proto\u017ee je to z\u00e1m\u011brn\u00e9 spiknut\u00ed proti lidskosti.\u00a0Bez ohledu na politick\u00e9 \u00favahy nebo strany tento \u00fatok proti n\u00e1m v\u0161em prob\u00edh\u00e1 a roz\u0161i\u0159uje se.\u00a0Ka\u017ed\u00fd incident, ka\u017ed\u00e1 manipulace, ka\u017ed\u00e1 \u201enouzov\u00e1 situace\u201c byla napl\u00e1nov\u00e1na s dostate\u010dn\u00fdm p\u0159edstihem a p\u0159evzet\u00ed sv\u011bta se nyn\u00ed bl\u00ed\u017e\u00ed.<\/span><\/p>\n<p><span>Jak st\u00e1t pokra\u010duje v budov\u00e1n\u00ed sv\u00e9ho nov\u00e9ho sv\u011btov\u00e9ho \u0159\u00e1du, je populace vystavena jedn\u00e9 fale\u0161n\u00e9 vlajce za druhou, domn\u011bl\u00e9 \u201enouzov\u00e9 situaci\u201c nebo nov\u00e9 \u201ehrozb\u011b\u201c, jak tvrd\u00ed vl\u00e1dnouc\u00ed t\u0159\u00edda usiluj\u00edc\u00ed o sv\u011btovl\u00e1du, zaplavena.\u00a0Zat\u00edmco si masy navz\u00e1jem jdou po krku, st\u00e1t pokra\u010duje ve snaze o tot\u00e1ln\u00ed nadvl\u00e1du.\u00a0To ukazuje, \u017ee lid\u00e9 jsou spoluvin\u00edky sv\u00e9ho vlastn\u00edho otroctv\u00ed, proto\u017ee nejsou schopni vid\u011bt celkov\u00fd obraz, zat\u00edmco se zam\u011b\u0159uj\u00ed na ka\u017ed\u00e9 rozpt\u00fdlen\u00ed, kter\u00e9 na n\u011b tato zl\u00e1 vl\u00e1dnouc\u00ed moc vrhne.<\/span><\/p>\n<p><span>Ignoruje se, \u017ee tento sv\u011bt ji\u017e byl p\u0159evzat a je zcela ovl\u00e1d\u00e1n n\u011bkolika a boj jednoho proti druh\u00e9mu tento pl\u00e1n p\u0159evzet\u00ed d\u00e1le podporuje.\u00a0Zam\u011b\u0159en\u00edm se na ka\u017ed\u00e9 tyransk\u00e9 rozpt\u00fdlen\u00ed se lid\u00e9 vydali na milost a nemilost dikt\u00e1torsk\u00e9 administrativ\u011b a ztratili p\u0159itom jakoukoli mo\u017enost zastavit totalitn\u00ed p\u0159ivlast\u0148ov\u00e1n\u00ed si jejich \u017eivot\u016f a majetku finan\u010dn\u00ed kabalou usiluj\u00edc\u00ed o ovl\u00e1dnut\u00ed sv\u011bta.<\/span><\/p>\n<p><span>Zach\u00e1zen\u00edm s ka\u017edou indiskr\u00e9tnost\u00ed jako s nez\u00e1vislou na skute\u010dn\u00e9 agend\u011b, kterou sledujeme, se nic nebr\u00e1n\u00ed st\u00e1tu v jeho snaze zcela ovl\u00e1dnout v\u0161echny lidi na Zemi.\u00a0\u00da\u010dast\u00ed v politick\u00e9m a \u201evolebn\u00edm\u201c procesu \u2013 procesu navr\u017een\u00e9m a implementovan\u00e9m za jedin\u00fdm \u00fa\u010delem kontroly \u2013 t\u00edm, \u017ee se zam\u011b\u0159\u00edme na politick\u00e9 vedlej\u0161\u00ed sc\u00e9ny, t\u00edm, \u017ee se pokus\u00edme vyu\u017e\u00edt zkorumpovan\u00e9 vl\u00e1dn\u00ed soudy k dosa\u017een\u00ed n\u00e1pravy za tyransk\u00e9 man\u00e9vry T\u00edm, \u017ee p\u0159ijmeme p\u0159evl\u00e1daj\u00edc\u00ed syst\u00e9m jako legitimn\u00ed , t\u00edm, \u017ee umo\u017e\u0148uje Feder\u00e1ln\u00edmu rezervn\u00edmu syst\u00e9mu a v\u0161em bank\u00e1m monitorovat a kontrolovat aktiva prost\u0159ednictv\u00edm pln\u00e9 digitalizace, oby\u010dejn\u00ed lid\u00e9 si kopou vlastn\u00ed hrob.<\/span><\/p>\n<p><span>Na pokra\u010dov\u00e1n\u00ed v tomto nesmysln\u00e9m cvi\u010den\u00ed u\u017e m\u016f\u017ee b\u00fdt p\u0159\u00edli\u0161 pozd\u011b, proto\u017ee vl\u00e1dnouc\u00ed t\u0159\u00edda m\u00e1 pod kontrolou syst\u00e9my, kter\u00e9 jim umo\u017e\u0148uj\u00ed dokon\u010dit jejich pl\u00e1n p\u0159evzet\u00ed.\u00a0Jedinou odpov\u011bd\u00ed na tento \u010f\u00e1belsk\u00fd pokus zni\u010dit n\u00e1s ve prosp\u011bch n\u011bkolika mocn\u00fdch je negovat ve\u0161kerou vl\u00e1du, negovat a zru\u0161it Feder\u00e1ln\u00ed rezervn\u00ed syst\u00e9m, odstranit ve\u0161kerou kontrolu ze strany bankovn\u00edch kartel\u016f, zastavit ve\u0161ker\u00e9 snahy o obnovu ekonomiky \u2013 a monopolizovat m\u011bnov\u00fd syst\u00e9m k vytv\u00e1\u0159en\u00ed a uv\u00e1d\u011bn\u00ed digit\u00e1ln\u00edch m\u011bn centr\u00e1ln\u00edch bank a nep\u0159ij\u00edmat \u017e\u00e1dn\u00e9 nov\u00e9 fale\u0161n\u00e9 zdravotn\u00ed nouze, fale\u0161n\u00e9 \u201ezm\u011bny klimatu\u201c, hrozby v\u00e1lky, nep\u0159irozen\u00e9 ud\u00e1losti nebo jin\u00e9 \u00famysln\u00e9 trestn\u00e9 \u010diny,<\/span><\/p>\n<p><span>Lid\u00e9 nevyhr\u00e1vaj\u00ed, prohr\u00e1vaj\u00ed, ale tento smrt\u00edc\u00ed \u00fatok na lidstvo lze je\u0161t\u011b zvr\u00e1tit, pokud se i mal\u00e1 v\u011bt\u0161ina postav\u00ed a p\u0159evezme odpov\u011bdnost za sv\u00e9 \u017eivoty a svobodu.\u00a0Pokud bude sou\u010dasn\u00fd trend pokra\u010dovat, pokud se v\u011bt\u0161ina t\u00e9to populace bude i nad\u00e1le schov\u00e1vat p\u0159ed pravdou, pokud v\u011bt\u0161ina o\u010dek\u00e1v\u00e1, \u017ee ji ostatn\u00ed zachr\u00e1n\u00ed, pak je v\u0161e ztraceno, ale pokud se uk\u00e1\u017ee skute\u010dn\u011b akceschopn\u00e9 probuzen\u00ed velk\u00e9ho po\u010dtu lid\u00ed, pak st\u00e1t jeskyn\u011b v.\u00a0To se nestane v \u017e\u00e1dn\u00fdch volb\u00e1ch, a\u00a0<\/span>nep<span>olitici mohou zm\u011bnit sm\u011br, kter\u00fdm se ub\u00edr\u00e1me, proto\u017ee spol\u00e9hat se na jak\u00e9hokoli p\u00e1na zapojen\u00e9ho do tohoto zl\u00e9ho syst\u00e9mu vl\u00e1dy je zt\u011blesn\u011bn\u00edm selh\u00e1n\u00ed a m\u016f\u017ee v\u00e9st pouze k v\u011b\u010dn\u00e9mu zotro\u010den\u00ed.<\/span><\/p>\n<p><em><span>\u201eJedin\u00e9, \u010deho se \u010dlov\u011bk boj\u00ed, je nezn\u00e1mo.\u00a0Kdy\u017e mu bude p\u0159edlo\u017een tento sc\u00e9n\u00e1\u0159, ochotn\u011b se vzd\u00e1 sv\u00fdch individu\u00e1ln\u00edch pr\u00e1v, aby z\u00edskal z\u00e1ruku sv\u00e9ho blahobytu od sv\u011btov\u00e9 vl\u00e1dy, Nov\u00e9ho sv\u011btov\u00e9ho \u0159\u00e1du.\u201c<\/span><\/em><\/p>\n<p><cite><span>Henry A. Kissinger<\/span><\/cite><strong>Autor Gary D. Barnett<\/strong><\/p>\n<\/div>\n<\/div>\n<div class=\"elementor-element elementor-element-8c57238 quelle dc-has-condition dc-condition-empty elementor-widget elementor-widget-heading\" data-id=\"8c57238\" data-element_type=\"widget\" data-widget_type=\"heading.default\">\n<div class=\"elementor-widget-container\">\n<h3 class=\"elementor-heading-title elementor-size-default\"><span style=\"font-size: 8pt;\"><a href=\"https:\/\/www.lewrockwell.com\/2023\/09\/gary-d-barnett\/this-long-plotted-world-takeover-scheme-is-more-advanced-than-any-normal-human-can-fathom\/\" target=\"_blank\" rel=\"nofollow noopener\">ZDROJ<\/a><\/span><\/h3>\n<\/div>\n<\/div>\n<p>&nbsp;<\/p>\n<p>&nbsp;<\/p>\n","protected":false},"excerpt":{"rendered":"<p>\u201eAmbic\u00ed Rockefeller\u016f a jejich spojenc\u016f je vytvo\u0159it vl\u00e1du jednoho sv\u011bta, kter\u00e1 spojuje superkapitalismus a komunismus&#8230;<\/p>\n","protected":false},"author":2,"featured_media":2987,"comment_status":"closed","ping_status":"closed","sticky":false,"template":"","format":"standard","meta":[],"categories":[7],"tags":[279,794,2812,2309],"_links":{"self":[{"href":"https:\/\/www.infokuryr.cz\/n\/wp-json\/wp\/v2\/posts\/36944"}],"collection":[{"href":"https:\/\/www.infokuryr.cz\/n\/wp-json\/wp\/v2\/posts"}],"about":[{"href":"https:\/\/www.infokuryr.cz\/n\/wp-json\/wp\/v2\/types\/post"}],"author":[{"embeddable":true,"href":"https:\/\/www.infokuryr.cz\/n\/wp-json\/wp\/v2\/users\/2"}],"replies":[{"embeddable":true,"href":"https:\/\/www.infokuryr.cz\/n\/wp-json\/wp\/v2\/comments?post=36944"}],"version-history":[{"count":0,"href":"https:\/\/www.infokuryr.cz\/n\/wp-json\/wp\/v2\/posts\/36944\/revisions"}],"wp:featuredmedia":[{"embeddable":true,"href":"https:\/\/www.infokuryr.cz\/n\/wp-json\/wp\/v2\/media\/2987"}],"wp:attachment":[{"href":"https:\/\/www.infokuryr.cz\/n\/wp-json\/wp\/v2\/media?parent=36944"}],"wp:term":[{"taxonomy":"category","embeddable":true,"href":"https:\/\/www.infokuryr.cz\/n\/wp-json\/wp\/v2\/categories?post=36944"},{"taxonomy":"post_tag","embeddable":true,"href":"https:\/\/www.infokuryr.cz\/n\/wp-json\/wp\/v2\/tags?post=36944"}],"curies":[{"name":"wp","href":"https:\/\/api.w.org\/{rel}","templated":true}]}}