{"id":36942,"date":"2023-09-26T01:02:17","date_gmt":"2023-09-25T23:02:17","guid":{"rendered":"http:\/\/www.infokuryr.cz\/n\/?p=36942"},"modified":"2023-09-25T18:13:34","modified_gmt":"2023-09-25T16:13:34","slug":"petr-hannig-ukrajinizace-cr-probiha-milovymi-kroky","status":"publish","type":"post","link":"https:\/\/www.infokuryr.cz\/n\/2023\/09\/26\/petr-hannig-ukrajinizace-cr-probiha-milovymi-kroky\/","title":{"rendered":"Petr Hannig: Ukrajinizace \u010cR prob\u00edh\u00e1 m\u00edlov\u00fdmi kroky"},"content":{"rendered":"<div id=\"fb-root\"><\/div>\n<p><strong>Kdy\u017e je\u0161t\u011b byly \u010dasy norm\u00e1ln\u00ed, nebyl covid a hysterie s\u00a0n\u00edm spojen\u00e1, jako umo\u017en\u011bn\u00ed p\u0159\u00edstupu do kav\u00e1ren, restaurac\u00ed jen t\u011bm, kte\u0159\u00ed m\u011bli doklad o tom, \u017ee prod\u011blali o\u010dkov\u00e1n\u00ed, kdy\u017e bylo v\u00a0podstat\u011b v\u00a0jednu chv\u00edli zak\u00e1z\u00e1no cestovat mezi okresy a dal\u0161\u00ed \u00fakazy d\u0159\u00edve nepochopiteln\u00e9, to jest n\u011bkdy v\u00a0devades\u00e1t\u00fdch letech, kroutil jsem hlavou nad mnoha v\u011bcmi, kter\u00e9 se te\u010f v\u00a0podstat\u011b st\u00e1vaj\u00ed i u n\u00e1s b\u011b\u017en\u00fdmi.<\/strong><\/p>\n<p>Tehdy jsem sly\u0161el, \u017ee na Ukrajin\u011b spousta d\u016fchodc\u016f nedost\u00e1v\u00e1 sv\u00e9 zaslou\u017een\u00e9 d\u016fchody. \u017de tamn\u00ed st\u00e1t jim je nedok\u00e1\u017ee vyplatit, i kdy\u017e maj\u00ed na n\u011b podle z\u00e1kona n\u00e1rok. A nav\u00edc, \u017ee p\u0159i inflaci d\u016fchodci nedok\u00e1\u017e\u00ed pokr\u00fdt ani ty nejz\u00e1kladn\u011bj\u0161\u00ed \u017eivotn\u00ed pot\u0159eby. Zd\u00e1lo se mi to naprosto nepochopiteln\u00e9. Vypl\u00e1cen\u00ed d\u016fchod\u016f bylo za minul\u00e9ho re\u017eimu u n\u00e1s naprosto bezprobl\u00e9mov\u00e9, d\u016fchod ve sv\u00e9 v\u011bt\u0161in\u011b sta\u010dil na pokryt\u00ed \u017eivotn\u00edch n\u00e1klad\u016f, jako bylo bydlen\u00ed, strava, ale i kulturn\u00ed vy\u017eit\u00ed.<\/p>\n<p>Po p\u0159evratu, v\u00a0devades\u00e1t\u00fdch letech, d\u016fchodov\u00fd syst\u00e9m pokra\u010doval celkem bez probl\u00e9mu, s\u00a0jedinou v\u00fdjimkou. Po rozd\u011blen\u00ed \u010ceskoslovenska nastala hlubok\u00e1 nespravedlnost v\u00a0tom, \u017ee ve sm\u00ed\u0161en\u00fdch man\u017eelstv\u00edch \u010desko-slovensk\u00fdch, p\u0159i p\u0159est\u011bhov\u00e1n\u00ed jednoho z\u00a0man\u017eel\u016f do \u010cR, toho s\u00a0m\u00edstem narozen\u00ed v\u00a0\u010cR, tak druh\u00fd z\u00a0man\u017eel\u016f, ten nebo ta, co m\u011bl\/a m\u00edsto narozen\u00ed na Slovensku, a\u010dkoliv p\u0159isp\u00edval ve spole\u010dn\u00e9m st\u00e1t\u011b vzhledem k\u00a0v\u00fdd\u011blk\u016fm naprosto stejnou \u010d\u00e1stkou, tak vlivem rozd\u011blen\u00ed m\u011bny a jej\u00edho propadu na Slovensku dost\u00e1val v\u00fdrazn\u011b men\u0161\u00ed d\u016fchod ne\u017e ten, kter\u00fd se narodil v\u00a0\u010cR. A st\u00e1t t\u011bmto posti\u017een\u00fdm nevy\u0161el vst\u0159\u00edc \u017e\u00e1dnou \u010d\u00e1stkou, kter\u00e1 by dorovnala tuto nespravedlnost.<\/p>\n<p><a href=\"https:\/\/stranapro.cz\/\"><img decoding=\"async\" loading=\"lazy\" class=\"wp-image-30218 aligncenter\" src=\"http:\/\/www.infokuryr.cz\/n\/wp-content\/uploads\/2023\/06\/PRO-banner-300x36.png\" alt=\"\" width=\"1350\" height=\"162\" srcset=\"https:\/\/www.infokuryr.cz\/n\/wp-content\/uploads\/2023\/06\/PRO-banner-300x36.png 300w, https:\/\/www.infokuryr.cz\/n\/wp-content\/uploads\/2023\/06\/PRO-banner-768x93.png 768w, https:\/\/www.infokuryr.cz\/n\/wp-content\/uploads\/2023\/06\/PRO-banner.png 849w\" sizes=\"(max-width: 1350px) 100vw, 1350px\" \/><\/a><\/p>\n<p>Pomi\u0148me tyto v\u011bci, o kter\u00fdch v\u011bt\u0161ina na\u0161ich ob\u010dan\u016f nem\u00e1 \u017e\u00e1dn\u00e9 pov\u011bdom\u00ed. Ti, kter\u00fdch se to dotklo, to v\u0161ak vn\u00edmaj\u00ed jako hlubokou nespravedlnost. Rozd\u011blen\u00ed st\u00e1tu prob\u011bhlo pouze za \u00fa\u010dasti politick\u00fdch reprezentac\u00ed a st\u00e1le velk\u00e1 spousta lid\u00ed pova\u017euje toto rozd\u011blen\u00ed \u010cSR, st\u00e1tu T.\u00a0G.\u00a0Masaryka, Edvarda Bene\u0161e, Karla Kram\u00e1\u0159e, Aloise Ra\u0161\u00edna a dal\u0161\u00edch mu\u017e\u016f 28.\u00a0\u0159\u00edjna, za proti\u00fastavn\u00ed, proto\u017ee ob\u010dan\u016fm spole\u010dn\u00e9ho st\u00e1tu nebyla d\u00e1na mo\u017enost vyj\u00e1d\u0159it se o t\u00e9to z\u00e1sadn\u00ed v\u011bci v\u00a0referendu.<\/p>\n<p>Ale zp\u011bt k tomu, co jsem v n\u00e1zvu ozna\u010dil jako ukrajinizaci \u010cR. Mysl\u00edte, \u017ee bylo v minul\u00fdch dob\u00e1ch, a to nemysl\u00edm jenom v minul\u00e9m re\u017eimu, ale i do doby zcela ned\u00e1vn\u00e9, obvykl\u00e9, aby nedostali sv\u016fj zaslou\u017een\u00fd d\u016fchod ti, kte\u0159\u00ed na n\u011bj maj\u00ed n\u00e1rok a \u0159\u00e1dn\u011b sv\u016fj n\u00e1rok v \u010dase, kter\u00fd vyhovuje v\u0161em z\u00e1konn\u00fdm p\u0159edpis\u016fm, p\u00edsemn\u011b vyj\u00e1d\u0159ili? P\u0159es t\u0159i tis\u00edce lid\u00ed, a\u010dkoliv splnily ve\u0161ker\u00e9 z\u00e1konn\u00e9 podm\u00ednky pro v\u00fdplatu d\u016fchod\u016f, sv\u016fj d\u016fchod u\u017e n\u011bkolik m\u011bs\u00edc\u016f nedost\u00e1vaj\u00ed. Nav\u00edc mus\u00ed platit soci\u00e1ln\u00ed poji\u0161t\u011bn\u00ed, jako kdyby byli zam\u011bstnan\u00ed, a dost\u00e1vaj\u00ed upom\u00ednky a pokuty, \u017ee tak ne\u010din\u00ed.<\/p>\n<p>Co je jim platn\u00e9, \u017ee \u00fa\u0159ady nest\u00edhaj\u00ed. St\u00e1t, respektive ministerstvo pr\u00e1ce a soci\u00e1ln\u00edch v\u011bc\u00ed, m\u00e1 u\u010dinit n\u00e1pravu st\u00e1vaj\u00edc\u00edch probl\u00e9m\u016f. M\u00e1 nav\u00fd\u0161it po\u010det pracovn\u00edk\u016f na p\u0159\u00edslu\u0161n\u00e9m \u00fa\u0159ad\u011b tak, aby \u00fa\u0159ad byl schopen \u010dinit to, co m\u00e1 \u010dinit ze z\u00e1kona. Nav\u00edc v\u00a0r\u00e1mci \u00fasporn\u00fdch opat\u0159en\u00ed vl\u00e1dy chce ministr Jure\u010dka naopak sn\u00ed\u017eit stav zam\u011bstnanc\u016f \u00fa\u0159ad\u016f spadaj\u00edc\u00edch pod ono ministerstvo. To je p\u0159\u00edmo na jeho demisi. Evidentn\u011b nesta\u010d\u00ed zvl\u00e1dat tak n\u00e1ro\u010dn\u00fd \u00fakol, jako je \u0159\u00edzen\u00ed komplikovan\u00e9ho ministerstva pr\u00e1ce a soci\u00e1ln\u00edch v\u011bc\u00ed.<\/p>\n<p>Ale jak jsem sly\u0161el od n\u011bkter\u00fdch sv\u00fdch p\u0159\u00e1tel, farm\u00e1\u0159\u016f, nesta\u010dil ani na \u0159\u00edzen\u00ed oboru, kter\u00fd byl jeho \u017eivotn\u00ed n\u00e1pln\u00ed, to jest na \u0159\u00edzen\u00ed ministerstva zem\u011bd\u011blstv\u00ed. To se pak \u010dlov\u011bk nem\u016f\u017ee divit, \u017ee strana, jej\u00ed\u017e je p\u0159edsedou a jej\u00edmi\u017e voli\u010di jsou ve velk\u00e9 m\u00ed\u0159e i d\u016fchodci, KDU-\u010cSL, m\u00e1 tak mizern\u00e9 preference. \u0158ada lid\u00ed si myslela, \u017ee nem\u016f\u017ee b\u00fdt ministrem tohoto ministerstva n\u011bkdo hor\u0161\u00ed, ne\u017e byla Jana Mal\u00e1\u010dov\u00e1 z\u00a0\u010cSSD (SD). A ejhle. Zase se potvrzuje heslo \u00bba bude h\u016f\u0159\u00ab.<\/p>\n<p><strong>Petr Hannig, p\u0159edseda strany Rozumn\u00ed<\/strong><\/p>\n<p>&nbsp;<\/p>\n<p>&nbsp;<\/p>\n","protected":false},"excerpt":{"rendered":"<p>Kdy\u017e je\u0161t\u011b byly \u010dasy norm\u00e1ln\u00ed, nebyl covid a hysterie s\u00a0n\u00edm spojen\u00e1, jako umo\u017en\u011bn\u00ed p\u0159\u00edstupu do&#8230;<\/p>\n","protected":false},"author":2,"featured_media":33742,"comment_status":"closed","ping_status":"closed","sticky":false,"template":"","format":"standard","meta":[],"categories":[6],"tags":[76,5987,26],"_links":{"self":[{"href":"https:\/\/www.infokuryr.cz\/n\/wp-json\/wp\/v2\/posts\/36942"}],"collection":[{"href":"https:\/\/www.infokuryr.cz\/n\/wp-json\/wp\/v2\/posts"}],"about":[{"href":"https:\/\/www.infokuryr.cz\/n\/wp-json\/wp\/v2\/types\/post"}],"author":[{"embeddable":true,"href":"https:\/\/www.infokuryr.cz\/n\/wp-json\/wp\/v2\/users\/2"}],"replies":[{"embeddable":true,"href":"https:\/\/www.infokuryr.cz\/n\/wp-json\/wp\/v2\/comments?post=36942"}],"version-history":[{"count":0,"href":"https:\/\/www.infokuryr.cz\/n\/wp-json\/wp\/v2\/posts\/36942\/revisions"}],"wp:featuredmedia":[{"embeddable":true,"href":"https:\/\/www.infokuryr.cz\/n\/wp-json\/wp\/v2\/media\/33742"}],"wp:attachment":[{"href":"https:\/\/www.infokuryr.cz\/n\/wp-json\/wp\/v2\/media?parent=36942"}],"wp:term":[{"taxonomy":"category","embeddable":true,"href":"https:\/\/www.infokuryr.cz\/n\/wp-json\/wp\/v2\/categories?post=36942"},{"taxonomy":"post_tag","embeddable":true,"href":"https:\/\/www.infokuryr.cz\/n\/wp-json\/wp\/v2\/tags?post=36942"}],"curies":[{"name":"wp","href":"https:\/\/api.w.org\/{rel}","templated":true}]}}