{"id":36940,"date":"2023-09-26T01:01:48","date_gmt":"2023-09-25T23:01:48","guid":{"rendered":"http:\/\/www.infokuryr.cz\/n\/?p=36940"},"modified":"2023-09-25T18:08:59","modified_gmt":"2023-09-25T16:08:59","slug":"matthew-ehret-zapad-znicil-afriku-eurasie-ji-ozivi","status":"publish","type":"post","link":"https:\/\/www.infokuryr.cz\/n\/2023\/09\/26\/matthew-ehret-zapad-znicil-afriku-eurasie-ji-ozivi\/","title":{"rendered":"Matthew Ehret: Z\u00e1pad zni\u010dil Afriku, Eurasie ji o\u017eiv\u00ed"},"content":{"rendered":"<div id=\"fb-root\"><\/div>\n<div class=\"elementor-element elementor-element-1fb4c2c elementor-widget elementor-widget-theme-post-content\" data-id=\"1fb4c2c\" data-element_type=\"widget\" data-widget_type=\"theme-post-content.default\">\n<div class=\"elementor-widget-container\">\n<p><span>Renesance Afriky ji\u017e dob\u0159e prob\u00edh\u00e1 d\u00edky partnerstv\u00edm s euroasijsk\u00fdmi mocnostmi Ruskem a \u010c\u00ednou, jejich\u017e v\u00fdznamn\u00fd bezpe\u010dnostn\u00ed, ekonomick\u00fd a institucion\u00e1ln\u00ed p\u0159\u00ednos je vid\u011bt na cel\u00e9m kontinentu.<\/span><\/p>\n<p><span>V Africe panuje velk\u00e1 nespravedlnost, charakterizovan\u00e1 chudobou, v\u00e1lkami a hladomorem.\u00a0Navzdory politick\u00fdm zisk\u016fm po druh\u00e9 sv\u011btov\u00e9 v\u00e1lce z\u016fst\u00e1v\u00e1 ekonomick\u00e1 nez\u00e1vislost, z\u00e1kladn\u00ed sou\u010d\u00e1st skute\u010dn\u00e9 svobody, o kterou usilovali panafri\u010dt\u00ed v\u016fdci jako Kwame Nkrumah, Patrice Lumumba a Haile Selassie, nepolapiteln\u00e1.<\/span><\/p>\n<p><span>Po desetilet\u00edch restriktivn\u00edch p\u016fj\u010dek od MMF a Sv\u011btov\u00e9 banky na cel\u00e9m kontinentu nad\u00e1le p\u0159evl\u00e1d\u00e1 chudoba, hlad a konflikty.\u00a0Mnoz\u00ed to p\u0159ipisuj\u00ed probl\u00e9m\u016fm africk\u00e9ho vl\u00e1dnut\u00ed, ale ve skute\u010dnosti v\u011bdom\u00e1 imperi\u00e1ln\u00ed agenda brzdila rozvoj kontinentu ve v\u0161ech politick\u00fdch, ekonomick\u00fdch a bezpe\u010dnostn\u00edch oblastech.<\/span><\/p>\n<p class=\"has-medium-font-size\"><span style=\"font-size: 18pt;\"><strong>P\u0159evraty proti neokolonialismu<\/strong><\/span><\/p>\n<p><span>V posledn\u00edch letech se toho ale hodn\u011b zm\u011bnilo.\u00a0Rostouc\u00ed v\u00e1ha euroasijsk\u00fdch instituc\u00ed, kter\u00e9 zahrnuj\u00ed zem\u011b glob\u00e1ln\u00edho Jihu jako cenn\u00e9, integr\u00e1ln\u00ed a rovnopr\u00e1vn\u00e9 \u010dleny &#8211; BRICS+ a Velk\u00e9 euroasijsk\u00e9 partnerstv\u00ed jsou toho p\u0159\u00edkladem &#8211; d\u00e1v\u00e1 nad\u011bji, \u017ee star\u00e9 neokoloni\u00e1ln\u00ed okovy budou zlomeny a Afrika m\u016f\u017ee za\u017e\u00edt neru\u0161en\u00e1 renesance.<\/span><\/p>\n<p><span>Vzestup nov\u00e9ho glob\u00e1ln\u00edho p\u00f3lu, kter\u00fd zpochyb\u0148uje star\u00fd unipol\u00e1rn\u00ed \u0159\u00e1d, m\u011bl zna\u010dn\u00fd dopad v subsaharsk\u00e9 z\u00e1padn\u00ed Africe, kde v posledn\u00edch letech do\u0161lo k vln\u011b vojensk\u00fdch p\u0159evrat\u016f, kter\u00e9 nahradily moc re\u017eim\u016f, kter\u00e9 dlouho dominovaly Z\u00e1jmy z\u00e1padn\u00edch spole\u010dnost\u00ed byl postaven do pop\u0159ed\u00ed.<\/span><\/p>\n<p><span>K t\u011bmto p\u0159evrat\u016fm do\u0161lo v \u010cadu (duben 2021), Mali (kv\u011bten 2021), Guineji (z\u00e1\u0159\u00ed 2021), S\u00fad\u00e1nu (\u0159\u00edjen 2021), Burkin\u011b Faso (leden 2022), Nigeru (\u010dervenec 2023) a Gabonu (srpen 2023) \u2013 v\u0161echny zdroje bohat\u00e9 zem\u011b s neobvykle \u0161patn\u00fdmi \u017eivotn\u00edmi podm\u00ednkami.<\/span><\/p>\n<p><span>V Gabonu \u017eije v\u00edce ne\u017e 30 procent lid\u00ed za m\u00e9n\u011b ne\u017e 1 dolar na den, zat\u00edmco 60 procent region\u016f nem\u00e1 \u017e\u00e1dnou zdravotn\u00ed p\u00e9\u010di ani \u010distou pitnou vodu, p\u0159esto\u017ee zem\u011b je bohat\u00e1 na zlato, diamanty, mangan, uran, \u017eeleznou rudu, zemn\u00ed plyn a ropu v\u011bt\u0161inou monopolizuj\u00ed francouzsk\u00e9 spole\u010dnosti jako Eramat, Total a Ariva.<\/span><\/p>\n<p><span>Navzdory sv\u00e9mu bohatstv\u00ed na vz\u00e1cn\u00e9 zeminy, m\u011b\u010f, uran a zlato \u017eije 70 procent Malijc\u016f v naprost\u00e9 chudob\u011b.\u00a0V S\u00fad\u00e1nu, kter\u00fd je bohat\u00fd na ropu, \u00farodnou p\u016fdu a vodu, \u017eije 77 procent obyvatel pod hranic\u00ed chudoby.<\/span><\/p>\n<p><span>V Nigeru bohat\u00e9m na uran, kter\u00fd dod\u00e1v\u00e1 v\u00edce ne\u017e 35 procent paliva pro francouzsk\u00fd jadern\u00fd pr\u016fmysl (kter\u00fd tvo\u0159\u00ed 70 procent francouzsk\u00e9ho energetick\u00e9ho ko\u0161e) a je ovl\u00e1d\u00e1n p\u0159edev\u0161\u00edm francouzsk\u00fdm Orano, maj\u00ed p\u0159\u00edstup k elekt\u0159in\u011b pouze 3 procenta Nigerijc\u016f.\u00a0V \u201eb\u00fdval\u00e9\u201c francouzsk\u00e9 kolonii \u010cad je toto \u010d\u00edslo jen o n\u011bco m\u00e1lo vy\u0161\u0161\u00ed, a to 9 procent, a v Burkin\u011b Faso je to st\u00e1le nep\u0159ijateln\u00fdch 20 procent.<\/span><\/p>\n<p><span>Zat\u00edmco Antikov\u00e9 zoufale hledaj\u00ed zp\u016fsoby, jak zapustit sv\u00e9 dr\u00e1py do africk\u00e9ho kontinentu a jeho bohat\u00e9ho bohatstv\u00ed, v Eurasii se v posledn\u00edch letech objevilo mnohem zdrav\u011bj\u0161\u00ed bezpe\u010dnostn\u00ed paradigma.<\/span><\/p>\n<p class=\"has-medium-font-size\"><span style=\"font-size: 18pt;\"><strong>Nov\u00e9 bezpe\u010dnostn\u00ed paradigma pro Afriku a sv\u011bt<\/strong><\/span><\/p>\n<p><span>Od p\u0159evratu v Mali v roce 2021 rusk\u00e1 vojensk\u00e1 podpora raketov\u011b vzrostla: byly dod\u00e1ny \u010detn\u00e9 st\u00edha\u010dky a tureck\u00e9 bezpilotn\u00ed letouny a ru\u0161t\u00ed vojen\u0161t\u00ed poradci poskytli st\u00e1tu v\u00fdznamnou pomoc.<\/span><\/p>\n<p><span>Tento p\u0159\u00edstup odr\u00e1\u017e\u00ed strategii Moskvy v jin\u00fdch konfliktn\u00edch zem\u00edch, jako je S\u00fdrie, kde se zam\u011b\u0159uje na vyko\u0159en\u011bn\u00ed terorismu a podporu legitimn\u00edch vl\u00e1d.<\/span><\/p>\n<p><span>V roce 2022 bylo 400 rusk\u00fdch voj\u00e1k\u016f nasazeno do Mali zamo\u0159en\u00e9ho Boko Haram pot\u00e9, co tamn\u00ed francouz\u0161t\u00ed voj\u00e1ci byli obvin\u011bni z boje proti terorist\u016fm \u00fadajn\u011b napojen\u00fdm na Al-K\u00e1idu.\u00a0Tento krok znamenal v\u00fdznamnou zm\u011bnu v dynamice bezpe\u010dnosti v regionu.<\/span><\/p>\n<p><span>Navzdory rozs\u00e1hl\u00e9 p\u0159\u00edtomnosti americk\u00fdch a francouzsk\u00fdch vojensk\u00fdch z\u00e1kladen po cel\u00e9 Africe a zna\u010dn\u00fdm finan\u010dn\u00edm investic\u00edm do \u201eboje proti terorismu\u201c na kontinentu se n\u00e1sil\u00ed militant\u016f nad\u00e1le dramaticky stup\u0148uje, p\u0159i\u010dem\u017e po\u010det teroristick\u00fdch \u00fatok\u016f v subsaharsk\u00e9 Africe vzrostl o 8 ve srovn\u00e1n\u00ed s v p\u0159edchoz\u00edm roce procento vzrostlo.<\/span><\/p>\n<p><span>Loni se subsaharsk\u00e9 zem\u011b pod\u00edlely na 60 procentech v\u0161ech \u00famrt\u00ed souvisej\u00edc\u00edch s terorismem.\u00a0Zpr\u00e1va Africk\u00e9ho centra pro strategick\u00e1 studia z roku 2021 zjistila, \u017ee 18 000 konflikt\u016f postihlo subsaharsk\u00e9 st\u00e1ty, co\u017e m\u011blo za n\u00e1sledek v\u00edce ne\u017e 32 milion\u016f vys\u00eddlen\u00fdch lid\u00ed a uprchl\u00edk\u016f.<\/span><\/p>\n<div class=\"wp-block-image\" style=\"text-align: center;\">\n<figure class=\"aligncenter size-large\"><img decoding=\"async\" class=\"jetpack-lazy-image jetpack-lazy-image--handled aligncenter\" src=\"https:\/\/i0.wp.com\/thecradle-main.oss-eu-central-1.aliyuncs.com\/public\/articles_media\/87b89360-56e9-11ee-aac1-00163e02c055.png?w=800\" alt=\"\" data-recalc-dims=\"1\" data-lazy-loaded=\"1\" \/><figcaption class=\"wp-element-caption\"><em>Mapa africk\u00fdch zem\u00ed s nejvy\u0161\u0161\u00edm pod\u00edlem nucen\u00e9ho vys\u00eddlen\u00ed<\/em><\/figcaption><\/figure>\n<\/div>\n<p><span>Rusko se v posledn\u00edch letech etablovalo jako spolehliv\u00fd podporovatel africk\u00fdch vl\u00e1d a vyu\u017e\u00edv\u00e1 sv\u016fj vysp\u011bl\u00fd obrann\u00fd pr\u016fmysl a vojensk\u00e9 zpravodajsk\u00e9 kapacity.\u00a0Usiluje o podporu spolupr\u00e1ce a rozvoje spole\u010dn\u011b s \u010c\u00ednou a \u0161ir\u0161\u00ed skupinou BRICS+, \u010d\u00edm\u017e vytv\u00e1\u0159\u00ed p\u0159\u00edzniv\u011bj\u0161\u00ed prost\u0159ed\u00ed pro vz\u00e1jemn\u00fd r\u016fst.<\/span><\/p>\n<p><span>Zat\u00edmco Z\u00e1pad vykresluje Rusko jako slab\u00e9 a izolovan\u00e9, skute\u010dnost, \u017ee na druh\u00e9m summitu Afrika-Rusko v \u010dervenci 2023 bylo p\u0159\u00edtomno 49 africk\u00fdch st\u00e1t\u016f, vykresluje zcela odli\u0161n\u00fd obr\u00e1zek.<\/span><\/p>\n<p><span>Rusko se tak\u00e9 stalo hlavn\u00edm dodavatelem zbran\u00ed pro Afriku \u2013 v letech 2017\u20132022 p\u0159edstavovalo 44 procent dovozu zbran\u00ed \u2013 a podepsalo vojensko-technick\u00e9 dohody se 40 africk\u00fdmi st\u00e1ty.\u00a0Krom\u011b toho Moskva provedla spole\u010dn\u00e1 vojensk\u00e1 cvi\u010den\u00ed se zem\u011bmi jako Egypt, Al\u017e\u00edrsko, Ji\u017en\u00ed Afrika (ve spolupr\u00e1ci s \u010c\u00ednou) a Tunisko.<\/span><\/p>\n<div class=\"wp-block-image\" style=\"text-align: center;\">\n<figure class=\"aligncenter size-large\"><img decoding=\"async\" class=\"jetpack-lazy-image jetpack-lazy-image--handled aligncenter\" src=\"https:\/\/i0.wp.com\/thecradle-main.oss-eu-central-1.aliyuncs.com\/public\/articles_media\/d2465d3a-56f9-11ee-bad4-00163e02c055.png?w=800\" alt=\"\" data-recalc-dims=\"1\" data-lazy-loaded=\"1\" \/><figcaption class=\"wp-element-caption\"><em>Mapa africk\u00fdch st\u00e1t\u016f, kter\u00e9 udr\u017euj\u00ed vojenskou spolupr\u00e1ci s Ruskem<\/em><\/figcaption><\/figure>\n<\/div>\n<div class=\"wp-block-image\" style=\"text-align: center;\">\n<figure class=\"aligncenter size-large\"><img decoding=\"async\" class=\"jetpack-lazy-image jetpack-lazy-image--handled aligncenter\" src=\"https:\/\/i0.wp.com\/thecradle-main.oss-eu-central-1.aliyuncs.com\/public\/articles_media\/b4a0f6b4-56f9-11ee-b2a5-00163e02c055.png?w=800\" alt=\"\" data-recalc-dims=\"1\" data-lazy-loaded=\"1\" \/><figcaption class=\"wp-element-caption\"><em>Mapa africk\u00fdch st\u00e1t\u016f, kter\u00e9 udr\u017euj\u00ed vojensko-technickou spolupr\u00e1ci s Ruskem<\/em><\/figcaption><\/figure>\n<\/div>\n<p class=\"has-medium-font-size\"><span style=\"font-size: 18pt;\"><strong>Alternativa k \u0159\u00e1du zalo\u017een\u00e9mu na pravidlech<\/strong><\/span><\/p>\n<p><span>Na 11. mezin\u00e1rodn\u00edm setk\u00e1n\u00ed vysok\u00fdch p\u0159edstavitel\u016f pro bezpe\u010dnostn\u00ed z\u00e1le\u017eitosti v kv\u011btnu 2023 rusk\u00fd prezident Vladimir Putin zopakoval c\u00edle vize sv\u00e9 zem\u011b a prohl\u00e1sil, \u017ee n\u00e1rody spolupracuj\u00ed na \u201epos\u00edlen\u00ed stability ve sv\u011bt\u011b, d\u016fsledn\u011b buduj\u00ed jednotn\u00fd, ned\u011bliteln\u00fd bezpe\u010dnostn\u00ed syst\u00e9m a \u0159e\u0161en\u00ed nejd\u016fle\u017eit\u011bj\u0161\u00edch \u00fakol\u016f k zaji\u0161t\u011bn\u00ed hospod\u00e1\u0159sk\u00e9ho, technologick\u00e9ho a soci\u00e1ln\u00edho rozvoje\u201c.<\/span><\/p>\n<p><span>Rusk\u00fd v\u016fdce pouk\u00e1zal na pot\u0159ebu vytvo\u0159it \u201espravedliv\u011bj\u0161\u00ed multipol\u00e1rn\u00ed sv\u011bt a \u017ee ideologie exkluzivity a neokoloni\u00e1ln\u00ed syst\u00e9m, kter\u00fd umo\u017enil vyu\u017e\u00edv\u00e1n\u00ed sv\u011btov\u00fdch zdroj\u016f, se nevyhnuteln\u011b stanou minulost\u00ed\u201c.<\/span><\/p>\n<p><span>Od 28. srpna do 2. z\u00e1\u0159\u00ed se 50 africk\u00fdch \u0161\u00e9f\u016f obrany a 100 vysok\u00fdch p\u0159edstavitel\u016f Africk\u00e9 unie z\u00fa\u010dastnilo \u010c\u00ednsko-africk\u00e9ho m\u00edrov\u00e9ho a bezpe\u010dnostn\u00edho f\u00f3ra, kter\u00e9 se konalo v r\u00e1mci t\u00e9matu \u201eImplementace glob\u00e1ln\u00ed bezpe\u010dnostn\u00ed iniciativy a pos\u00edlen\u00ed afro-\u010d\u00ednsk\u00e9 solidarity a spolupr\u00e1ce\u201c. \u0159\u00e1d zalo\u017een\u00fd na pravidlech.<\/span><\/p>\n<p><span>\u010c\u00ednsk\u00fd vojensk\u00fd expert Song Zhongping citoval\u00a0<\/span><em><span>Global Times<\/span><\/em><span>\u00a0:<\/span><\/p>\n<p><em><strong><span>&#8222;\u010c\u00edna nebude zasahovat do vnit\u0159n\u00edch z\u00e1le\u017eitost\u00ed africk\u00fdch zem\u00ed, ale budeme podporovat africk\u00e9 n\u00e1rody p\u0159i budov\u00e1n\u00ed obrann\u00fdch vojensk\u00fdch kapacit a jsme tak\u00e9 ochotni pos\u00edlit spolupr\u00e1ci s africk\u00fdmi zem\u011bmi v oblasti boje proti terorismu a dal\u0161\u00edch netradi\u010dn\u00edch bezpe\u010dnostn\u00edch ot\u00e1zek.&#8220;<\/span><\/strong><\/em><\/p>\n<p class=\"has-medium-font-size\"><span style=\"font-size: 18pt;\"><strong>Udr\u017eiteln\u00e1 bezpe\u010dnost znamen\u00e1 ekonomick\u00fd rozvoj<\/strong><\/span><\/p>\n<p><span>Boj proti destruktivn\u00edm \u00fa\u010dink\u016fm imperialismu se m\u016f\u017ee zd\u00e1t skli\u010duj\u00edc\u00ed, zvl\u00e1\u0161t\u011b kdy\u017e se na n\u011bj d\u00edv\u00e1me pouze optikou arm\u00e1dy.\u00a0Rostouc\u00ed vliv velk\u00fdch multipol\u00e1rn\u00edch instituc\u00ed v\u0161ak nab\u00edz\u00ed d\u016fle\u017eitou cestu vp\u0159ed zalo\u017eenou na konsensu, kde se \u010dlenstv\u00ed po\u010d\u00edt\u00e1.<\/span><\/p>\n<p><span>BRICS+ se nap\u0159\u00edklad staral o strategick\u00e9 p\u0159ij\u00edm\u00e1n\u00ed nov\u00fdch \u010dlen\u016f.\u00a0Za posledn\u00ed m\u011bs\u00edc se organizace rozrostla z p\u011bti na 11 \u010dlen\u016f, do kter\u00e9 nyn\u00ed pat\u0159\u00ed t\u0159i geostrategicky v\u00fdznamn\u00e9 africk\u00e9 st\u00e1ty Egypt, Ji\u017en\u00ed Afrika a Etiopie a tak\u00e9 z\u00e1padoasijsk\u00e9 energetick\u00e9 velmoci \u00cdr\u00e1n, Sa\u00fadsk\u00e1 Ar\u00e1bie a Spojen\u00e9 arabsk\u00e9 emir\u00e1ty s rozs\u00e1hl\u00fdmi z\u00e1jmy v Africe.<\/span><\/p>\n<p><span>A pak je tu \u010c\u00ednsk\u00e1 glob\u00e1ln\u00ed bezpe\u010dnostn\u00ed iniciativa, p\u0159edstaven\u00e1 v dubnu 2022, kter\u00e1 p\u0159edstavuje mnohem v\u00edc ne\u017e jen nez\u00e1padn\u00ed bezpe\u010dnostn\u00ed doktr\u00ednu.\u00a0Zt\u011bles\u0148uje z\u00e1sadn\u011b odli\u0161n\u00e9 paradigma, kter\u00e9 ve sv\u00e9m j\u00e1dru zd\u016fraz\u0148uje ekonomick\u00fd rozvoj jako z\u00e1klad dlouhodob\u00e9ho strategick\u00e9ho m\u00edru.<\/span><\/p>\n<p><span>Peking nejen slovy podpo\u0159il c\u00edle Africk\u00e9 agendy 2063 Africk\u00e9 unie, ale p\u0159isp\u011bl v\u00edce ne\u017e kter\u00e1koli jin\u00e1 zem\u011b k realizaci t\u011bchto ambici\u00f3zn\u00edch c\u00edl\u016f, kter\u00fdmi jsou \u201ejednota, sebeur\u010den\u00ed, svoboda, pokrok a kolektivn\u00ed prosperita v r\u00e1mci r\u00e1mec panafrikanismu a afrikanismu.\u201c \u201eRenesance\u201c.<\/span><\/p>\n<p><span>B\u011bhem posledn\u00edho desetilet\u00ed \u010c\u00edna prosadila politiku rozvoje \u017eelezni\u010dn\u00ed dopravy, konektivity a budov\u00e1n\u00ed pr\u016fmyslov\u00fdch kapacit, \u0161kolen\u00ed a budov\u00e1n\u00ed kapacit v partnersk\u00fdch zem\u00edch.\u00a0Za tu dobu vzrostl obchod s Afrikou na 282 miliard dolar\u016f v roce 2022, co\u017e je 11procentn\u00ed n\u00e1r\u016fst oproti p\u0159edchoz\u00edmu roku \u2013 co\u017e je \u010d\u00edslo v\u00edce ne\u017e \u010dty\u0159ikr\u00e1t vy\u0161\u0161\u00ed, ne\u017e obchod USA s Afrikou v roce 2022 zaznamenal hodnotu 63 miliard dolar\u016f.<\/span><\/p>\n<p><span>Za stejnou dek\u00e1du \u010d\u00ednsk\u00e9 spole\u010dnosti z\u00edskaly zak\u00e1zky v hodnot\u011b 700 miliard dolar\u016f na vybudov\u00e1n\u00ed energetick\u00fdch syst\u00e9m\u016f, dopravn\u00edch s\u00edt\u00ed, v\u00fdrobn\u00edch center, p\u0159\u00edstav\u016f, telekomunikac\u00ed, letectv\u00ed, financ\u00ed a r\u016fzn\u00fdch m\u011bkk\u00fdch infrastruktur.<\/span><\/p>\n<p><span>Navzdory v\u00fdzv\u00e1m, kter\u00e9 p\u0159edstavuj\u00ed z\u00e1padn\u00ed intervence, se \u010c\u00edn\u011b poda\u0159ilo na kontinentu vybudovat 6000 kilometr\u016f \u017eeleznic, 6000 kilometr\u016f silnic, 20 p\u0159\u00edstav\u016f, 80 velk\u00fdch elektr\u00e1ren, 130 nemocnic a 170 \u0161kol.<\/span><\/p>\n<p><span>Zat\u00edmco n\u011bkter\u00e9 z\u00e1padn\u00ed \u201edemokracie\u201c se po pu\u010di v Nigeru uch\u00fdlily k hrozb\u011b vojensk\u00e9 intervence, represivn\u00edch opat\u0159en\u00ed nebo atent\u00e1tu, \u010c\u00edna p\u0159evzala roli m\u00edrov\u00e9ho zprost\u0159edkovatele a zopakovala sv\u016fj z\u00e1vazek pokra\u010dovat ve v\u0161ech projektech v Nigeru, v\u010detn\u011b kl\u00ed\u010dov\u00e9ho 2000 kilometr\u016f dlouh\u00e9ho ropovodu. p\u0159epravuj\u00edc\u00ed ropu z pol\u00ed Agadem do p\u0159\u00edstavu Seme v Beninu.<\/span><\/p>\n<p><span>Tento ropovod, kter\u00fd je v sou\u010dasnosti ze t\u0159\u00ed \u010dtvrtin dokon\u010den, po dokon\u010den\u00ed zv\u00fd\u0161\u00ed produkci ropy v Nigeru o 450 procent.<\/span><\/p>\n<p><span>V Tanzanii uspo\u0159\u00e1dala \u010d\u00ednsk\u00e1 vl\u00e1da 25. srpna konferenci China-Africa Vision, na kter\u00e9 byly prezentov\u00e1ny r\u016fzn\u00e9 ekonomick\u00e9 iniciativy.\u00a0Vrcholem v\u0161ak byla \u017eeleznice Tanzanie \u2013 Burundi \u2013 Demokratick\u00e1 republika Kongo, kter\u00e1 se pravd\u011bpodobn\u011b stane prvn\u00ed z n\u011bkolika velk\u00fdch transkontinent\u00e1ln\u00edch \u017eeleznic nast\u00edn\u011bn\u00fdch ve zpr\u00e1v\u011b Afrika Agenda 2063.<\/span><\/p>\n<div class=\"wp-block-image\">\n<figure class=\"aligncenter size-large\"><img decoding=\"async\" class=\"jetpack-lazy-image jetpack-lazy-image--handled aligncenter\" src=\"https:\/\/i0.wp.com\/thecradle-main.oss-eu-central-1.aliyuncs.com\/public\/articles_media\/ea078954-56e9-11ee-916a-00163e02c055.png?w=800\" alt=\"\" data-recalc-dims=\"1\" data-lazy-loaded=\"1\" \/><figcaption class=\"wp-element-caption\"><em>Mapa \u017eelezni\u010dn\u00edch koridor\u016f v Africe<\/em><\/figcaption><\/figure>\n<\/div>\n<p><span>Dal\u0161\u00edm d\u016fle\u017eit\u00fdm v\u00fdvojem je v\u00fdstavba severn\u00edch \u00fasek\u016f v\u00fdchodo-z\u00e1padn\u00edch \u017eelezni\u010dn\u00edch trat\u00ed kontinentu.\u00a0Elektrifikovan\u00e1 \u017eeleznice D\u017eibutsko-Addis Abeba, dokon\u010den\u00e1 v roce 2018, je z\u00e1kladn\u00edm kamenem d\u016fle\u017eit\u00e9ho \u017eelezni\u010dn\u00edho koridoru spojuj\u00edc\u00edho Senegal, Mali, Niger, \u010cad, Burkina Faso, Nig\u00e9rii, Kamerun, S\u00fad\u00e1n, Etiopii a D\u017eibuti a usnad\u0148uje obchod a hospod\u00e1\u0159sk\u00fd r\u016fst v cel\u00e9 subsaharsk\u00e9 oblasti. Afrika.<\/span><\/p>\n<p><span>Prodlou\u017een\u00ed transafrick\u00e9 \u017eelezni\u010dn\u00ed trat\u011b p\u0159es 29 km dlouh\u00fd pr\u016fliv Bab el-Mandeb spojuj\u00edc\u00ed D\u017eibutsko s Jemenem a jeho n\u00e1sledn\u00e9 napojen\u00ed na vysokorychlostn\u00ed \u017eeleznici Persk\u00fd z\u00e1liv-Rud\u00e9 mo\u0159e, kter\u00e1 se pr\u00e1v\u011b stav\u00ed, je skute\u010dn\u011b vzru\u0161uj\u00edc\u00ed perspektivou.\u00a0Pokra\u010duj\u00edc\u00ed \u00fasil\u00ed \u010c\u00edny v tomto ohledu pokl\u00e1d\u00e1 z\u00e1klad pro komplexn\u00ed kontinent\u00e1ln\u00ed harmonii.<\/span><\/p>\n<div class=\"wp-block-image\">\n<figure class=\"aligncenter size-large\"><img decoding=\"async\" class=\"jetpack-lazy-image jetpack-lazy-image--handled aligncenter\" src=\"https:\/\/i0.wp.com\/thecradle-main.oss-eu-central-1.aliyuncs.com\/public\/articles_media\/06a7791e-56f6-11ee-8c7f-00163e02c055.png?w=800\" alt=\"\" data-recalc-dims=\"1\" data-lazy-loaded=\"1\" \/><\/figure>\n<\/div>\n<p><span>\u010c\u00edna buduje africkou iniciativu BRI (Belt and Road Initiative) po \u010d\u00e1stech, v\u010detn\u011b trasy dlouh\u00e9 1 228 km spojuj\u00edc\u00ed Dakar v Senegalu s Bamakem v Mali a 283 km trasy spojuj\u00edc\u00ed vnitrozemsk\u00fd Niger s Nig\u00e9ri\u00ed je ve fin\u00e1ln\u00ed f\u00e1zi v\u00fdstavby.<\/span><\/p>\n<p><span>Vzhledem k tomu, \u017ee se tento projekt nad\u00e1le roz\u0161i\u0159uje, pravd\u011bpodobn\u011b vzniknou p\u0159ivad\u011b\u010de do dal\u0161\u00edch vnitrozemsk\u00fdch africk\u00fdch zem\u00ed a p\u0159\u00edstav\u016f pod\u00e9l atlantick\u00e9ho pob\u0159e\u017e\u00ed, co\u017e zlep\u0161\u00ed konektivitu a obchod nap\u0159\u00ed\u010d kontinentem.<\/span><\/p>\n<p><span>V srpnu Ke\u0148a a Uganda ozn\u00e1mily spu\u0161t\u011bn\u00ed \u017eelezni\u010dn\u00ed trat\u011b se standardn\u00edm rozchodem v hodnot\u011b 6 miliard USD jako sou\u010d\u00e1st projektu integrace severn\u00edho koridoru v\u00fdchodoafrick\u00fdch st\u00e1t\u016f, \u010d\u00edm\u017e se prodlou\u017e\u00ed st\u00e1vaj\u00edc\u00ed tra\u0165 Mombasa-Nairobi-Naivasha postaven\u00e1 \u010c\u00ednou v roce 2018 do Kampaly v Ugand\u011b v Kigali. ve Rwand\u011b a pot\u00e9 se roz\u0161\u00ed\u0159il do Ji\u017en\u00edho S\u00fad\u00e1nu a Etiopie.\u00a0Nakonec se napoj\u00ed na rod\u00edc\u00ed se \u017eelezni\u010dn\u00ed tra\u0165 D\u017eibutsko-Dakar, kter\u00e1 d\u00e1le spoj\u00ed v\u00fdchodn\u00ed a z\u00e1padn\u00ed Afriku.<\/span><\/p>\n<p class=\"has-medium-font-size\"><span style=\"font-size: 18pt;\"><strong>Severoji\u017en\u00ed rozvoj v Africe<\/strong><\/span><\/p>\n<p><span>V severn\u00ed Africe maj\u00ed t\u0159i severoji\u017en\u00ed \u017eelezni\u010dn\u00ed trat\u011b uveden\u00e9 ve vizi Africk\u00e9 agendy 2063 strategick\u00e9 p\u0159\u00edstavy v Al\u017e\u00edrsku, Egypt\u011b a Maroku, aby se usnadnil obchod s Evropou.\u00a0Bl\u00ed\u017e\u00edc\u00ed se vstup Egypta do BRICS+ v lednu 2024 a mo\u017en\u00e9 budouc\u00ed p\u0159ijet\u00ed Al\u017e\u00edrska jsou zn\u00e1mkou rostouc\u00edho geopolitick\u00e9ho v\u00fdznamu severn\u00ed Afriky jako centra pr\u016fmyslov\u00e9ho r\u016fstu a br\u00e1ny mezi Afrikou, Evropou a srdcem Eurasie.<\/span><\/p>\n<p><span>Egypt je druh\u00e1 nejv\u011bt\u0161\u00ed ekonomika Afriky s HDP 475 miliard dolar\u016f a m\u00e1 strategickou br\u00e1nu do srdce zem\u011b a Evropy p\u0159es pozemn\u00ed i n\u00e1mo\u0159n\u00ed cesty.\u00a0\u010c\u00edna tak\u00e9 pom\u00e1h\u00e1 budovat egyptskou vysokorychlostn\u00ed \u017eelezni\u010dn\u00ed s\u00ed\u0165 spolu s n\u011bmeck\u00fdmi firmami a je v\u00fdznamn\u00fdm investorem v egyptsk\u00fdch p\u0159\u00edstavech Alexandrie, Abu Qir a El Dekheila, kter\u00e9 jsou napojeny na z\u00e1sobovac\u00ed linky do Evropy, kde m\u00e1 \u010c\u00edna v\u011bt\u0161inov\u00fd pod\u00edl ve spole\u010dnosti. \u0158eck\u00fd p\u0159\u00edstav Pireus.<\/span><\/p>\n<p><span>Maroko, kter\u00e9 \u00fasp\u011b\u0161n\u011b vybudovalo prvn\u00ed africkou vysokorychlostn\u00ed \u017eeleznici (Al Boraq) s financov\u00e1n\u00edm z Francie, Spojen\u00fdch arabsk\u00fdch emir\u00e1t\u016f, Sa\u00fadsk\u00e9 Ar\u00e1bie a Kuvajtu, tak\u00e9 vybudovalo nejv\u011bt\u0161\u00ed p\u0159\u00edstav ve St\u0159edozemn\u00edm mo\u0159i \u2013 Tanger Med Port \u2013 s \u010c\u00ednou vlastn\u00ed 40 procent. bylo financov\u00e1no roz\u0161\u00ed\u0159en\u00ed p\u0159\u00edstavu.\u00a0Tato vysp\u011bl\u00e1 dopravn\u00ed s\u00ed\u0165 inspirovala evropsk\u00e9 v\u00fdrobce automobil\u016f jako Groupe Renault a Groupe PSA k zalo\u017een\u00ed tov\u00e1ren v regionu.<\/span><\/p>\n<p><span>\u010c\u00edna sice v Maroku nepostavila \u017e\u00e1dn\u00e9 z\u00e1vody na v\u00fdrobu automobil\u016f, ale vybudovala masivn\u00ed sl\u00e9v\u00e1rnu hlin\u00edku za 400 milion\u016f dolar\u016f, kter\u00e1 dod\u00e1v\u00e1 materi\u00e1ly francouzsk\u00e9 automobilce Peugeot, a p\u0159esto\u017ee \u010c\u00edna nez\u00edskala zak\u00e1zku na prvn\u00ed f\u00e1zi marock\u00e9 vysokorychlostn\u00ed \u017eelezni\u010dn\u00ed s\u00edt\u011b, pl\u00e1nuje p\u0159evz\u00edt veden\u00ed v nadch\u00e1zej\u00edc\u00edch roz\u0161\u00ed\u0159en\u00edch.<\/span><\/p>\n<p><span>Pokud jde o energetickou geopolitiku, rusk\u00e1 spole\u010dnost Rosn\u011bf\u0165 m\u00e1 pod\u00edl v egyptsk\u00e9m pob\u0159e\u017en\u00edm nalezi\u0161ti zemn\u00edho plynu Zohr a v \u010dervnu 2022 rusk\u00e1 spole\u010dnost Rosatom zah\u00e1jila v\u00fdstavbu reaktoru t\u0159et\u00ed generace v El Dabaa, kter\u00fd m\u00e1 za\u010d\u00edt vyr\u00e1b\u011bt energii v roce 2026.\u00a0Rusko m\u00e1 tak\u00e9 pod\u00edl 2,3 miliardy dolar\u016f v petrochemick\u00e9m komplexu a ropn\u00e9 rafin\u00e9rii v Maroku a Rosatom prov\u00e1d\u00ed studie pro marock\u00e9 odsolovac\u00ed z\u00e1vody.<\/span><\/p>\n<p><span>Afrika je nepopirateln\u011b v pohybu a snaha o ekonomickou nez\u00e1vislost, kterou koloni\u00e1ln\u00ed mocnosti dlouho pop\u00edraly, je kone\u010dn\u011b na vzestupu.\u00a0Vznik multipol\u00e1rn\u00edho \u0159\u00e1du, v n\u011bm\u017e st\u00e1ty starov\u011bk\u00fdch civilizac\u00ed spolupracuj\u00ed a dodr\u017euj\u00ed p\u0159\u00edrodn\u00ed z\u00e1kony, nab\u00edz\u00ed nad\u011bji na post-hobbesovsk\u00fd \u0159\u00e1d, kter\u00fd n\u00e1s p\u0159ibli\u017euje spravedliv\u011bj\u0161\u00edmu a harmoni\u010dt\u011bj\u0161\u00edmu sv\u011btu.<\/span><\/p>\n<\/div>\n<\/div>\n<div class=\"elementor-element elementor-element-8c57238 quelle dc-has-condition dc-condition-empty elementor-widget elementor-widget-heading\" data-id=\"8c57238\" data-element_type=\"widget\" data-widget_type=\"heading.default\">\n<div class=\"elementor-widget-container\">\n<h3 class=\"elementor-heading-title elementor-size-default\"><span style=\"font-size: 8pt;\"><a href=\"https:\/\/new.thecradle.co\/articles\/the-west-destroyed-africa-eurasia-will-revive-it?utm_source=pocket_saves\" target=\"_blank\" rel=\"nofollow noopener\">ZDROJ<\/a><\/span><\/h3>\n<\/div>\n<\/div>\n<p>&nbsp;<\/p>\n<p><a href=\"https:\/\/stranapro.cz\/\"><img decoding=\"async\" loading=\"lazy\" class=\"wp-image-30218 aligncenter\" src=\"http:\/\/www.infokuryr.cz\/n\/wp-content\/uploads\/2023\/06\/PRO-banner-300x36.png\" alt=\"\" width=\"1375\" height=\"165\" srcset=\"https:\/\/www.infokuryr.cz\/n\/wp-content\/uploads\/2023\/06\/PRO-banner-300x36.png 300w, https:\/\/www.infokuryr.cz\/n\/wp-content\/uploads\/2023\/06\/PRO-banner-768x93.png 768w, https:\/\/www.infokuryr.cz\/n\/wp-content\/uploads\/2023\/06\/PRO-banner.png 849w\" sizes=\"(max-width: 1375px) 100vw, 1375px\" \/><\/a><\/p>\n<p>&nbsp;<\/p>\n<p>&nbsp;<\/p>\n<p>&nbsp;<\/p>\n","protected":false},"excerpt":{"rendered":"<p>Renesance Afriky ji\u017e dob\u0159e prob\u00edh\u00e1 d\u00edky partnerstv\u00edm s euroasijsk\u00fdmi mocnostmi Ruskem a \u010c\u00ednou, jejich\u017e v\u00fdznamn\u00fd&#8230;<\/p>\n","protected":false},"author":2,"featured_media":24645,"comment_status":"closed","ping_status":"closed","sticky":false,"template":"","format":"standard","meta":[],"categories":[7],"tags":[1271,30,22,365],"_links":{"self":[{"href":"https:\/\/www.infokuryr.cz\/n\/wp-json\/wp\/v2\/posts\/36940"}],"collection":[{"href":"https:\/\/www.infokuryr.cz\/n\/wp-json\/wp\/v2\/posts"}],"about":[{"href":"https:\/\/www.infokuryr.cz\/n\/wp-json\/wp\/v2\/types\/post"}],"author":[{"embeddable":true,"href":"https:\/\/www.infokuryr.cz\/n\/wp-json\/wp\/v2\/users\/2"}],"replies":[{"embeddable":true,"href":"https:\/\/www.infokuryr.cz\/n\/wp-json\/wp\/v2\/comments?post=36940"}],"version-history":[{"count":1,"href":"https:\/\/www.infokuryr.cz\/n\/wp-json\/wp\/v2\/posts\/36940\/revisions"}],"predecessor-version":[{"id":36941,"href":"https:\/\/www.infokuryr.cz\/n\/wp-json\/wp\/v2\/posts\/36940\/revisions\/36941"}],"wp:featuredmedia":[{"embeddable":true,"href":"https:\/\/www.infokuryr.cz\/n\/wp-json\/wp\/v2\/media\/24645"}],"wp:attachment":[{"href":"https:\/\/www.infokuryr.cz\/n\/wp-json\/wp\/v2\/media?parent=36940"}],"wp:term":[{"taxonomy":"category","embeddable":true,"href":"https:\/\/www.infokuryr.cz\/n\/wp-json\/wp\/v2\/categories?post=36940"},{"taxonomy":"post_tag","embeddable":true,"href":"https:\/\/www.infokuryr.cz\/n\/wp-json\/wp\/v2\/tags?post=36940"}],"curies":[{"name":"wp","href":"https:\/\/api.w.org\/{rel}","templated":true}]}}