{"id":36929,"date":"2023-09-25T07:00:53","date_gmt":"2023-09-25T05:00:53","guid":{"rendered":"http:\/\/www.infokuryr.cz\/n\/?p=36929"},"modified":"2023-09-25T07:00:53","modified_gmt":"2023-09-25T05:00:53","slug":"jindrich-kulhavy-svet-uz-je-rozdelen","status":"publish","type":"post","link":"https:\/\/www.infokuryr.cz\/n\/2023\/09\/25\/jindrich-kulhavy-svet-uz-je-rozdelen\/","title":{"rendered":"Jind\u0159ich Kulhav\u00fd: Sv\u011bt u\u017e je rozd\u011blen?"},"content":{"rendered":"<div id=\"fb-root\"><\/div>\n<p><span class=\"anotation\">Na na\u0161ich str\u00e1nk\u00e1ch se \u010dasto zab\u00fdv\u00e1me na\u0161\u00ed politickou a ekonomickou situac\u00ed. Posledn\u00edch p\u00e1r let je dost bou\u0159liv\u00fdch a v\u00fdvoj je tak n\u011bjak koordinovan\u011b urychlov\u00e1n. Kdy\u017e se usilovn\u011bji zamysl\u00edme, od kdy se n\u00e1m zd\u00e1, \u017ee jsou zm\u011bny k\u00a0v\u00fdrazn\u011b hor\u0161\u00edmu, pak za ur\u010dit\u00e9 celosv\u011btov\u00e9 miln\u00edky pova\u017eujeme newyorskou blam\u00e1\u017e s\u00a0p\u00e1dem n\u011bkolika budov z\u00a011.z\u00e1\u0159\u00ed 2001, ekonomickou krizi vzniklou v\u00a0roce 2008 a samoz\u0159ejm\u011b covidohysterii a ruskou speci\u00e1ln\u00ed vojenskou operaci na Ukrajin\u011b. Lok\u00e1ln\u011b lze historicky p\u0159idat konec V\u00fdchodn\u00edho bloku a n\u00e1\u0161 vstup do EU. Tento v\u00fd\u010det ud\u00e1lost\u00ed s\u00a0tragick\u00fdmi d\u016fsledky jak pro \u010d\u00e1st sv\u011bta, tak i p\u0159edev\u0161\u00edm pro n\u00e1s, je p\u0159\u00edmo stra\u0161ideln\u00fdm.<\/span><\/p>\n<div id=\"pagetext\">\n<p>\u00a0 Sou\u010d\u00e1st\u00ed ud\u00e1lost\u00ed znamenaj\u00edc\u00edch pro \u010ceskou republiku z\u00e1sadn\u00ed zlomov\u00e9 okam\u017eiky jsou na\u0161e vl\u00e1dy a politick\u00e1 reprezentace. Jejich p\u0159\u00edstup je v\u011bt\u0161inou spojen s\u00a0jistou neschopnost\u00ed a nechut\u00ed vybudovat siln\u00fd st\u00e1t, kter\u00fd by m\u011bl ve sv\u011bt\u011b \u010di aspo\u0148 v\u00a0Evrop\u011b respekt. Tuto \u0161anci jsme promarnili, by\u0165 se po roku 1989 zd\u00e1lo, \u017ee V\u00e1clav Havel by mohl k\u00a0n\u011b\u010demu podobn\u00e9mu zemi nasm\u011brovat. Na\u0161e rozli\u0161ovac\u00ed schopnosti byly po tzv. Sametov\u00e9 revoluci zna\u010dn\u011b sn\u00ed\u017een\u00e9, tak\u017ee jsme si Havla n\u011bjakou dobu idealizovali, k\u00a0\u010demu\u017e samoz\u0159ejm\u011b p\u0159isp\u00edvala i americk\u00e1 propaganda. Ta na Havlov\u011b au\u0159e pracovala dlouho p\u0159ed rokem 1989, kdy r\u00e1dia Svobodn\u00e1 Evropa nebo Hlas Ameriky d\u011blala z\u00a0tohoto p\u0159evl\u00e9ka\u010de kab\u00e1t\u016f hlavu \u010desk\u00e9ho disidentu. A tak\u00e9 ho tak asi preferovala a platila. Jak u\u017e nyn\u00ed v\u00edme, Havlovi p\u0159edci si s\u00a0mor\u00e1lkou moc hlavu ned\u011blali ani v\u00a0dob\u011b 2.sv\u011btov\u00e9 v\u00e1lky a samotn\u00fd budouc\u00ed prezident koketoval ve sv\u00e9m \u017eivot\u011b s\u00a0mnoh\u00fdm. Prolomen\u00ed Bene\u0161ov\u00fdch dekret\u016f ve vlastn\u00ed prosp\u011bch u\u017e byla jen t\u0159e\u0161ni\u010dka na dortu.<\/p>\n<p>Siln\u00e1 politick\u00e1 reprezentace n\u00e1m s\u00a0v\u00fdjimkou dvou a\u017e t\u0159\u00ed osobnost\u00ed prost\u011b chyb\u011bla. V\u00a0podstat\u011b tu byly t\u0159i. Dub\u010dek v\u0161ak z\u00e1hy p\u0159i nehod\u011b zem\u0159el, V\u00e1clav Klaus bohu\u017eel v\u00a0n\u011bkter\u00fdch z\u00e1sadn\u00edch p\u0159\u00edpadech zachyboval, mo\u017en\u00e1 i pod vlivem r\u016fzn\u00fdch okolnost\u00ed a tlak\u016f, Milo\u0161 Zeman je zase sp\u00ed\u0161e levicov\u011b zam\u011b\u0159en\u00fd a p\u0159es nespornou inteligenci s\u00e1m o sob\u011b kola v\u00fdvoje zastavit nedok\u00e1zal, nebo to ani necht\u011bl. V\u0161ichni ostatn\u00ed \u0161li v\u017edy n\u011bkomu na ruku a \u010desk\u00fd ob\u010dan byl pro n\u011b pouze sou\u010d\u00e1st\u00ed st\u00e1da pravideln\u011b ur\u010den\u00e9ho k\u00a0tot\u00e1ln\u00edmu podojen\u00ed. Bohu\u017eel a\u017e v\u00a0sou\u010dasnosti jsme se dozv\u011bd\u011bli, \u017ee Havla do funkce dosadil ultragr\u00e1zl Soros a d\u00edky tomu byl n\u00e1\u0161 propad \u0159\u00edzen pov\u011bt\u0161inou zven\u010d\u00ed. Zmizelo ve\u0161ker\u00e9 bohatstv\u00ed, na kter\u00e9m i p\u0159es \u0159adu p\u0159ipom\u00ednek komunist\u00e9 pracovali, a rychlost, s\u00a0n\u00ed\u017e se z\u00a0nezadlu\u017een\u00e9ho st\u00e1tu stala ekonomick\u00e1 ruina, je obdivuhodn\u00e1. Co nedok\u00e1zali pohrobci Gottwalda za 40 let vl\u00e1dy, to ,,zm\u00e1knuli\u201c Havlist\u00e9 z\u00a0kotelen, a s\u00a0nimi za jeden provaz t\u00e1hnouc\u00ed, za p\u00e1r let. A od na\u0161eho vstupu do EU je to j\u00edzda z\u00a0takov\u00e9ho kopce, nav\u00edc bez brzd, \u017ee se kone\u010dn\u00e9mu n\u00e1razu nebudeme moct divit.<\/p>\n<p><a href=\"https:\/\/stranapro.cz\/\"><img decoding=\"async\" loading=\"lazy\" class=\"wp-image-30218 aligncenter\" src=\"http:\/\/www.infokuryr.cz\/n\/wp-content\/uploads\/2023\/06\/PRO-banner-300x36.png\" alt=\"\" width=\"1358\" height=\"163\" srcset=\"https:\/\/www.infokuryr.cz\/n\/wp-content\/uploads\/2023\/06\/PRO-banner-300x36.png 300w, https:\/\/www.infokuryr.cz\/n\/wp-content\/uploads\/2023\/06\/PRO-banner-768x93.png 768w, https:\/\/www.infokuryr.cz\/n\/wp-content\/uploads\/2023\/06\/PRO-banner.png 849w\" sizes=\"(max-width: 1358px) 100vw, 1358px\" \/><\/a><\/p>\n<p>Vynechme nyn\u00ed \u00falitby za tento v\u00fdvoj v\u00a0podob\u011b mo\u017enosti v\u00edcem\u00e9n\u011b svobodn\u011b cestovat, zapome\u0148me na srovn\u00e1v\u00e1n\u00ed bohatosti nab\u00eddky v\u00a0obchodech p\u0159ed a po roku 1989. To je jen politick\u00e1 komerce a propaganda. Nikdo tu hladem netrp\u011bl, bylo li t\u0159eba cokoliv sehnat, ka\u017ed\u00fd m\u011bl n\u011bjak\u00e9 zn\u00e1m\u00e9 a v\u00a0podstat\u011b se tu dalo tak n\u011bjak \u017e\u00edt. Trvalo to i v\u00a0proslul\u00fdch devades\u00e1tk\u00e1ch, kter\u00e9 byly sice fantastick\u00e9, bohu\u017eel se jimi rozjel \u017eivot na dluh, by\u0165 se zpo\u010d\u00e1tku zd\u00e1lo, \u017ee zm\u011bny budou jen k\u00a0lep\u0161\u00edmu. Jen\u017ee pod rou\u0161kou blahobytu a uvoln\u011bn\u00ed svobod do\u0161lo k\u00a0rozkraden\u00ed v\u0161eho, co nebylo p\u0159iva\u0159en\u00e9. A nakonec se poda\u0159ilo ukr\u00e1st i to. P\u0159iznejme si otev\u0159en\u011b, \u017ee Babi\u0161ova a Fialova vl\u00e1dy u\u017e moc z\u00a0\u010deho br\u00e1t nem\u011bly. Ne, \u017ee by si nena\u0161ly zdroje pro obohacen\u00ed vlastn\u00edch lid\u00ed, jen z\u00a0b\u00fdval\u00e9ho majetku st\u00e1tu u\u017e nic nezbylo. A tak se za\u010dalo o to usilovn\u011bji sahat na ten ob\u010dan\u016f. Da\u0148ov\u00e9 zat\u00ed\u017een\u00ed se p\u0159edev\u0161\u00edm za Fialy razantn\u011b navy\u0161uje a spole\u010dn\u011b s\u00a0Green Dealem a zelen\u00fdm uva\u017eov\u00e1n\u00edm v\u00a0Bruselu, jako\u017eto od svobod a pen\u011bz n\u00e1s p\u0159ipravuj\u00edc\u00edch n\u00e1stroj\u016f, p\u0159ich\u00e1z\u00ed doslovn\u00e9 o\u017eebra\u010dov\u00e1n\u00ed prost\u00fdch ob\u010dan\u016f.<\/p>\n<p>\u010casto si st\u011b\u017eujeme na laxnost a lenost \u010cech\u016f vzep\u0159\u00edt se. Pravdou z\u016fst\u00e1v\u00e1, \u017ee p\u00e1r des\u00edtek \u00fa\u010dastn\u00edk\u016f poklidn\u00e9 demonstrace bez n\u00e1sledn\u00e9ho efektu v\u00a0podob\u011b nap\u0159\u00edklad defenestrace nejsou dostate\u010dn\u00fdm potenci\u00e1lem vedouc\u00edm ke zm\u011bn\u011b. Nav\u00edc absentuje jak\u00e1koliv drsn\u00e1 n\u00e1hradn\u00ed varianta. Takov\u00e1, kter\u00e1 by m\u011bla s\u00edlu se postavit v\u00fdvoji. Nav\u00edc se zd\u00e1, \u017ee je pozd\u011b. Sv\u011bt je p\u0159erozd\u011blen a mo\u017en\u00e1 jde jen o hru na oko. Vznik BRICSu m\u016f\u017ee b\u00fdt divadlem p\u0159edch\u00e1zej\u00edc\u00edm p\u0159ipraven\u00e9mu p\u00e1du dolaru kon\u010d\u00edc\u00edho vznikem digit\u00e1ln\u00ed m\u011bny. Od n\u00ed u\u017e je jen krok ke kreditn\u00edmu zp\u016fsobu \u017eivota zn\u00e1m\u00e9mu paradoxn\u011b z\u00a0tolik kritizovan\u00e9 \u010di hospod\u00e1\u0159sky vyzdvihovan\u00e9 \u010c\u00edny. Lid\u00e9 po\u0159\u00e1d nech\u00e1pou, \u017ee bl\u00ed\u017e\u00edc\u00ed se konec hotovosti bude dal\u0161\u00edm tot\u00e1ln\u00edm zlomem ve v\u00fdvoji lidstva vedouc\u00edm k\u00a0totalit\u011b. To se stane hra\u010dkou v\u00a0ruk\u00e1ch \u00fazk\u00e9 skupiny mocn\u00fdch, kter\u00fdm budou vl\u00e1dy jednotliv\u00fdch region\u016f za ur\u010dit\u00e9 poskytnut\u00e9 bonusy pouze slou\u017eit. Co\u017e u\u017e se ostatn\u011b d\u011bje nyn\u00ed, o \u010dem\u017e by Fiala &amp; spol. mohli vypr\u00e1v\u011bt.<\/p>\n<p>Z\u016fstali jsme na chvostu celosv\u011btov\u00e9ho d\u011bn\u00ed. Jsme vys\u00e1t\u00ed, nic tu nezbylo, snad jen relativn\u011b obrovsk\u00fd majetek v\u00a0ruk\u00e1ch ob\u010dan\u016f, Je to to posledn\u00ed, po \u010dem je\u0161t\u011b zahrani\u010dn\u00ed korporace p\u016fjdou. Za\u010dalo to zdra\u017eov\u00e1n\u00edm energi\u00ed, potravin, zaj\u00edmaj\u00ed je nemovitosti, pozemky zvl\u00e1\u0161t\u011b, \u00faspory dom\u00e1cnost\u00ed. Proklamovan\u00e9 sd\u00edlen\u00ed tak o\u010dek\u00e1van\u00e9 p\u0159itroublou ml\u00e1de\u017e\u00ed je posledn\u00edm d\u016fsledkem snahy sebrat n\u00e1m i to posledn\u00ed. Rozbit\u00ed spole\u010dnosti a degradace z\u00e1kladn\u00edch p\u0159\u00edrodn\u00edch pravidel formou rozlo\u017een\u00ed klasick\u00fdch rodin a vznikem a podporou genderu jsou posledn\u00edm h\u0159eb\u00ed\u010dkem do rakve. Fiala, Pekarov\u00e1 Adamov\u00e1 a dal\u0161\u00ed stv\u016fry u\u017e jsou jen produktem t\u00e9to doby a n\u00e1strojem k\u00a0jej\u00edmu sm\u011b\u0159ov\u00e1n\u00ed tak, kam je lidmi, jako jsou Gates, Schwab \u010di Soros, dlouhodob\u011b sm\u011brov\u00e1na. Jedeme ve vlaku bez brzd. Dokud se nenajdou lid\u00e9 \u010di spole\u010denstv\u00ed ochotn\u00ed vz\u00edt na sebe zodpov\u011bdnost v\u00a0podob\u011b nap\u0159. fyzick\u00e9 likvidace \u010di jin\u00e9ho druhu eliminace nep\u0159\u00e1tel lidstva rod\u00edc\u00edch se v nejvrchn\u011bj\u0161\u00edch patrech, pak u\u017e z\u00a0tohoto balastu nen\u00ed cesty ven. Jak\u00e1koliv demonstrace bez n\u00e1sledn\u00e9 akce je ztr\u00e1tou energie. V\u00a0celospole\u010densk\u00e9m m\u011b\u0159\u00edtku rozhodn\u011b. Je to smutn\u00e9, ale ztratili jsme koule a skute\u010dn\u011b n\u00e1s vman\u00e9vrovali do role st\u00e1da p\u0159edur\u010den\u00e9ho na por\u00e1\u017eku. Plat\u00ed to pro ka\u017ed\u00e9ho z\u00a0n\u00e1s. Zn\u00ed to tvrd\u011b, ale takov\u00e1 je realita.<\/p>\n<p><a href=\"https:\/\/www.inadhled.live\/uvaha-dne\/svet-uz-je-rozdelen-\/\">Jind\u0159ich Kulhav\u00fd<\/a><\/p>\n<p><img decoding=\"async\" loading=\"lazy\" class=\"alignnone size-medium wp-image-22653\" src=\"http:\/\/www.infokuryr.cz\/n\/wp-content\/uploads\/2023\/02\/jindra-kulhavy-221x300.jpg\" alt=\"\" width=\"221\" height=\"300\" srcset=\"https:\/\/www.infokuryr.cz\/n\/wp-content\/uploads\/2023\/02\/jindra-kulhavy-221x300.jpg 221w, https:\/\/www.infokuryr.cz\/n\/wp-content\/uploads\/2023\/02\/jindra-kulhavy.jpg 311w\" sizes=\"(max-width: 221px) 100vw, 221px\" \/><\/p>\n<\/div>\n<p>&nbsp;<\/p>\n<p>&nbsp;<\/p>\n","protected":false},"excerpt":{"rendered":"<p>Na na\u0161ich str\u00e1nk\u00e1ch se \u010dasto zab\u00fdv\u00e1me na\u0161\u00ed politickou a ekonomickou situac\u00ed. Posledn\u00edch p\u00e1r let je&#8230;<\/p>\n","protected":false},"author":2,"featured_media":36930,"comment_status":"closed","ping_status":"closed","sticky":false,"template":"","format":"standard","meta":[],"categories":[6],"tags":[29,122,276],"_links":{"self":[{"href":"https:\/\/www.infokuryr.cz\/n\/wp-json\/wp\/v2\/posts\/36929"}],"collection":[{"href":"https:\/\/www.infokuryr.cz\/n\/wp-json\/wp\/v2\/posts"}],"about":[{"href":"https:\/\/www.infokuryr.cz\/n\/wp-json\/wp\/v2\/types\/post"}],"author":[{"embeddable":true,"href":"https:\/\/www.infokuryr.cz\/n\/wp-json\/wp\/v2\/users\/2"}],"replies":[{"embeddable":true,"href":"https:\/\/www.infokuryr.cz\/n\/wp-json\/wp\/v2\/comments?post=36929"}],"version-history":[{"count":0,"href":"https:\/\/www.infokuryr.cz\/n\/wp-json\/wp\/v2\/posts\/36929\/revisions"}],"wp:featuredmedia":[{"embeddable":true,"href":"https:\/\/www.infokuryr.cz\/n\/wp-json\/wp\/v2\/media\/36930"}],"wp:attachment":[{"href":"https:\/\/www.infokuryr.cz\/n\/wp-json\/wp\/v2\/media?parent=36929"}],"wp:term":[{"taxonomy":"category","embeddable":true,"href":"https:\/\/www.infokuryr.cz\/n\/wp-json\/wp\/v2\/categories?post=36929"},{"taxonomy":"post_tag","embeddable":true,"href":"https:\/\/www.infokuryr.cz\/n\/wp-json\/wp\/v2\/tags?post=36929"}],"curies":[{"name":"wp","href":"https:\/\/api.w.org\/{rel}","templated":true}]}}