{"id":36925,"date":"2023-09-25T06:17:42","date_gmt":"2023-09-25T04:17:42","guid":{"rendered":"http:\/\/www.infokuryr.cz\/n\/?p=36925"},"modified":"2023-09-25T06:17:42","modified_gmt":"2023-09-25T04:17:42","slug":"michael-svatos-cely-civilizovany-svet-v-soku-parlament-nato-freneticky-skandoval-kdyz-zelenskyj-a-trudeau-vzdavali-hold-clenovi-ss","status":"publish","type":"post","link":"https:\/\/www.infokuryr.cz\/n\/2023\/09\/25\/michael-svatos-cely-civilizovany-svet-v-soku-parlament-nato-freneticky-skandoval-kdyz-zelenskyj-a-trudeau-vzdavali-hold-clenovi-ss\/","title":{"rendered":"Michael Svato\u0161: Cel\u00fd civilizovan\u00fd sv\u011bt v \u0161oku! Parlament NATO freneticky skandoval, kdy\u017e Zelenskyj a Trudeau vzd\u00e1vali hold \u010dlenovi SS&#8230;"},"content":{"rendered":"<div id=\"fb-root\"><\/div>\n<p><span style=\"font-size: 14pt;\"><strong>Cel\u00fd civilizovan\u00fd sv\u011bt v \u0161oku! Parlament NATO freneticky skandoval, kdy\u017e Zelenskyj a Trudeau vzd\u00e1vali hold \u010dlenovi SS, kter\u00fd se v roce 1943 prokazateln\u011b \u00fa\u010dastnil na vyvra\u017e\u010fov\u00e1n\u00ed Pol\u00e1k\u016f, Rus\u016f a \u017did\u016f v koncentra\u010dn\u00edm t\u00e1bo\u0159e! O rok pozd\u011bji se \u00fa\u010dastnil i vyvra\u017e\u010fov\u00e1n\u00ed Slov\u00e1k\u016f!<\/strong><\/span><\/p>\n<p><em>(\u00davodn\u00ed foto \u2013 SS-Mann Jaroslav Hunka v p\u00e1tek gestem kyne Zelensk\u00e9mu v Parlamentu Kanady, po t\u00e9, <a href=\"https:\/\/www.kp.ru\/daily\/27559.5\/4827713\/\">co byl vyznamen\u00e1n<\/a>, a do\u010dkal se frenetick\u00e9ho potlesku za sv\u016fj pod\u00edl na vyvra\u017e\u010fov\u00e1n\u00ed Rus\u016f, Pol\u00e1k\u016f, Slov\u00e1k\u016f a \u017did\u016f ze druh\u00e9 sv\u011btov\u00e9 v\u00e1lky!)<\/em><\/p>\n<p>Nejvy\u0161\u0161\u00ed \u017eidovsk\u00e9 organizace Kanady, \u2013\u00a0\u00a0<a href=\"https:\/\/www.bnaibrith.ca\/\">B\u2019nai Brith Canada<\/a>, a \u2013\u00a0<a href=\"https:\/\/www.fswc.ca\/news\/fswc-appalled-by-standing-ovation-in-parliament-for-ukrainian-veteran-who-served-in-nazi-military-unit\">Friends of Simon Wiesenthal Center<\/a>, v\u010dera zu\u0159ily jako pominut\u00e9! Kanadsk\u00fd parlament v p\u00e1tek za \u00fa\u010dasti prezidenta Ukrajiny Zelensk\u00e9ho, jeho man\u017eelky, a premi\u00e9ra Kanady Justina Trudeau freneticky aplaudoval, a vzd\u00e1val \u010dest 98-let\u00e9mu p\u0159\u00edslu\u0161n\u00edkovi XIV. ukrajinsk\u00e9 divize SS Galizien, Jaroslavu Hunkovi, za jeho celo\u017eivotn\u00ed p\u0159\u00ednos k vyvra\u017e\u010fov\u00e1n\u00ed Rus\u016f, a dal\u0161\u00edch nacist\u016fm nepohodln\u00fdch etnik. Nikomu p\u0159itom nejen nevadilo, \u017ee p\u0159\u00edslu\u0161nost k jednotk\u00e1m SS je automaticky podle rozsudk\u016f norimbersk\u00e9ho tribun\u00e1lu trestn\u00fdm \u010dinem,\u00a0 stejn\u011b jako jejich oslava, ale v p\u0159\u00edpad\u011b Jaroslava Hunky, nikomu ani nevadilo, \u017ee se jedn\u00e1 o aktivn\u00edho nacistu, kter\u00fd ve\u0159ejn\u011b vzpom\u00edn\u00e1 na soci\u00e1ln\u00edch s\u00edt\u00edch na Adolfa Hitlera slovy,\u00a0<em>nov\u00fd \u201eosvoboditel\u201c ukrajinsk\u00e9ho lidu<\/em>,\u00a0kter\u00fd ho inspiroval,\u00a0<a href=\"https:\/\/komb-a-ingwar.blogspot.com\/2011\/03\/blog-post_21.html\">aby dobrovoln\u011b vstoupil do SS<\/a>, a kter\u00fd se dokonce pochlubil fotkami z roku 1943, kter\u00e9 prokazuj\u00ed, \u017ee se nach\u00e1zel v koncentra\u010dn\u00edm t\u00e1bo\u0159e na \u00fazem\u00ed Polska, pr\u00e1v\u011b v dob\u011b, kdy byli v\u0161ichni v\u011bzni tohoto l\u00e1gru Rusov\u00e9, Sov\u011bti, Pol\u00e1ci a \u017did\u00e9, hromadn\u011b vyvra\u017ed\u011bni!! Po v\u010derej\u0161ku je tak jasn\u00e9, \u017ee nacismus nen\u00ed na Ukrajin\u011b excesem, (<a href=\"https:\/\/www.michalapetr.com\/map-1731-pamatnik-reinharda-heydricha-v-lidicich-desivy-dusledek-soucasne-politiky-vlady-cr\/\">podrobn\u011b v MAP 1731 zde<\/a>),\u00a0 ale st\u00e1tn\u00ed politikou!!!<\/p>\n<p>Na prvn\u00ed archivn\u00ed fotografii vid\u00edte SS-Manna Jaroslava Hunku, (t\u0159et\u00ed zleva), v prosinci 1943 v Mnichov\u011b u\u00a0<a href=\"https:\/\/www.vojsko.net\/armady\/128-waffen-ss\/ostatni-nemecke-jednotky-waffen-ss\/940-ss-ausbildungs-und-ersatz-abteilung\">SS -Artillerie Ausbildungs und Ersatz Regiment<\/a>, kter\u00fd slou\u017eil v\u00fdhradn\u011b ke zdokonalovac\u00edmu v\u00fdcviku vybran\u00fdch p\u0159\u00edslu\u0161n\u00edk\u016f SS! (<a href=\"https:\/\/komb-a-ingwar.blogspot.com\/2010\/10\/blog-post_4610.html\">Zdroj fotografie<\/a>.)<\/p>\n<p><img decoding=\"async\" loading=\"lazy\" class=\"wp-image-6094 aligncenter\" src=\"https:\/\/www.michalapetr.com\/wp-content\/uploads\/2023\/09\/img060.jpg\" sizes=\"(max-width: 640px) 100vw, 640px\" srcset=\"https:\/\/www.michalapetr.com\/wp-content\/uploads\/2023\/09\/img060.jpg 640w, https:\/\/www.michalapetr.com\/wp-content\/uploads\/2023\/09\/img060-300x203.jpg 300w, https:\/\/www.michalapetr.com\/wp-content\/uploads\/2023\/09\/img060-450x304.jpg 450w\" alt=\"\" width=\"830\" height=\"560\" \/><\/p>\n<p>Na druh\u00e9 archivn\u00ed fotografii z l\u00e9ta 1943 vid\u00edte SS-mana Jaroslava Hunku, (uprost\u0159ed), ve v\u00fdcvikov\u00e9m t\u00e1bo\u0159e v Polsku zn\u00e1m\u00e9m jako\u00a0<i>SS-Truppen\u00fcbungsplatz Heidelager!\u00a0<\/i>V\u00fdcvikov\u00fd polygon SS Heidelager slou\u017eil v\u00fdhradn\u011b k v\u00fdcviku n\u011bmeck\u00fdch, estonsk\u00fdch a ukrajinsk\u00fdch jednotek SS. Sou\u010d\u00e1st\u00ed polygonu SS Heidelager byly mal\u00e9 koncentra\u010dn\u00ed a zajateck\u00e9 t\u00e1bory pro Pol\u00e1ky a Sov\u011bty,\u00a0<a href=\"https:\/\/web.archive.org\/web\/20100201015314\/http:\/\/b.1asphost.com\/jaslo\/oboz.html\">Szebnie<\/a>\u00a0a\u00a0<a href=\"https:\/\/web.archive.org\/web\/20090226212501\/http:\/\/blizna.ovh.org\/pustkow\/pustkow.htm\">Pustk\u00f3w,<\/a>\u00a0a mal\u00e1 \u017eidovsk\u00e1 ghetta. V\u011bzni t\u011bchto za\u0159\u00edzen\u00ed byli pou\u017e\u00edv\u00e1ni k otrock\u00e9 pr\u00e1ci na zaji\u0161\u0165ov\u00e1n\u00ed ubytov\u00e1n\u00ed, stravov\u00e1n\u00ed a v\u00fdcviku jednotek SS na polygonu. Zajatci a \u017didi, kte\u0159\u00ed ztratili v d\u016fsledku podv\u00fd\u017eivy a nelidsk\u00fdch podm\u00ednek schopnost tvrd\u011b pracovat byli v lesech na Polygonu hromadn\u011b st\u0159\u00edleni a zahrab\u00e1v\u00e1ni. Od l\u00e9ta do podzimu 1943, kdy byl Hunka na Polygonu, nav\u00edc prob\u00edhala likvidace okoln\u00edch \u017eidovsk\u00fdch ghett. Sta\u0159\u00ed, nemocn\u00ed a d\u011bti byli post\u0159\u00edleni, zbytek byl odesl\u00e1n ke zplynov\u00e1n\u00ed!\u00a0<a href=\"https:\/\/web.archive.org\/web\/20090226212501\/http:\/\/blizna.ovh.org\/pustkow\/pustkow.htm\">Celkem bylo na cvi\u010di\u0161ti Heidelager zlikvidov\u00e1no n\u011bkolik des\u00edtek tis\u00edc \u017did\u016f, Sov\u011bt\u016f a Pol\u00e1k\u016f<\/a>! Podle polsk\u00fdch historik\u016f\u00a0<a href=\"https:\/\/en.wikipedia.org\/wiki\/Szebnie_concentration_camp#cite_note-POW-A-14\">byli od srpna\u00a0 1943 k t\u011bmto poprav\u00e1m \u017did\u016f i Pol\u00e1k\u016f i Sov\u011bt\u016f speci\u00e1ln\u011b p\u0159iv\u00e1\u017eeni p\u0159\u00edslu\u0161n\u00edci XIV. divize SS Galizien<\/a>\u00a0\u2013 aby se pocvi\u010dili ve st\u0159elb\u011b! (<a href=\"https:\/\/komb-a-ingwar.blogspot.com\/2010\/10\/blog-post_31.html\">Zdroj fotografie<\/a>.)<\/p>\n<p><img decoding=\"async\" loading=\"lazy\" class=\"wp-image-6095 aligncenter\" src=\"https:\/\/www.michalapetr.com\/wp-content\/uploads\/2023\/09\/img063.jpg\" sizes=\"(max-width: 437px) 100vw, 437px\" srcset=\"https:\/\/www.michalapetr.com\/wp-content\/uploads\/2023\/09\/img063.jpg 437w, https:\/\/www.michalapetr.com\/wp-content\/uploads\/2023\/09\/img063-286x300.jpg 286w\" alt=\"\" width=\"652\" height=\"685\" \/><\/p>\n<p><a href=\"https:\/\/en.wikipedia.org\/wiki\/SS-Truppen%C3%BCbungsplatz_Heidelager#cite_note-Margolian-5\">V t\u00e1bo\u0159e Heidelager<\/a>\u00a0musely v\u011bzn\u011bn\u00e9 \u017eeny pracovat na zaji\u0161t\u011bn\u00ed chodu tzv. \u201cvojensk\u00e9ho m\u011bste\u010dka\u201d, kde cel\u00fd rok 1943 prob\u00edhal v\u00fdcvik XIV. divize SS. Divizi v t\u00e9 dob\u011b osobn\u011b nav\u0161t\u00edvil Heinrich Himmler. Cel\u00e1 XIV. divize SS Galizien byla v l\u00e9t\u011b 1944 rozpr\u00e1\u0161ena Sov\u011bty v bitv\u011b u m\u011bsta Brody. Zbytek divize, v\u010detn\u011b Jaroslava Hunky uprchnul na Slovensko, kde se aktivn\u011b zapojil do vyvra\u017e\u010fov\u00e1n\u00ed Slov\u00e1k\u016f a vypalov\u00e1n\u00ed jejich vesnic p\u0159i tzv. protipartyz\u00e1nsk\u00e9m boji. Ze Slovenska p\u0159ed koncem v\u00e1lky utekli do Rakouska, kde se t\u011bsn\u011b p\u0159ed kapitulac\u00ed \u0158\u00ed\u0161e sami p\u0159ejmenovali na 1. ukrajinskou divizi, a vzdali se Brit\u016fm, a tvrdili, \u017ee jsou bojovn\u00edci proti komunismu. Pobyt Jaroslava Hunky v l\u00e9t\u011b ve vojensk\u00e9m m\u011bste\u010dku Heidelager ho jednozna\u010dn\u011b usv\u011bd\u010duje, \u017ee minim\u00e1ln\u011b v\u011bd\u011bl, \u017ee p\u0159\u00edslu\u0161n\u00edci XIV. divize SS Galizien se tou dobou aktivn\u011b pod\u00edleli na masov\u00fdch poprav\u00e1ch \u017did\u016f, Pol\u00e1k\u016f a sov\u011btsk\u00fdch zajatc\u016f. A \u017ee cel\u00fd v\u00fdcvik, ubytov\u00e1n\u00ed, stravov\u00e1n\u00ed, pran\u00ed a hygiena divize byla v Heidelager zaji\u0161\u0165ov\u00e1na otrockou prac\u00ed v\u011bz\u0148\u016f koncentra\u010dn\u00edch t\u00e1bor\u016f, kte\u0159\u00ed byli po vy\u017ed\u00edm\u00e1n\u00ed ze v\u0161ech sil, hromadn\u011b popravov\u00e1ni!<\/p>\n<p>Gesta Zelensk\u00e9ho a Trudeau,\u00a0<a href=\"https:\/\/www.politico.com\/news\/2023\/09\/24\/nazi-linked-veteran-ovation-zelenkyy-canada-visit-00117857\">kdy\u017e v p\u00e1tek zdravili vyznamenan\u00e9ho nacistick\u00e9ho vraha Jaroslava Hunku<\/a>, nenech\u00e1vaj\u00ed nikoho na pochyb\u00e1ch, co jsou oba za\u010d! Putin tak bude m\u00edt dal\u0161\u00ed z\u00e1minku, pro denacifikaci Ukrajiny, a Rusov\u00e9 mu budou v\u011b\u0159it je\u0161t\u011b v\u00edc! Tupost sou\u010dasn\u00fdch z\u00e1padn\u00edch politik\u016f je opravdu nebety\u010dn\u00e1!<\/p>\n<p><img decoding=\"async\" loading=\"lazy\" class=\"wp-image-6096 aligncenter\" src=\"https:\/\/www.michalapetr.com\/wp-content\/uploads\/2023\/09\/596859655747.jpg\" sizes=\"(max-width: 630px) 100vw, 630px\" srcset=\"https:\/\/www.michalapetr.com\/wp-content\/uploads\/2023\/09\/596859655747.jpg 630w, https:\/\/www.michalapetr.com\/wp-content\/uploads\/2023\/09\/596859655747-300x211.jpg 300w, https:\/\/www.michalapetr.com\/wp-content\/uploads\/2023\/09\/596859655747-450x316.jpg 450w\" alt=\"\" width=\"788\" height=\"554\" \/><\/p>\n<p><a href=\"https:\/\/www.michalapetr.com\/map-1791-cely-civilizovany-svet-v-soku-parlament-nato-freneticky-skandoval-kdyz-zelenskyj-a-trudeau-vzdavali-hold-clenovi-ss-ktery-se-v-roce-1943-prokazatelne-ucastnil-na-vyvrazdovani-polaku-rusu\/\">Michael Svato\u0161<\/a><\/p>\n<p><img decoding=\"async\" loading=\"lazy\" class=\"alignnone size-full wp-image-27204\" src=\"http:\/\/www.infokuryr.cz\/n\/wp-content\/uploads\/2023\/05\/Michael_Svatos.png\" alt=\"\" width=\"180\" height=\"180\" srcset=\"https:\/\/www.infokuryr.cz\/n\/wp-content\/uploads\/2023\/05\/Michael_Svatos.png 180w, https:\/\/www.infokuryr.cz\/n\/wp-content\/uploads\/2023\/05\/Michael_Svatos-150x150.png 150w\" sizes=\"(max-width: 180px) 100vw, 180px\" \/><\/p>\n<p>&nbsp;<\/p>\n<p><a href=\"https:\/\/stranapro.cz\/\"><img decoding=\"async\" loading=\"lazy\" class=\"wp-image-30218 aligncenter\" src=\"http:\/\/www.infokuryr.cz\/n\/wp-content\/uploads\/2023\/06\/PRO-banner-300x36.png\" alt=\"\" width=\"1358\" height=\"163\" srcset=\"https:\/\/www.infokuryr.cz\/n\/wp-content\/uploads\/2023\/06\/PRO-banner-300x36.png 300w, https:\/\/www.infokuryr.cz\/n\/wp-content\/uploads\/2023\/06\/PRO-banner-768x93.png 768w, https:\/\/www.infokuryr.cz\/n\/wp-content\/uploads\/2023\/06\/PRO-banner.png 849w\" sizes=\"(max-width: 1358px) 100vw, 1358px\" \/><\/a><\/p>\n<p>&nbsp;<\/p>\n<p>&nbsp;<\/p>\n<p>&nbsp;<\/p>\n<p>&nbsp;<\/p>\n","protected":false},"excerpt":{"rendered":"<p>Cel\u00fd civilizovan\u00fd sv\u011bt v \u0161oku! Parlament NATO freneticky skandoval, kdy\u017e Zelenskyj a Trudeau vzd\u00e1vali hold&#8230;<\/p>\n","protected":false},"author":2,"featured_media":36926,"comment_status":"closed","ping_status":"closed","sticky":false,"template":"","format":"standard","meta":[],"categories":[6],"tags":[1042,248,455,276,1000],"_links":{"self":[{"href":"https:\/\/www.infokuryr.cz\/n\/wp-json\/wp\/v2\/posts\/36925"}],"collection":[{"href":"https:\/\/www.infokuryr.cz\/n\/wp-json\/wp\/v2\/posts"}],"about":[{"href":"https:\/\/www.infokuryr.cz\/n\/wp-json\/wp\/v2\/types\/post"}],"author":[{"embeddable":true,"href":"https:\/\/www.infokuryr.cz\/n\/wp-json\/wp\/v2\/users\/2"}],"replies":[{"embeddable":true,"href":"https:\/\/www.infokuryr.cz\/n\/wp-json\/wp\/v2\/comments?post=36925"}],"version-history":[{"count":0,"href":"https:\/\/www.infokuryr.cz\/n\/wp-json\/wp\/v2\/posts\/36925\/revisions"}],"wp:featuredmedia":[{"embeddable":true,"href":"https:\/\/www.infokuryr.cz\/n\/wp-json\/wp\/v2\/media\/36926"}],"wp:attachment":[{"href":"https:\/\/www.infokuryr.cz\/n\/wp-json\/wp\/v2\/media?parent=36925"}],"wp:term":[{"taxonomy":"category","embeddable":true,"href":"https:\/\/www.infokuryr.cz\/n\/wp-json\/wp\/v2\/categories?post=36925"},{"taxonomy":"post_tag","embeddable":true,"href":"https:\/\/www.infokuryr.cz\/n\/wp-json\/wp\/v2\/tags?post=36925"}],"curies":[{"name":"wp","href":"https:\/\/api.w.org\/{rel}","templated":true}]}}