{"id":36900,"date":"2023-09-25T01:12:18","date_gmt":"2023-09-24T23:12:18","guid":{"rendered":"http:\/\/www.infokuryr.cz\/n\/?p=36900"},"modified":"2023-09-24T21:31:17","modified_gmt":"2023-09-24T19:31:17","slug":"tuckerem-carlsonem-americka-vlada-mi-zabranila-v-rozhovoru-s-putinem","status":"publish","type":"post","link":"https:\/\/www.infokuryr.cz\/n\/2023\/09\/25\/tuckerem-carlsonem-americka-vlada-mi-zabranila-v-rozhovoru-s-putinem\/","title":{"rendered":"Tuckerem Carlsonem: Americk\u00e1 vl\u00e1da mi zabr\u00e1nila v rozhovoru s Putinem"},"content":{"rendered":"<div id=\"fb-root\"><\/div>\n<p><span style=\"font-size: 18pt;\"><strong>B\u00fdval\u00fd moder\u00e1tor Fox News se zeptal, pro\u010d \u201enen\u00ed dovoleno sly\u0161et\u201c hlas rusk\u00e9ho prezidenta<\/strong><\/span><\/p>\n<p><span>B\u00fdval\u00fd moder\u00e1tor Fox News Tucker Carlson v ned\u00e1vn\u00e9m rozhovoru tvrdil, \u017ee nejmenovan\u00e9 osobnosti ve Washingtonu br\u00e1nily jeho pokus\u016fm o rozhovor s rusk\u00fdm prezidentem Vladimirem Putinem.<\/span><\/p>\n<p><em><span>&#8222;Sna\u017eil jsem se ud\u011blat rozhovor s Vladimirem Putinem a americk\u00e1 vl\u00e1da m\u011b zastavila,&#8220;<\/span><\/em><span>\u00a0tvrdil Carlson v rozhovoru pro \u0161v\u00fdcarskou publikaci Die Weltwoche, kter\u00e1 byla zve\u0159ejn\u011bna ve \u010dtvrtek.\u00a0Vysv\u011btlil tak\u00e9, \u017ee se c\u00edtil zklam\u00e1n nedostate\u010dnou podporou pro jeho situaci, kterou podle sv\u00fdch slov dost\u00e1val od americk\u00fdch zpravodajsk\u00fdch m\u00e9di\u00ed.<\/span><\/p>\n<p><span>\u0158ekl:\u00a0<\/span><em><span>\u201eNemysl\u00edm si, \u017ee by tu byl n\u011bkdo, kdo \u0159ekl \u201apo\u010dkejte chv\u00edli.\u00a0Ten chlap se mi nemus\u00ed l\u00edbit, ale m\u00e1 pr\u00e1vo vyslechnout koho chce, a my m\u00e1me pr\u00e1vo sly\u0161et, co \u0159\u00edk\u00e1 Putin.&#8220;\u00a0<\/span><\/em><span>54let\u00fd mu\u017e dodal:\u00a0<\/span><em><span>\u201eNen\u00ed dovoleno sly\u0161et Putin\u016fv hlas.\u00a0Proto\u017ee pro\u010d?\u00a0Nehlasovalo se o tom.\u00a0Nikdo se m\u011b neptal.&#8220;<\/span><\/em><\/p>\n<p><span>\u010casto kontroverzn\u00ed medi\u00e1ln\u00ed osobnost nerozepsala okolnosti, za kter\u00fdch \u0159\u00edk\u00e1, \u017ee do jeho pl\u00e1n\u016f na rozhovor s Putinem zas\u00e1hla vl\u00e1da, ale zd\u00e1lo se, \u017ee to nazna\u010dovalo, \u017ee za vm\u011b\u0161ov\u00e1n\u00edm st\u00e1la sou\u010dasn\u00e1 Bidenova administrativa.\u00a0Carlson tak\u00e9 nezm\u00ednil, kdy m\u011bl rozhovor s rusk\u00fdm v\u016fdcem prob\u011bhnout.<\/span><\/p>\n<div class=\"read-more large read-more__right\" data-has-alias=\"\"><a href=\"https:\/\/stranapro.cz\/\"><img decoding=\"async\" loading=\"lazy\" class=\"wp-image-30218 aligncenter\" src=\"http:\/\/www.infokuryr.cz\/n\/wp-content\/uploads\/2023\/06\/PRO-banner-300x36.png\" alt=\"\" width=\"1358\" height=\"163\" srcset=\"https:\/\/www.infokuryr.cz\/n\/wp-content\/uploads\/2023\/06\/PRO-banner-300x36.png 300w, https:\/\/www.infokuryr.cz\/n\/wp-content\/uploads\/2023\/06\/PRO-banner-768x93.png 768w, https:\/\/www.infokuryr.cz\/n\/wp-content\/uploads\/2023\/06\/PRO-banner.png 849w\" sizes=\"(max-width: 1358px) 100vw, 1358px\" \/><\/a><\/div>\n<p><em><span>&#8222;Jsem americk\u00fd ob\u010dan,&#8220;<\/span><\/em><span>\u00a0\u0159ekl Carlson listu Die Weltwoche.\u00a0<\/span><em><span>\u201eJsem mnohem loaj\u00e1ln\u011bj\u0161\u00ed Ameri\u010dan ne\u017e nap\u0159\u00edklad Joe Biden nebo Kamala Harris, kte\u0159\u00ed v t\u00e9to zemi ani nevyrostli;\u00a0vyrostla v Kanad\u011b.\u00a0A oni mi \u0159\u00edkaj\u00ed, jak\u00e9 to je b\u00fdt loaj\u00e1ln\u00edm Ameri\u010danem?<\/span><\/em><\/p>\n<p><span>Carlson \u2013 d\u0159\u00edve nejv\u011bt\u0161\u00ed hv\u011bzda Fox News \u2013 se roze\u0161el s televizn\u00ed spole\u010dnost\u00ed v dubnu kr\u00e1tce pot\u00e9, co zpravodajsk\u00e1 s\u00ed\u0165 urovnala soudn\u00ed spor se spole\u010dnost\u00ed Dominion Voting Systems za 787,5 milionu dolar\u016f.\u00a0Fox News pravideln\u011b v n\u011bkter\u00fdch sv\u00fdch po\u0159adech diskutovala o tvrzen\u00edch, \u017ee stroje spole\u010dnosti Dominion byly zapojeny do \u201emanipulace\u201c americk\u00fdch prezidentsk\u00fdch voleb v roce 2020.<\/span><\/p>\n<p><span>Carlsonova show Tucker Carlson Tonight, b\u011bhem n\u00ed\u017e \u010dasto diskutoval o ot\u00e1zk\u00e1ch jako pohlav\u00ed, rasa, sexualita a \u201eprobuzen\u00e1\u201c ideologie, byla konkr\u00e9tn\u011b zm\u00edn\u011bna v soudn\u00edm sporu s Dominionem.<\/span><\/p>\n<p><span>Od odchodu z Fox News vys\u00edl\u00e1 Carlson zkr\u00e1cen\u00e9 verze sv\u00e9ho zpravodajsk\u00e9ho po\u0159adu na X (d\u0159\u00edve Twitter), kter\u00e9 pravideln\u011b p\u0159itahuj\u00ed des\u00edtky milion\u016f zhl\u00e9dnut\u00ed.<\/span><\/p>\n<p><span>Mezit\u00edm rusk\u00fd televizn\u00ed zpravodajsk\u00fd kan\u00e1l Rossija 24 odvys\u00edlal upout\u00e1vku na v\u00edkendovou show, o kter\u00e9 se \u0159\u00edk\u00e1, \u017ee ji bude moderovat Carlson.\u00a0Promo bylo poprv\u00e9 vys\u00edl\u00e1no za\u010d\u00e1tkem tohoto m\u011bs\u00edce a znovu 22. z\u00e1\u0159\u00ed spolu se slovy\u00a0<\/span><em><span>\u201eo v\u00edkendu\u201c.\u00a0<\/span><\/em><span>Dod\u00e1v\u00e1, \u017ee\u00a0<\/span><em><span>\u201evysoce profilovan\u00fd americk\u00fd moder\u00e1tor se posouv\u00e1 na jinou \u00farove\u0148.\u00a0Tady.&#8220;<\/span><\/em><\/p>\n<p><span>Rossiya 24 neuvedla, kdy bude show debutovat nebo zda p\u016fjde o p\u016fvodn\u00ed obsah nebo p\u0159elo\u017een\u00e9 verze vys\u00edl\u00e1n\u00ed Carlson&#8217;s X.<\/span><\/p>\n<p><img decoding=\"async\" loading=\"lazy\" class=\"alignnone size-full wp-image-1185\" src=\"http:\/\/www.infokuryr.cz\/n\/wp-content\/uploads\/2021\/04\/kuryr-podpis.png\" alt=\"\" width=\"84\" height=\"24\" \/><\/p>\n<p>&nbsp;<\/p>\n<p>&nbsp;<\/p>\n<p>&nbsp;<\/p>\n","protected":false},"excerpt":{"rendered":"<p>B\u00fdval\u00fd moder\u00e1tor Fox News se zeptal, pro\u010d \u201enen\u00ed dovoleno sly\u0161et\u201c hlas rusk\u00e9ho prezidenta B\u00fdval\u00fd moder\u00e1tor&#8230;<\/p>\n","protected":false},"author":2,"featured_media":36901,"comment_status":"closed","ping_status":"closed","sticky":false,"template":"","format":"standard","meta":[],"categories":[7],"tags":[1304,102,1052,37],"_links":{"self":[{"href":"https:\/\/www.infokuryr.cz\/n\/wp-json\/wp\/v2\/posts\/36900"}],"collection":[{"href":"https:\/\/www.infokuryr.cz\/n\/wp-json\/wp\/v2\/posts"}],"about":[{"href":"https:\/\/www.infokuryr.cz\/n\/wp-json\/wp\/v2\/types\/post"}],"author":[{"embeddable":true,"href":"https:\/\/www.infokuryr.cz\/n\/wp-json\/wp\/v2\/users\/2"}],"replies":[{"embeddable":true,"href":"https:\/\/www.infokuryr.cz\/n\/wp-json\/wp\/v2\/comments?post=36900"}],"version-history":[{"count":0,"href":"https:\/\/www.infokuryr.cz\/n\/wp-json\/wp\/v2\/posts\/36900\/revisions"}],"wp:featuredmedia":[{"embeddable":true,"href":"https:\/\/www.infokuryr.cz\/n\/wp-json\/wp\/v2\/media\/36901"}],"wp:attachment":[{"href":"https:\/\/www.infokuryr.cz\/n\/wp-json\/wp\/v2\/media?parent=36900"}],"wp:term":[{"taxonomy":"category","embeddable":true,"href":"https:\/\/www.infokuryr.cz\/n\/wp-json\/wp\/v2\/categories?post=36900"},{"taxonomy":"post_tag","embeddable":true,"href":"https:\/\/www.infokuryr.cz\/n\/wp-json\/wp\/v2\/tags?post=36900"}],"curies":[{"name":"wp","href":"https:\/\/api.w.org\/{rel}","templated":true}]}}