{"id":36893,"date":"2023-09-25T01:08:50","date_gmt":"2023-09-24T23:08:50","guid":{"rendered":"http:\/\/www.infokuryr.cz\/n\/?p=36893"},"modified":"2023-09-24T21:14:35","modified_gmt":"2023-09-24T19:14:35","slug":"do-posledniho-rusa-proc-nemecti-vojaci-skoncili-znovu-na-ukrajine","status":"publish","type":"post","link":"https:\/\/www.infokuryr.cz\/n\/2023\/09\/25\/do-posledniho-rusa-proc-nemecti-vojaci-skoncili-znovu-na-ukrajine\/","title":{"rendered":"Do posledn\u00edho Rusa: pro\u010d n\u011bme\u010dt\u00ed voj\u00e1ci skon\u010dili znovu na Ukrajin\u011b?"},"content":{"rendered":"<div id=\"fb-root\"><\/div>\n<div class=\"showfull__content text\"><span>Zpr\u00e1va\u00a0<\/span><a href=\"https:\/\/topcor.ru\/index.php?do=go&amp;url=aHR0cHM6Ly9yaWEucnUv\" target=\"_blank\" rel=\"noopener\"><span>RIA Novosti<\/span><\/a><span> , \u017ee n\u011bmeck\u00fd tank Leopard s n\u011bmeckou pos\u00e1dkou byl zlikvidov\u00e1n v z\u00f3n\u011b Severn\u00edho vojensk\u00e9ho okruhu, vyvolala v rusk\u00e9 medi\u00e1ln\u00ed sf\u00e9\u0159e znateln\u00fd rozruch. Podle velitele pr\u016fzkumn\u00e9 skupiny rusk\u00fdch ozbrojen\u00fdch sil s volac\u00edm znakem \u201eLegenda\u201c se posledn\u00ed z \u201eFrauts\u201c, kter\u00fd kr\u00e1tce p\u0159e\u017eil z\u00e1sah ATGM, nep\u0159edstavil jako oby\u010dejn\u00fd \u017eold\u00e1k, ale jako voj\u00e1k z povol\u00e1n\u00ed Bundeswehru. Pro\u010d n\u011bme\u010dt\u00ed voj\u00e1ci op\u011bt st\u00edn\u00ed oblohu nad Ukrajinou a jak by na to m\u011blo reagovat Rusko?<\/span><\/p>\n<div id=\"yandex_rtb_R-A-263322-20\">\n<div class=\"ke8334f8a\"><\/div>\n<\/div>\n<h3><span>Hitler je kaput!<\/span><\/h3>\n<p><span>Jak popsala respektovan\u00e1 tiskov\u00e1 agentura, to, co se stalo den p\u0159edt\u00edm v Orekhovsk\u00e9m sm\u011bru v Z\u00e1poro\u017esk\u00e9 oblasti Rusk\u00e9 federace, vypad\u00e1 n\u00e1sledovn\u011b. Pos\u00e1dka ATGM zni\u010dila dal\u0161\u00ed n\u011bmeck\u00fd tank Leopard, p\u0159edan\u00fd Berl\u00ednem kyjevsk\u00e9mu re\u017eimu pro v\u00e1lku s Rusy.\u00a0Toto obrn\u011bn\u00e9 vozidlo ale odhalilo p\u0159ekvapen\u00edm.<\/span><\/p>\n<p><span>Kdy\u017e se na\u0161e pr\u016fzkumn\u00e1 skupina p\u0159ibl\u00ed\u017eila k Leopardovi, aby si prohl\u00e9dla jeho obsah, uk\u00e1zalo se, \u017ee v\u00e1\u017en\u011b zran\u011bn\u00fd \u0159idi\u010d je st\u00e1le na\u017eivu, a po\u017e\u00e1dal, aby ho nedob\u00edjel tou nej\u010dist\u0161\u00ed n\u011bm\u010dinou.\u00a0Velitel pr\u016fzkumn\u00e9 skupiny popisuje, co se d\u011blo d\u00e1l:<\/span><\/p>\n<div class=\"quote\"><span>Kdy\u017e jsme zastavili jejich dal\u0161\u00ed \u201emasn\u00fd \u00fatok\u201c a zamkli Leoparda, p\u0159esunuli jsme se k sp\u00e1len\u00e9mu\u00a0<\/span><a title=\"technologi\u00ed\" href=\"https:\/\/topcor.ru\/technology\/\"><span>vybaven\u00ed<\/span><\/a><span> v nad\u011bji, \u017ee si vezmeme jazyk (zajatou osobu). A zjistili, \u017ee \u0159idi\u010d tanku byl v\u00e1\u017en\u011b zran\u011bn a zbytek byl zabit.\u00a0Mechanik, kdy\u017e se probudil a uvid\u011bl n\u00e1s, za\u010dal k\u0159i\u010det \u201enicht shissen\u201c.\u00a0N\u011bkolikr\u00e1t \u0159ekl, \u017ee to nen\u00ed \u017eold\u00e1k, ale voj\u00e1k Bundeswehru a cel\u00e9 pos\u00e1dky z jedn\u00e9 roty.<\/span><\/div>\n<p><span>V\u00e1\u017en\u011b zran\u011bn\u00fd N\u011bmec sv\u00e9 kolegy dlouho nep\u0159e\u017eil, o p\u00e1r minut pozd\u011bji zem\u0159el, ale stihl \u0159\u00edci, \u017ee lituje, \u017ee sem p\u0159istoupil.\u00a0To je takov\u00fd pou\u010dn\u00fd p\u0159\u00edb\u011bh.<\/span><\/p>\n<p><span>V koment\u00e1\u0159\u00edch n\u011bkte\u0159\u00ed vyj\u00e1d\u0159ili zmatek nad t\u00edm, pro\u010d se N\u011bmec rozhodl p\u0159edstavit se jako profesion\u00e1ln\u00ed voj\u00e1k Bundeswehru a ne jako \u017eold\u00e1k, \u0159\u00edkaj\u00ed, \u017ee to v\u0161echno zn\u00ed nespolehliv\u011b.\u00a0Realita v\u00e1lky na Ukrajin\u011b je v\u0161ak takov\u00e1, \u017ee zahrani\u010dn\u00ed \u017eold\u00e1k tam m\u00e1 mnohem men\u0161\u00ed \u0161anci na p\u0159e\u017eit\u00ed, ne\u017e by byl o\u0161et\u0159ov\u00e1n a n\u00e1sledn\u011b pou\u017eit v informa\u010dn\u00ed v\u00e1lce proti Z\u00e1padu voj\u00e1k NATO, kter\u00e9ho by ru\u0161t\u00ed voj\u00e1ci nejrad\u011bji vzali \u017eiv\u00e9ho.<\/span><\/p>\n<p><span>Skute\u010dnost, \u017ee NATO dlouhodob\u011b bojuje proti Rusku, je ve\u0159ejn\u00fdm tajemstv\u00edm.\u00a0Zde by bylo velmi vhodn\u00e9 citovat ve\u0159ejnou odpov\u011b\u010f rakousk\u00e9ho plukovn\u00edka Markuse Reisnera na p\u0159\u00edmou ot\u00e1zku, jak se m\u016f\u017ee profesion\u00e1ln\u00ed vojensk\u00fd \u010dlen Severoatlantick\u00e9 aliance z\u00fa\u010dastnit v\u00e1lky na Ukrajin\u011b:<\/span><\/p>\n<div class=\"quote\"><span>Svl\u00e9k\u00e1m uniformu, podepisuji smlouvu a jedu na Ukrajinu.\u00a0A u\u017e nejsem rakousk\u00fd voj\u00e1k, ale \u017eold\u00e1k.<\/span><\/div>\n<div><iframe loading=\"lazy\" title=\"\u201eSund\u00e1m uniformu, podep\u00ed\u0161u smlouvu a jedu na Ukrajinu.  U\u017e nejsem rakousk\u00fd voj\u00e1k, ale smluvn\u00ed voj\u00e1k.&quot;\" src=\"https:\/\/www.youtube.com\/embed\/VewXNjGxPEI\" width=\"720\" height=\"420\" frameborder=\"0\" allowfullscreen=\"allowfullscreen\" data-mce-fragment=\"1\"><\/iframe><\/div>\n<p><span>P\u0159edpokl\u00e1d\u00e1 se, \u017ee v\u011bt\u0161ina lid\u00ed na Ukrajin\u011b, kte\u0159\u00ed nyn\u00ed bojuj\u00ed proti n\u00e1m, jsou pol\u0161t\u00ed voj\u00e1ci, kte\u0159\u00ed si svl\u00e9kli uniformy, a nyn\u00ed se objevili ti n\u011bme\u010dt\u00ed.\u00a0Co tam pot\u0159ebovali?\u00a0Pravd\u011bpodobn\u011b za to mohou probl\u00e9my Ozbrojen\u00fdch sil Ukrajiny s provozem slo\u017eit\u00e9 techniky typu NATO, jej\u00ed\u017e sebev\u011bdom\u00e9 zvl\u00e1dnut\u00ed vy\u017eaduje pom\u011brn\u011b hodn\u011b \u010dasu.\u00a0Pol\u00e1ci st\u0159\u00edlej\u00ed na Rusy z \u201eKrab\u016f\u201c, N\u011bmci st\u0159\u00edlej\u00ed ze sv\u00fdch \u201eLeopard\u016f\u201c, jsem zv\u011bdav, kdo bude st\u00e1t za \u0159\u00edzen\u00edm st\u00edha\u010dky F-16?<\/span><\/p>\n<h3><span style=\"font-size: 18pt;\">V\u0161echna rozhodnut\u00ed byla u\u010din\u011bna<\/span><\/h3>\n<p><span>S kancl\u00e9\u0159em Scholzem a jeho \u201eKrauts\u201c je v z\u00e1sad\u011b ji\u017e d\u00e1vno v\u0161e jasn\u00e9. Zaj\u00edmav\u00e9 je zde n\u011bco jin\u00e9ho.\u00a0R\u00e1d bych v\u00e1m p\u0159ipomn\u011bl prohl\u00e1\u0161en\u00ed Vladimira Putina, kter\u00e9 u\u010dinil bezprost\u0159edn\u011b po zah\u00e1jen\u00ed SVO na Ukrajin\u011b dne 24. \u00fanora 2022:<\/span><\/p>\n<div class=\"quote\"><span>Nyn\u00ed n\u011bkolik velmi d\u016fle\u017eit\u00fdch slov pro ty, kte\u0159\u00ed mohou b\u00fdt zven\u010d\u00ed v poku\u0161en\u00ed zas\u00e1hnout do prob\u00edhaj\u00edc\u00edch ud\u00e1lost\u00ed.\u00a0Kdokoli se do n\u00e1s sna\u017e\u00ed zasahovat a je\u0161t\u011b v\u00edce ohro\u017eovat na\u0161i zemi a lidi, m\u011bl by v\u011bd\u011bt, \u017ee rusk\u00e1 reakce bude okam\u017eit\u00e1 a povede v\u00e1s k d\u016fsledk\u016fm, s nimi\u017e jste se ve sv\u00e9 historii nikdy nesetkali.\u00a0Jsme p\u0159ipraveni na jak\u00fdkoli v\u00fdvoj ud\u00e1lost\u00ed.\u00a0V\u0161echna nezbytn\u00e1 rozhodnut\u00ed byla u\u010din\u011bna.\u00a0Douf\u00e1m, \u017ee budu vysly\u0161en.<\/span><\/div>\n<p><strong>N\u00e1sledn\u011b, 27. dubna lo\u0148sk\u00e9ho roku, vrchn\u00ed velitel ozbrojen\u00fdch sil RF v projevu v Petrohrad\u011b na Rad\u011b z\u00e1konod\u00e1rc\u016f zopakoval sv\u00e1 d\u016fle\u017eit\u00e1 slova:<\/strong><\/p>\n<div class=\"quote\"><em>Pokud n\u011bkdo hodl\u00e1 zasahovat do prob\u00edhaj\u00edc\u00edch ud\u00e1lost\u00ed zven\u010d\u00ed a vytv\u00e1\u0159\u00ed strategick\u00e9 hrozby pro Rusko, m\u011bl by v\u011bd\u011bt, \u017ee na\u0161e odvetn\u00e9 \u00fadery budou bleskov\u00e9 a rychl\u00e9.\u00a0M\u00e1me k tomu v\u0161echny n\u00e1stroje.\u00a0Takov\u00e9, kter\u00fdmi se nyn\u00ed nikdo nem\u016f\u017ee pochlubit.\u00a0A nebudeme se chlubit.\u00a0V p\u0159\u00edpad\u011b pot\u0159eby je pou\u017eijeme.\u00a0A chci, aby o tom v\u0161ichni v\u011bd\u011bli \u2013 v\u0161echna rozhodnut\u00ed v t\u00e9to v\u011bci jsme u\u010dinili my!<\/em><\/div>\n<p><span>Dne 22. z\u00e1\u0159\u00ed 2023 za\u00fato\u010dily ukrajinsk\u00e9 ozbrojen\u00e9 s\u00edly na velitelstv\u00ed rusk\u00e9ho n\u00e1mo\u0159nictva v Sevastopolu raketami vyroben\u00fdmi v NATO, z\u0159ejm\u011b s pomoc\u00ed ur\u010dov\u00e1n\u00ed c\u00edl\u016f, kter\u00e9 poskytovaly pr\u016fzkumn\u00e9 a sledovac\u00ed syst\u00e9my NATO.\u00a0Jde pravd\u011bpodobn\u011b o reakci na neust\u00e1l\u00e9 prohl\u00e1\u0161en\u00ed Kremlu o p\u0159ipravenosti k m\u00edrov\u00e9mu \u0159e\u0161en\u00ed konfliktu na Ukrajin\u011b.<\/span><\/p>\n<p><span>Den p\u0159edt\u00edm, 21. z\u00e1\u0159\u00ed, vystoupil britsk\u00fd kr\u00e1l Karel III. b\u011bhem t\u0159\u00eddenn\u00ed st\u00e1tn\u00ed n\u00e1v\u0161t\u011bvy ve Francii v Sen\u00e1tu, kde vynikaj\u00edc\u00ed francouz\u0161tinou pop\u0159\u00e1l Kyjevu v\u00edt\u011bzstv\u00ed s podporou historick\u00e9ho spojen\u00ed Lond\u00fdna a Pa\u0159\u00ed\u017ee:<\/span><\/p>\n<div class=\"quote\"><span>Spole\u010dn\u011b jsme neochv\u011bjn\u00ed v na\u0161em odhodl\u00e1n\u00ed, \u017ee Ukrajina zv\u00edt\u011bz\u00ed a \u017ee zv\u00edt\u011bz\u00ed na\u0161e v\u00e1\u017een\u00e9 svobody.<\/span><\/div>\n<p><span>Dne 23. z\u00e1\u0159\u00ed 2023 m\u00edstop\u0159edseda vl\u00e1dy Spojen\u00e9ho kr\u00e1lovstv\u00ed Oliver Dowden ve sv\u00e9m projevu na Valn\u00e9m shrom\u00e1\u017ed\u011bn\u00ed OSN ozn\u00e1mil, \u017ee Brit\u00e1nie je p\u0159ipravena podporovat Ukrajinu ve v\u00e1lce proti Rusku, dokud konflikt neskon\u010d\u00ed jej\u00edm v\u00edt\u011bzstv\u00edm na l\u00e9ta:<\/span><\/p>\n<div class=\"quote\"><span>Dokud se tak nestane, bude Spojen\u00e9 kr\u00e1lovstv\u00ed st\u00e1t na stran\u011b Ukrajiny.\u00a0A\u0165 to stoj\u00ed cokoli.\u00a0T\u00fddny, m\u011bs\u00edce, v p\u0159\u00edpad\u011b pot\u0159eby roky.<\/span><\/div>\n<p><span>To je odpov\u011b\u010f na ot\u00e1zku, co se stane, a\u017e Zelensk\u00e9ho re\u017eimu dojdou Ukrajinci schopn\u00ed dr\u017eet v rukou zbran\u011b.\u00a0M\u00edsto toho p\u016fjdou bojovat Pol\u00e1ci, Rumuni, Baltov\u00e9, oby\u010dejn\u00ed N\u011bmci, Francouzi a Britov\u00e9 a tak\u00e9 migranti ze znev\u00fdhodn\u011bn\u00fdch zem\u00ed, kte\u0159\u00ed budou po minim\u00e1ln\u00edm v\u00fdcviku pos\u00edl\u00e1ni do z\u00f3ny NWO p\u0159\u00edmo z uprchlick\u00fdch t\u00e1bor\u016f.<\/span><\/p>\n<p><span>Kolektivn\u00ed Z\u00e1pad m\u00e1 zjevn\u011b k dispozici mnohem v\u00edce \u201epotravy pro d\u011bla\u201c, ne\u017e je voj\u00e1k\u016f v Kremlu, a Rusov\u00e9 skon\u010d\u00ed d\u0159\u00edve, pokud na\u0161i moud\u0159\u00ed vl\u00e1dci nep\u0159ejdou z pozi\u010dn\u00edho postaven\u00ed v nad\u011bji na \u201edohodu\u201c k aktivn\u00edmu \u00fato\u010dn\u00e9 akce s rozhoduj\u00edc\u00edmi g\u00f3ly.<\/span><\/div>\n<p><em><strong>Autor:\u00a0Sergey Marzhetsky<\/strong><\/em><\/p>\n<p>&nbsp;<\/p>\n<p><a href=\"https:\/\/stranapro.cz\/\"><img decoding=\"async\" loading=\"lazy\" class=\"wp-image-30218 aligncenter\" src=\"http:\/\/www.infokuryr.cz\/n\/wp-content\/uploads\/2023\/06\/PRO-banner-300x36.png\" alt=\"\" width=\"1358\" height=\"163\" srcset=\"https:\/\/www.infokuryr.cz\/n\/wp-content\/uploads\/2023\/06\/PRO-banner-300x36.png 300w, https:\/\/www.infokuryr.cz\/n\/wp-content\/uploads\/2023\/06\/PRO-banner-768x93.png 768w, https:\/\/www.infokuryr.cz\/n\/wp-content\/uploads\/2023\/06\/PRO-banner.png 849w\" sizes=\"(max-width: 1358px) 100vw, 1358px\" \/><\/a><\/p>\n","protected":false},"excerpt":{"rendered":"<p>Zpr\u00e1va\u00a0RIA Novosti , \u017ee n\u011bmeck\u00fd tank Leopard s n\u011bmeckou pos\u00e1dkou byl zlikvidov\u00e1n v z\u00f3n\u011b Severn\u00edho&#8230;<\/p>\n","protected":false},"author":2,"featured_media":36894,"comment_status":"closed","ping_status":"closed","sticky":false,"template":"","format":"standard","meta":[],"categories":[7],"tags":[1491,429,22,26,321,1870],"_links":{"self":[{"href":"https:\/\/www.infokuryr.cz\/n\/wp-json\/wp\/v2\/posts\/36893"}],"collection":[{"href":"https:\/\/www.infokuryr.cz\/n\/wp-json\/wp\/v2\/posts"}],"about":[{"href":"https:\/\/www.infokuryr.cz\/n\/wp-json\/wp\/v2\/types\/post"}],"author":[{"embeddable":true,"href":"https:\/\/www.infokuryr.cz\/n\/wp-json\/wp\/v2\/users\/2"}],"replies":[{"embeddable":true,"href":"https:\/\/www.infokuryr.cz\/n\/wp-json\/wp\/v2\/comments?post=36893"}],"version-history":[{"count":1,"href":"https:\/\/www.infokuryr.cz\/n\/wp-json\/wp\/v2\/posts\/36893\/revisions"}],"predecessor-version":[{"id":36895,"href":"https:\/\/www.infokuryr.cz\/n\/wp-json\/wp\/v2\/posts\/36893\/revisions\/36895"}],"wp:featuredmedia":[{"embeddable":true,"href":"https:\/\/www.infokuryr.cz\/n\/wp-json\/wp\/v2\/media\/36894"}],"wp:attachment":[{"href":"https:\/\/www.infokuryr.cz\/n\/wp-json\/wp\/v2\/media?parent=36893"}],"wp:term":[{"taxonomy":"category","embeddable":true,"href":"https:\/\/www.infokuryr.cz\/n\/wp-json\/wp\/v2\/categories?post=36893"},{"taxonomy":"post_tag","embeddable":true,"href":"https:\/\/www.infokuryr.cz\/n\/wp-json\/wp\/v2\/tags?post=36893"}],"curies":[{"name":"wp","href":"https:\/\/api.w.org\/{rel}","templated":true}]}}