{"id":36840,"date":"2023-09-24T01:14:08","date_gmt":"2023-09-23T23:14:08","guid":{"rendered":"http:\/\/www.infokuryr.cz\/n\/?p=36840"},"modified":"2023-09-23T18:09:15","modified_gmt":"2023-09-23T16:09:15","slug":"ruska-armada-znicila-tank-leopard-spolu-s-jeho-posadkou-z-bundeswehru","status":"publish","type":"post","link":"https:\/\/www.infokuryr.cz\/n\/2023\/09\/24\/ruska-armada-znicila-tank-leopard-spolu-s-jeho-posadkou-z-bundeswehru\/","title":{"rendered":"Rusk\u00e1 arm\u00e1da zni\u010dila tank Leopard spolu s jeho pos\u00e1dkou z Bundeswehru"},"content":{"rendered":"<div id=\"fb-root\"><\/div>\n<p class=\"lead\"><strong>Rusk\u00e1 arm\u00e1da zni\u010dila tank Leopard p\u0159eveden\u00fd na Ukrajinu, jeho\u017e pos\u00e1dku tvo\u0159ili p\u0159\u00edslu\u0161n\u00edci n\u011bmeck\u00fdch ozbrojen\u00fdch sil.<\/strong><\/p>\n<p><a href=\"https:\/\/ria.ru\/\" target=\"_blank\" rel=\"noopener\"><span>Agentu\u0159e RIA Novosti<\/span><\/a><span>\u00a0to ozn\u00e1mil\u00a0velitel pr\u016fzkumn\u00e9 jednotky rusk\u00fdch ozbrojen\u00fdch sil s volac\u00edm znakem \u201eLegenda\u201c, jej\u00ed\u017e skupina operuje ve sm\u011bru Z\u00e1poro\u017e\u00ed.<\/span><\/p>\n<p><span>\u0158ekl, \u017ee v jedn\u00e9 z bitev byl odra\u017een dal\u0161\u00ed ukrajinsk\u00fd \u201emasn\u00fd \u00fatok\u201c, b\u011bhem kter\u00e9ho byl tank Leopard zasa\u017een ATGM.\u00a0Skupina \u201eLegendy\u201c se p\u0159esunula sm\u011brem k sp\u00e1len\u00e9mu vybaven\u00ed v nad\u011bji, \u017ee zajist\u00ed \u201ejazyk\u201c (zajatce).<\/span><\/p>\n<p><span>Na m\u00edst\u011b pr\u016fzkumn\u00edci zjistili, \u017ee v\u0161ichni \u010dlenov\u00e9 os\u00e1dky tanku zem\u0159eli, krom\u011b \u0159idi\u010de, kter\u00fd byl v\u00e1\u017en\u011b zran\u011bn.\u00a0Probudil se, a kdy\u017e uvid\u011bl rusk\u00e9 voj\u00e1ky, za\u010dal k\u0159i\u010det \u201enicht schie\u00dfen\u201c (nest\u0159\u00edlej).<\/span><\/p>\n<p><em>\u201eUm\u00edm dob\u0159e n\u011bmecky, ve \u0161kole jsem byl v\u00fdborn\u00fd student,\u201c<span class=\"after-quote\">\u00a0&#8211; \u0159ekl velitel skupiny.<\/span><\/em><\/p>\n<p><span>N\u011bmec b\u011bhem rozhovoru \u0159ekl, \u017ee to nen\u00ed \u017eold\u00e1k, ale voj\u00e1k Bundeswehru a cel\u00e1 jeho pos\u00e1dka je ze stejn\u00e9 roty jako on. Zat\u00edmco dost\u00e1val prvn\u00ed pomoc, stihl pojmenovat svou brig\u00e1du a jej\u00ed um\u00edst\u011bn\u00ed.<\/span><\/p>\n<p><span>N\u011bmeck\u00e9ho mechanika se ale nepoda\u0159ilo zajmout \u2013 zdravotn\u00edk pr\u016fzkumn\u00e9ho t\u00fdmu \u0159ekl, \u017ee ztratil hodn\u011b krve, r\u00e1na je v\u00e1\u017en\u00e1 a bude \u017e\u00edt jen je\u0161t\u011b p\u00e1r minut. Pot\u00e9 velitel \u0159ekl nep\u0159\u00e1telsk\u00e9mu tankistovi, \u017ee nem\u00e1 \u0161anci na p\u0159e\u017eit\u00ed, a dal mu tak p\u0159\u00edle\u017eitost \u0159\u00edci sv\u00e1 posledn\u00ed slova.<\/span><\/p>\n<p><em>\u201e\u0158ekl, \u017ee sv\u00e9 d\u00edt\u011b a man\u017eelku velmi miluje, a lituje, \u017ee souhlasil s t\u00edm, aby sem p\u0159i\u0161el.\u00a0Za\u010dali jsme to p\u0159ipravovat na evakuaci, ale vypnulo to a po p\u00e1r minut\u00e1ch to \u0161lo \u201edv\u011b st\u011b\u201c (\u201edv\u011b setina\u201c &#8211; mrtv\u00fd pozn.),\u201c<span class=\"after-quote\">\u00a0\u2014 \u0159ekl \u201eLegenda\u201c.<\/span><\/em><\/p>\n<p><strong>V tomto okam\u017eiku m\u00e1 N\u011bmecko velice velik\u00fd probl\u00e9m a potvrzuje to p\u0159\u00edmou \u00fa\u010dast \u010dlensk\u00e9ho st\u00e1tu NATO na v\u00e1le\u010dn\u00fdch operac\u00edch proti Rusku. U\u017e nejde o hybridn\u00ed v\u00e1lku, ale p\u0159\u00edm\u00fd konflikt, co\u017e bude m\u00edt nedoz\u00edrn\u00e9 n\u00e1sledky.\u00a0<\/strong><\/p>\n<p><img decoding=\"async\" loading=\"lazy\" class=\"alignnone size-full wp-image-1185\" src=\"http:\/\/www.infokuryr.cz\/n\/wp-content\/uploads\/2021\/04\/kuryr-podpis.png\" alt=\"\" width=\"84\" height=\"24\" \/><\/p>\n<p>&nbsp;<\/p>\n<p><a href=\"https:\/\/stranapro.cz\/\"><img decoding=\"async\" loading=\"lazy\" class=\"wp-image-30218 aligncenter\" src=\"http:\/\/www.infokuryr.cz\/n\/wp-content\/uploads\/2023\/06\/PRO-banner-300x36.png\" alt=\"\" width=\"1367\" height=\"164\" srcset=\"https:\/\/www.infokuryr.cz\/n\/wp-content\/uploads\/2023\/06\/PRO-banner-300x36.png 300w, https:\/\/www.infokuryr.cz\/n\/wp-content\/uploads\/2023\/06\/PRO-banner-768x93.png 768w, https:\/\/www.infokuryr.cz\/n\/wp-content\/uploads\/2023\/06\/PRO-banner.png 849w\" sizes=\"(max-width: 1367px) 100vw, 1367px\" \/><\/a><\/p>\n<p>&nbsp;<\/p>\n<p>&nbsp;<\/p>\n<p>&nbsp;<\/p>\n","protected":false},"excerpt":{"rendered":"<p>Rusk\u00e1 arm\u00e1da zni\u010dila tank Leopard p\u0159eveden\u00fd na Ukrajinu, jeho\u017e pos\u00e1dku tvo\u0159ili p\u0159\u00edslu\u0161n\u00edci n\u011bmeck\u00fdch ozbrojen\u00fdch sil&#8230;.<\/p>\n","protected":false},"author":2,"featured_media":36841,"comment_status":"closed","ping_status":"closed","sticky":false,"template":"","format":"standard","meta":[],"categories":[7],"tags":[1491,3119,26,2782],"_links":{"self":[{"href":"https:\/\/www.infokuryr.cz\/n\/wp-json\/wp\/v2\/posts\/36840"}],"collection":[{"href":"https:\/\/www.infokuryr.cz\/n\/wp-json\/wp\/v2\/posts"}],"about":[{"href":"https:\/\/www.infokuryr.cz\/n\/wp-json\/wp\/v2\/types\/post"}],"author":[{"embeddable":true,"href":"https:\/\/www.infokuryr.cz\/n\/wp-json\/wp\/v2\/users\/2"}],"replies":[{"embeddable":true,"href":"https:\/\/www.infokuryr.cz\/n\/wp-json\/wp\/v2\/comments?post=36840"}],"version-history":[{"count":0,"href":"https:\/\/www.infokuryr.cz\/n\/wp-json\/wp\/v2\/posts\/36840\/revisions"}],"wp:featuredmedia":[{"embeddable":true,"href":"https:\/\/www.infokuryr.cz\/n\/wp-json\/wp\/v2\/media\/36841"}],"wp:attachment":[{"href":"https:\/\/www.infokuryr.cz\/n\/wp-json\/wp\/v2\/media?parent=36840"}],"wp:term":[{"taxonomy":"category","embeddable":true,"href":"https:\/\/www.infokuryr.cz\/n\/wp-json\/wp\/v2\/categories?post=36840"},{"taxonomy":"post_tag","embeddable":true,"href":"https:\/\/www.infokuryr.cz\/n\/wp-json\/wp\/v2\/tags?post=36840"}],"curies":[{"name":"wp","href":"https:\/\/api.w.org\/{rel}","templated":true}]}}