{"id":36829,"date":"2023-09-24T01:07:06","date_gmt":"2023-09-23T23:07:06","guid":{"rendered":"http:\/\/www.infokuryr.cz\/n\/?p=36829"},"modified":"2023-09-23T17:23:36","modified_gmt":"2023-09-23T15:23:36","slug":"ukrajinske-zasoby-raket-a-granatu-s-ochuzenym-uranem-jsou-zniceny","status":"publish","type":"post","link":"https:\/\/www.infokuryr.cz\/n\/2023\/09\/24\/ukrajinske-zasoby-raket-a-granatu-s-ochuzenym-uranem-jsou-zniceny\/","title":{"rendered":"Ukrajinsk\u00e9 z\u00e1soby raket a gran\u00e1t\u016f s ochuzen\u00fdm uranem jsou zni\u010deny"},"content":{"rendered":"<div id=\"fb-root\"><\/div>\n<p><span style=\"font-size: 18pt;\"><strong>Rusk\u00e9 ministerstvo obrany uvedlo, \u017ee za posledn\u00ed t\u00fdden prob\u011bhlo 12 velk\u00fdch \u00fader\u016f zam\u011b\u0159en\u00fdch na vojenskou infrastrukturu<\/strong><\/span><\/p>\n<p><span>N\u011bkter\u00e9 z ukrajinsk\u00fdch raket s plochou dr\u00e1hou letu dodan\u00fdch ze Z\u00e1padu a gran\u00e1t\u016f s ochuzen\u00fdm uranem byly zni\u010deny \u0159adou \u00fader\u016f, uvedlo rusk\u00e9 ministerstvo obrany.<\/span><\/p>\n<p><span>Od minul\u00e9 ned\u011ble rusk\u00e9 s\u00edly provedly 12 skupinov\u00fdch \u00fatok\u016f proti r\u016fzn\u00fdm ukrajinsk\u00fdm c\u00edl\u016fm, uvedlo v sobotu ministerstvo v prohl\u00e1\u0161en\u00ed.<\/span><\/p>\n<p><span>Mezi c\u00edle pat\u0159ily opravny ukrajinsk\u00fdch letadel a obrn\u011bn\u00fdch vozidel, ropn\u00e9 rafinerie, sklady munice a zbran\u00ed zahrani\u010dn\u00ed v\u00fdroby, v\u00fdcvikov\u00e1 st\u0159ediska pro ukrajinsk\u00e9 sabot\u00e9ry a ubytov\u00e1n\u00ed obsazen\u00e9 zahrani\u010dn\u00edmi \u017eold\u00e1ky, uv\u00e1d\u00ed se v prohl\u00e1\u0161en\u00ed.<\/span><\/p>\n<p><span>Podle ministerstva byly b\u011bhem \u00fader\u016f nasazeny vysoce p\u0159esn\u00e9 pozemn\u00ed a vzdu\u0161n\u00e9 st\u0159ely a drony dlouh\u00e9ho doletu.<\/span><\/p>\n<p><em><span>\u201eV d\u016fsledku \u00fatok\u016f do\u0161lo k v\u00fdznamn\u00e9mu po\u0161kozen\u00ed logistick\u00e9ho syst\u00e9mu ukrajinsk\u00fdch ozbrojen\u00fdch sil operuj\u00edc\u00edch ve sm\u011bru Cherson a Z\u00e1poro\u017e\u00ed,\u201c<\/span><\/em><span>\u00a0stoj\u00ed v prohl\u00e1\u0161en\u00ed.<\/span><\/p>\n<p><em><span>\u201e\u010c\u00e1st z\u00e1sob \u0159\u00edzen\u00fdch st\u0159el a gran\u00e1t\u016f s ochuzen\u00fdm uranem\u201c,<\/span><\/em><span>\u00a0kter\u00e9 Kyjevu poskytli jeho z\u00e1padn\u00ed podporovatel\u00e9, byla zni\u010dena, uvedlo.\u00a0Zasa\u017eeno bylo tak\u00e9 n\u011bkolik raketomet\u016f a syst\u00e9m\u016f protivzdu\u0161n\u00e9 obrany zahrani\u010dn\u00ed v\u00fdroby, dodalo ministerstvo.<\/span><\/p>\n<p><span>Ukrajina obdr\u017eela za\u010d\u00e1tkem tohoto roku st\u0159ely dlouh\u00e9ho doletu odpalovan\u00e9 vzduchem Storm Shadow\/SCALP-Eg z Velk\u00e9 Brit\u00e1nie a Francie.\u00a0Munici pou\u017eil Kyjev k \u00fatok\u016fm na rusk\u00e9 c\u00edle, v\u010detn\u011b t\u011bch na Krymu.<\/span><\/p>\n<div class=\"read-more large\" data-has-alias=\"\"><a href=\"https:\/\/stranapro.cz\/\"><img decoding=\"async\" loading=\"lazy\" class=\"wp-image-30218 aligncenter\" src=\"http:\/\/www.infokuryr.cz\/n\/wp-content\/uploads\/2023\/06\/PRO-banner-300x36.png\" alt=\"\" width=\"1358\" height=\"163\" srcset=\"https:\/\/www.infokuryr.cz\/n\/wp-content\/uploads\/2023\/06\/PRO-banner-300x36.png 300w, https:\/\/www.infokuryr.cz\/n\/wp-content\/uploads\/2023\/06\/PRO-banner-768x93.png 768w, https:\/\/www.infokuryr.cz\/n\/wp-content\/uploads\/2023\/06\/PRO-banner.png 849w\" sizes=\"(max-width: 1358px) 100vw, 1358px\" \/><\/a><\/div>\n<p><span>Podle Sky News byly Storm Shadows nasazeny v p\u00e1tek p\u0159i ukrajinsk\u00e9m \u00faderu na velitelstv\u00ed rusk\u00e9 \u010cernomo\u0159sk\u00e9 flotily ve m\u011bst\u011b Sevastopol.\u00a0Rusk\u00e9 ministerstvo obrany uvedlo, \u017ee protivzdu\u0161n\u00e1 obrana sest\u0159elila p\u011bt p\u0159il\u00e9taj\u00edc\u00edch raket, ale v\u00fdsledn\u00e9 trosky po\u0161kodily budovu a zp\u016fsobily po\u017e\u00e1r.\u00a0Jeden voj\u00e1k byl po \u00fatoku hl\u00e1\u0161en jako nezv\u011bstn\u00fd.<\/span><\/p>\n<p><span>Brit\u00e1nie od b\u0159ezna dod\u00e1v\u00e1 Ukrajin\u011b gran\u00e1ty s ochuzen\u00fdm uranem.\u00a0Kontroverzn\u00ed munici maj\u00ed pou\u017e\u00edvat tanky Challenger 2, kter\u00e9 Lond\u00fdn daroval Kyjevu.\u00a0USA ozn\u00e1mily, \u017ee jejich tanky Abrams M1, o kter\u00fdch prezident Joe Biden \u0159ekl, \u017ee za\u010dnou na Ukrajinu p\u0159ij\u00ed\u017ed\u011bt\u00a0<\/span><em><span>\u201ep\u0159\u00ed\u0161t\u00ed t\u00fdden\u201c,<\/span><\/em><span>\u00a0budou rovn\u011b\u017e vyzbrojeny gran\u00e1ty s ochuzen\u00fdm uranem.<\/span><\/p>\n<p><span>Dod\u00e1vka gran\u00e1t\u016f s ochuzen\u00fdm uranem ze strany Z\u00e1padu do Kyjeva je\u00a0<\/span><em><span>\u201evelmi \u0161patn\u00e1 zpr\u00e1va\u201c,<\/span><\/em><span>\u00a0zd\u016fraznil p\u0159ed n\u011bkolika t\u00fddny tiskov\u00fd tajemn\u00edk Kremlu Dmitrij Peskov.\u00a0Pou\u017eit\u00ed takov\u00e9 munice b\u011bhem bombardov\u00e1n\u00ed Jugosl\u00e1vie NATO v roce 1999 vedlo k\u00a0<\/span><em><span>\u201ecv\u00e1laj\u00edc\u00edmu\u201c<\/span><\/em><span>\u00a0n\u00e1r\u016fstu po\u010dtu lid\u00ed trp\u00edc\u00edch rakovinou a jin\u00fdmi nemocemi, \u0159ekl s t\u00edm, \u017ee tot\u00e9\u017e bychom nyn\u00ed m\u011bli o\u010dek\u00e1vat na Ukrajin\u011b.<\/span><\/p>\n<p><span>Za\u010d\u00e1tkem tohoto m\u011bs\u00edce ji\u017e rusk\u00e9 ministerstvo obrany informovalo o \u00fasp\u011b\u0161n\u00e9m \u00faderu na ukrajinsk\u00fd sklad, ve kter\u00e9m se nach\u00e1zej\u00ed gran\u00e1ty s ochuzen\u00fdm uranem.<\/span><\/p>\n<p><span>Rusko opakovan\u011b varovalo, \u017ee dod\u00e1vky zbran\u00ed na Ukrajinu ze strany USA, Spojen\u00e9ho kr\u00e1lovstv\u00ed a jejich spojenc\u016f pouze prodlou\u017e\u00ed boje, ale nezabr\u00e1n\u00ed Moskv\u011b v dosa\u017een\u00ed c\u00edl\u016f jej\u00ed vojensk\u00e9 operace.\u00a0Ru\u0161t\u00ed p\u0159edstavitel\u00e9 tak\u00e9 argumentuj\u00ed, \u017ee poskytov\u00e1n\u00ed zbran\u00ed, sd\u00edlen\u00ed zpravodajsk\u00fdch informac\u00ed a v\u00fdcvik kyjevsk\u00fdch jednotek ji\u017e znamen\u00e1, \u017ee z\u00e1padn\u00ed st\u00e1ty se de facto staly stranami konfliktu.<\/span><\/p>\n<p><img decoding=\"async\" loading=\"lazy\" class=\"alignnone size-full wp-image-1185\" src=\"http:\/\/www.infokuryr.cz\/n\/wp-content\/uploads\/2021\/04\/kuryr-podpis.png\" alt=\"\" width=\"84\" height=\"24\" \/><\/p>\n<p>&nbsp;<\/p>\n<p>&nbsp;<\/p>\n","protected":false},"excerpt":{"rendered":"<p>Rusk\u00e9 ministerstvo obrany uvedlo, \u017ee za posledn\u00ed t\u00fdden prob\u011bhlo 12 velk\u00fdch \u00fader\u016f zam\u011b\u0159en\u00fdch na vojenskou&#8230;<\/p>\n","protected":false},"author":2,"featured_media":32537,"comment_status":"closed","ping_status":"closed","sticky":false,"template":"","format":"standard","meta":[],"categories":[7],"tags":[349,22,26],"_links":{"self":[{"href":"https:\/\/www.infokuryr.cz\/n\/wp-json\/wp\/v2\/posts\/36829"}],"collection":[{"href":"https:\/\/www.infokuryr.cz\/n\/wp-json\/wp\/v2\/posts"}],"about":[{"href":"https:\/\/www.infokuryr.cz\/n\/wp-json\/wp\/v2\/types\/post"}],"author":[{"embeddable":true,"href":"https:\/\/www.infokuryr.cz\/n\/wp-json\/wp\/v2\/users\/2"}],"replies":[{"embeddable":true,"href":"https:\/\/www.infokuryr.cz\/n\/wp-json\/wp\/v2\/comments?post=36829"}],"version-history":[{"count":0,"href":"https:\/\/www.infokuryr.cz\/n\/wp-json\/wp\/v2\/posts\/36829\/revisions"}],"wp:featuredmedia":[{"embeddable":true,"href":"https:\/\/www.infokuryr.cz\/n\/wp-json\/wp\/v2\/media\/32537"}],"wp:attachment":[{"href":"https:\/\/www.infokuryr.cz\/n\/wp-json\/wp\/v2\/media?parent=36829"}],"wp:term":[{"taxonomy":"category","embeddable":true,"href":"https:\/\/www.infokuryr.cz\/n\/wp-json\/wp\/v2\/categories?post=36829"},{"taxonomy":"post_tag","embeddable":true,"href":"https:\/\/www.infokuryr.cz\/n\/wp-json\/wp\/v2\/tags?post=36829"}],"curies":[{"name":"wp","href":"https:\/\/api.w.org\/{rel}","templated":true}]}}