{"id":36827,"date":"2023-09-24T01:06:43","date_gmt":"2023-09-23T23:06:43","guid":{"rendered":"http:\/\/www.infokuryr.cz\/n\/?p=36827"},"modified":"2023-09-23T17:19:27","modified_gmt":"2023-09-23T15:19:27","slug":"indicky-stat-zrusil-100denni-zakaz-internetu","status":"publish","type":"post","link":"https:\/\/www.infokuryr.cz\/n\/2023\/09\/24\/indicky-stat-zrusil-100denni-zakaz-internetu\/","title":{"rendered":"Indick\u00fd st\u00e1t zru\u0161il 100denn\u00ed z\u00e1kaz internetu"},"content":{"rendered":"<div id=\"fb-root\"><\/div>\n<p><span style=\"font-size: 18pt;\"><strong>Slu\u017eby byly v Manipuru p\u0159eru\u0161eny po vypuknut\u00ed etnick\u00e9ho konfliktu v kv\u011btnu<\/strong><\/span><\/p>\n<p><span>Internetov\u00e9 slu\u017eby maj\u00ed b\u00fdt obnoveny v indick\u00e9m severov\u00fdchodn\u00edm st\u00e1t\u011b Manipur, t\u00e9m\u011b\u0159 p\u011bt m\u011bs\u00edc\u016f pot\u00e9, co byly pozastaveny po vypuknut\u00ed etnick\u00e9ho konfliktu v kv\u011btnu.<\/span><\/p>\n<p><span>Z\u00e1kaz byl \u010d\u00e1ste\u010dn\u011b zru\u0161en, ale hlavn\u00ed ministr st\u00e1tu N. Biren Singh v sobotu ozn\u00e1mil, \u017ee zb\u00fdvaj\u00edc\u00ed slu\u017eby budou nyn\u00ed s okam\u017eitou platnost\u00ed obnoveny.\u00a0Singh na tiskov\u00e9 konferenci \u0159ekl, \u017ee internet byl ve st\u00e1t\u011b pozastaven, aby \u201e\u00a0<\/span><em><span>zkontroloval \u0161\u00ed\u0159en\u00ed fale\u0161n\u00fdch zpr\u00e1v, propagandy a nen\u00e1vistn\u00fdch projev\u016f<\/span><\/em><span>\u00a0\u201c.\u00a0<\/span><\/p>\n<p><span>\u201e\u00a0<\/span><em><span>Se zlep\u0161en\u00edm situace v\u0161ak budou ode dne\u0161ka obnoveny slu\u017eby mobiln\u00edho internetu v cel\u00e9m st\u00e1t\u011b<\/span><\/em><span>\u00a0,\u201c dodal.<\/span><\/p>\n<p><span>Ozn\u00e1men\u00ed p\u0159ich\u00e1z\u00ed den pot\u00e9, co vl\u00e1da po\u017e\u00e1dala lidi, aby do 15 dn\u016f odevzdali zbran\u011b, kter\u00e9 byly uloupeny na policejn\u00edch stanic\u00edch, uvedla indick\u00e1 m\u00e9dia.\u00a0Po tomto obdob\u00ed bezpe\u010dnostn\u00ed s\u00edly rozm\u00edst\u011bn\u00e9 ve st\u00e1t\u011b provedou \u201e\u00a0<\/span><em><span>silnou a komplexn\u00ed p\u00e1trac\u00ed operaci s c\u00edlem z\u00edskat takov\u00e9 zbran\u011b,<\/span><\/em><span>\u00a0\u201c \u0159ekl Singh, a se v\u0161emi, kdo budou m\u00edt v dr\u017een\u00ed neleg\u00e1ln\u00ed zbran\u011b, bude tvrd\u011b nalo\u017eeno.\u00a0<\/span><\/p>\n<p><span>Etnick\u00e9 n\u00e1sil\u00ed eskalovalo 3. kv\u011btna a zas\u00e1hlo dv\u011b nejv\u011bt\u0161\u00ed komunity Manipuru \u2013 lid Meitei, v\u011bt\u0161ina \u017eij\u00edc\u00ed v \u00fadol\u00ed Imphal, a kmenovou komunitu Kuki z okoln\u00edch kopc\u016f.\u00a0P\u0159ibli\u017en\u011b 200 lid\u00ed p\u0159i\u0161lo v konfliktu o \u017eivot a tis\u00edce jsou nyn\u00ed v pomocn\u00fdch t\u00e1borech pot\u00e9, co byly jejich domy vyp\u00e1leny.\u00a0N\u00e1sil\u00ed poprv\u00e9 vypuklo po \u201epochodu kmenov\u00e9 solidarity\u201c veden\u00e9m Kuki organizovan\u00e9m na protest proti po\u017eadavk\u016fm Meitei na zvl\u00e1\u0161tn\u00ed status podle indick\u00e9 \u00fastavy.\u00a0<\/span><\/p>\n<p><span>V rozhovoru pro m\u00e9dia v srpnu hlavn\u00ed ministr <\/span><a href=\"https:\/\/www.rt.com\/india\/581414-manipur-violence-chief-minister-biren-singh\/\"><span>apeloval<\/span><\/a><span>\u00a0na m\u00edr ve st\u00e1t\u011b, kter\u00e9ho by podle n\u011bj mohlo b\u00fdt dosa\u017eeno, kdyby komunity zasa\u017een\u00e9 pokra\u010duj\u00edc\u00edm n\u00e1sil\u00edm p\u0159ijaly cestu \u201e\u00a0<\/span><em><span>odpu\u0161t\u011bn\u00ed a zapomn\u011bn\u00ed<\/span><\/em><span>\u00a0\u201c.<\/span><\/p>\n<p><span>Za\u010d\u00e1tkem tohoto t\u00fddne vl\u00e1da st\u00e1tu znovu zavedla \u00fapln\u00fd z\u00e1kaz vych\u00e1zen\u00ed v hlavn\u00edm m\u011bst\u011b Imphal.\u00a0Tento krok n\u00e1sledoval po obnoven\u00fdch st\u0159etech mezi polici\u00ed a demonstranty, kte\u0159\u00ed vy\u0161li do ulic pot\u00e9, co bylo minul\u00fd t\u00fdden zat\u010deno p\u011bt lid\u00ed za \u201e\u00a0<\/span><em><span>vyd\u00e1v\u00e1n\u00ed se za policii<\/span><\/em><span>\u00a0\u201c a no\u0161en\u00ed sofistikovan\u00fdch zbran\u00ed, o kter\u00fdch se p\u0159edpokl\u00e1d\u00e1, \u017ee byly uloupeny z policejn\u00edch zbrojnic.<\/span><\/p>\n<div class=\"rtcode\">\n<div class=\"twitter-tweet twitter-tweet-rendered\"><iframe id=\"twitter-widget-0\" class=\"\" title=\"Twitter Tweet\" src=\"https:\/\/platform.twitter.com\/embed\/Tweet.html?creatorScreenName=RT_com&amp;dnt=false&amp;embedId=twitter-widget-0&amp;features=eyJ0ZndfdGltZWxpbmVfbGlzdCI6eyJidWNrZXQiOltdLCJ2ZXJzaW9uIjpudWxsfSwidGZ3X2ZvbGxvd2VyX2NvdW50X3N1bnNldCI6eyJidWNrZXQiOnRydWUsInZlcnNpb24iOm51bGx9LCJ0ZndfdHdlZXRfZWRpdF9iYWNrZW5kIjp7ImJ1Y2tldCI6Im9uIiwidmVyc2lvbiI6bnVsbH0sInRmd19yZWZzcmNfc2Vzc2lvbiI6eyJidWNrZXQiOiJvbiIsInZlcnNpb24iOm51bGx9LCJ0ZndfZm9zbnJfc29mdF9pbnRlcnZlbnRpb25zX2VuYWJsZWQiOnsiYnVja2V0Ijoib24iLCJ2ZXJzaW9uIjpudWxsfSwidGZ3X21peGVkX21lZGlhXzE1ODk3Ijp7ImJ1Y2tldCI6InRyZWF0bWVudCIsInZlcnNpb24iOm51bGx9LCJ0ZndfZXhwZXJpbWVudHNfY29va2llX2V4cGlyYXRpb24iOnsiYnVja2V0IjoxMjA5NjAwLCJ2ZXJzaW9uIjpudWxsfSwidGZ3X3Nob3dfYmlyZHdhdGNoX3Bpdm90c19lbmFibGVkIjp7ImJ1Y2tldCI6Im9uIiwidmVyc2lvbiI6bnVsbH0sInRmd19kdXBsaWNhdGVfc2NyaWJlc190b19zZXR0aW5ncyI6eyJidWNrZXQiOiJvbiIsInZlcnNpb24iOm51bGx9LCJ0ZndfdXNlX3Byb2ZpbGVfaW1hZ2Vfc2hhcGVfZW5hYmxlZCI6eyJidWNrZXQiOiJvbiIsInZlcnNpb24iOm51bGx9LCJ0ZndfdmlkZW9faGxzX2R5bmFtaWNfbWFuaWZlc3RzXzE1MDgyIjp7ImJ1Y2tldCI6InRydWVfYml0cmF0ZSIsInZlcnNpb24iOm51bGx9LCJ0ZndfbGVnYWN5X3RpbWVsaW5lX3N1bnNldCI6eyJidWNrZXQiOnRydWUsInZlcnNpb24iOm51bGx9LCJ0ZndfdHdlZXRfZWRpdF9mcm9udGVuZCI6eyJidWNrZXQiOiJvbiIsInZlcnNpb24iOm51bGx9fQ%3D%3D&amp;frame=false&amp;hideCard=false&amp;hideThread=false&amp;id=1705133780653179156&amp;lang=cs&amp;origin=https%3A%2F%2Fwww.rt.com%2Findia%2F583429-india-manipur-internet-ban-lifted%2F&amp;sessionId=9a6a070dedf3e3f5bd6a9ea4f36ad63742697203&amp;siteScreenName=RT_com&amp;theme=light&amp;widgetsVersion=aaf4084522e3a%3A1674595607486&amp;width=550px\" frameborder=\"0\" scrolling=\"no\" allowfullscreen=\"allowfullscreen\" data-tweet-id=\"1705133780653179156\" data-mce-fragment=\"1\"><\/iframe><\/div>\n<\/div>\n<p><span>Policie v Manipuru varovala p\u0159ed \u201e\u00a0<\/span><em><span>tvrd\u00fdm z\u00e1sahem<\/span><\/em><span>\u00a0\u201c proti v\u0161em, kte\u0159\u00ed zneu\u017eili uniformy pro \u201e\u00a0<\/span><em><span>postrann\u00ed \u00famysly<\/span><\/em><span> \u201c a uvedla, \u017ee mu\u017ei byli zat\u010deni na z\u00e1klad\u011b \u201ezpr\u00e1v o v\u00fdhr\u016f\u017ek\u00e1ch vyd\u00edr\u00e1n\u00edm, zneu\u017eit\u00ed policejn\u00ed uniformy a p\u0159edst\u00edr\u00e1n\u00ed policejn\u00ed identity ozbrojen\u00fdmi dareb\u00e1ky\u201c.\u00a0<\/span><\/p>\n<p><span>Dva ze zat\u010den\u00fdch osob byli napojeni na povstaleck\u00e9 skupiny v regionu, uvedl Hindustan Times.\u00a0Podle m\u00edstn\u00edch jsou mu\u017ei ve vazb\u011b \u201edobrovoln\u00edci na obranu vesnice\u201c nebo hl\u00edda\u010di, kte\u0159\u00ed se chopili zbran\u00ed, aby ochr\u00e1nili sv\u00e9 komunity pot\u00e9, co v Manipuru vypukly etnick\u00e9 st\u0159ety.<\/span><\/p>\n<p><span>Protesty, st\u0159ety mezi civilisty a polici\u00ed a h\u00e1zen\u00ed kamen\u016f byly tento t\u00fdden hl\u00e1\u0161eny v r\u016fzn\u00fdch oblastech v \u0161esti \u00fadoln\u00edch distriktech Manipuru, kter\u00e9 ob\u00fdv\u00e1 p\u0159edev\u0161\u00edm komunita Meitei.\u00a0Velk\u00fd po\u010det demonstrant\u016f, v\u011bt\u0161inou \u017een, se pokusil za\u00fato\u010dit na n\u011bkolik policejn\u00edch stanic v Imphal East, Imphal West, Bishnupur a dal\u0161\u00edch m\u00edstn\u00edch \u010dtvrt\u00edch a po\u017eadoval propu\u0161t\u011bn\u00ed zat\u010den\u00fdch mu\u017e\u016f.<\/span><\/p>\n<div class=\"read-more large\" data-has-alias=\"\"><a href=\"https:\/\/stranapro.cz\/\"><img decoding=\"async\" loading=\"lazy\" class=\"wp-image-30218 aligncenter\" src=\"http:\/\/www.infokuryr.cz\/n\/wp-content\/uploads\/2023\/06\/PRO-banner-300x36.png\" alt=\"\" width=\"1358\" height=\"163\" srcset=\"https:\/\/www.infokuryr.cz\/n\/wp-content\/uploads\/2023\/06\/PRO-banner-300x36.png 300w, https:\/\/www.infokuryr.cz\/n\/wp-content\/uploads\/2023\/06\/PRO-banner-768x93.png 768w, https:\/\/www.infokuryr.cz\/n\/wp-content\/uploads\/2023\/06\/PRO-banner.png 849w\" sizes=\"(max-width: 1358px) 100vw, 1358px\" \/><\/a><\/div>\n<p><span>Celkem 30 lid\u00ed, v\u010detn\u011b novin\u00e1\u0159ky, kter\u00e1 o ud\u00e1lostech informovala, bylo zran\u011bno p\u0159i st\u0159etech, kdy\u017e se policie uch\u00fdlila k nasazen\u00ed kou\u0159ov\u00fdch bomb a slzn\u00e9ho plynu, aby potla\u010dila protest, \u0159ekl zdroj RT.<\/span><\/p>\n<p><span>Po t\u011bchto incidentech vl\u00e1da st\u00e1tu uvalila z\u00e1kaz vych\u00e1zen\u00ed, aby \u201ezabr\u00e1nila jak\u00fdmkoliv ne\u017e\u00e1douc\u00edm incident\u016fm a ztr\u00e1t\u00e1m na \u017eivotech a majetku\u201c.\u00a0Existovaly v\u00fdjimky pro ty, kte\u0159\u00ed pracuj\u00ed v z\u00e1kladn\u00edch slu\u017eb\u00e1ch, jako je zdravotnictv\u00ed, ve\u0159ejn\u00e9 slu\u017eby a m\u00e9dia.<\/span><\/p>\n<p><span>Po obrovsk\u00e9m n\u00e1tlaku m\u00edstn\u00edch obyvatel byli zat\u010den\u00ed v p\u00e1tek ve\u010der m\u00edstn\u00edm soudem propu\u0161t\u011bni na kauci.\u00a0V Imphalu v\u0161ak do\u0161lo k dal\u0161\u00edm st\u0159et\u016fm pot\u00e9, co jednoho z mu\u017e\u016f zadr\u017eela indick\u00e1 N\u00e1rodn\u00ed vy\u0161et\u0159ovac\u00ed agentura (NIA).\u00a0V p\u00e1tek odpoledne se v\u0161ak situace v Imphalu vr\u00e1tila k \u201enorm\u00e1ln\u00edmu stavu\u201c, \u0159ekl m\u00edstn\u00ed zdroj. V sobotu se tak\u00e9 znovu otev\u0159elo mnoho \u0161kol, obchod\u016f a \u00fa\u0159ad\u016f.<\/span><\/p>\n<p><img decoding=\"async\" loading=\"lazy\" class=\"alignnone size-full wp-image-1185\" src=\"http:\/\/www.infokuryr.cz\/n\/wp-content\/uploads\/2021\/04\/kuryr-podpis.png\" alt=\"\" width=\"84\" height=\"24\" \/><\/p>\n<p>&nbsp;<\/p>\n<p>&nbsp;<\/p>\n<p>&nbsp;<\/p>\n","protected":false},"excerpt":{"rendered":"<p>Slu\u017eby byly v Manipuru p\u0159eru\u0161eny po vypuknut\u00ed etnick\u00e9ho konfliktu v kv\u011btnu Internetov\u00e9 slu\u017eby maj\u00ed b\u00fdt&#8230;<\/p>\n","protected":false},"author":2,"featured_media":36828,"comment_status":"closed","ping_status":"closed","sticky":false,"template":"","format":"standard","meta":[],"categories":[7],"tags":[79,647,95,720],"_links":{"self":[{"href":"https:\/\/www.infokuryr.cz\/n\/wp-json\/wp\/v2\/posts\/36827"}],"collection":[{"href":"https:\/\/www.infokuryr.cz\/n\/wp-json\/wp\/v2\/posts"}],"about":[{"href":"https:\/\/www.infokuryr.cz\/n\/wp-json\/wp\/v2\/types\/post"}],"author":[{"embeddable":true,"href":"https:\/\/www.infokuryr.cz\/n\/wp-json\/wp\/v2\/users\/2"}],"replies":[{"embeddable":true,"href":"https:\/\/www.infokuryr.cz\/n\/wp-json\/wp\/v2\/comments?post=36827"}],"version-history":[{"count":0,"href":"https:\/\/www.infokuryr.cz\/n\/wp-json\/wp\/v2\/posts\/36827\/revisions"}],"wp:featuredmedia":[{"embeddable":true,"href":"https:\/\/www.infokuryr.cz\/n\/wp-json\/wp\/v2\/media\/36828"}],"wp:attachment":[{"href":"https:\/\/www.infokuryr.cz\/n\/wp-json\/wp\/v2\/media?parent=36827"}],"wp:term":[{"taxonomy":"category","embeddable":true,"href":"https:\/\/www.infokuryr.cz\/n\/wp-json\/wp\/v2\/categories?post=36827"},{"taxonomy":"post_tag","embeddable":true,"href":"https:\/\/www.infokuryr.cz\/n\/wp-json\/wp\/v2\/tags?post=36827"}],"curies":[{"name":"wp","href":"https:\/\/api.w.org\/{rel}","templated":true}]}}