{"id":36812,"date":"2023-09-24T00:59:47","date_gmt":"2023-09-23T22:59:47","guid":{"rendered":"http:\/\/www.infokuryr.cz\/n\/?p=36812"},"modified":"2023-09-23T16:02:42","modified_gmt":"2023-09-23T14:02:42","slug":"ekonom-jeffery-sachs-z-kolumbijske-univerzity-zapadni-neokolonialismus-nemuze-zastavit-vzestup-afriky","status":"publish","type":"post","link":"https:\/\/www.infokuryr.cz\/n\/2023\/09\/24\/ekonom-jeffery-sachs-z-kolumbijske-univerzity-zapadni-neokolonialismus-nemuze-zastavit-vzestup-afriky\/","title":{"rendered":"Ekonom Jeffery Sachs z Kolumbijsk\u00e9 univerzity: Z\u00e1padn\u00ed neokolonialismus nem\u016f\u017ee zastavit vzestup Afriky"},"content":{"rendered":"<div id=\"fb-root\"><\/div>\n<p><strong>V\u011bt\u0161\u00ed africk\u00e1 integrace je nevyhnuteln\u00e1 navzdory zn\u00e1mk\u00e1m pokra\u010duj\u00edc\u00edho z\u00e1padn\u00edho neokolonialismu na kontinentu, \u0159ekl ekonom Columbia University Jeffery Sachs v podcastu Sputnik \u201eNew Rules\u201c.<\/strong><\/p>\n<div class=\"elementor-element elementor-element-1fb4c2c elementor-widget elementor-widget-theme-post-content\" data-id=\"1fb4c2c\" data-element_type=\"widget\" data-widget_type=\"theme-post-content.default\">\n<div class=\"elementor-widget-container\">\n<p>Afrika za\u017eila v posledn\u00edch letech vlnu vojensk\u00fdch p\u0159evrat\u016f, kdy se nov\u00e9 vl\u00e1dy, jako v ned\u00e1vn\u00fdch p\u0159\u00edpadech Gabonu a Nigeru, postavily do pozice sil, kter\u00e9 se sna\u017e\u00ed zbavit zbytk\u016f evropsk\u00e9ho neokolonialismu.<\/p>\n<p>Africk\u00fd kontinent v sou\u010dasnosti p\u0159edstavuje slo\u017eit\u00fd a rozporupln\u00fd obraz, ale jedna v\u011bc je nepopirateln\u00e1: pokud by Afrika dos\u00e1hla v\u011bt\u0161\u00ed jednoty, mohla by za 20 let dos\u00e1hnout hospod\u00e1\u0159sk\u00e9ho pr\u016flomu, stejn\u011b jako to ud\u011blala \u010c\u00edna nebo Indie, vysv\u011btlil renomovan\u00fd ekonom a profesor Columbia University Jeffrey Sachs \u0159ekl Sputniku.<\/p>\n<p>\u201eAfrika byla rozd\u011blena evropsk\u00fdmi imperi\u00e1ln\u00edmi mocnostmi na 55 zem\u00ed, z nich\u017e mnoh\u00e9 jsou docela mal\u00e9&#8230; Ale kontinent jako celek m\u00e1 1,4 miliardy lid\u00ed, co\u017e je srovnateln\u00e9 s jedinou zem\u00ed \u010c\u00ednou a jedinou zem\u00ed Indi\u00ed.\u00a0\u201ePokud tedy Afrika zahne za roh, uk\u00e1\u017ee v\u00edce jednoty a bude m\u00edt sjednocenou kontinent\u00e1ln\u00ed ekonomiku, Afrika m\u016f\u017ee n\u00e1sledovat v asi 20let\u00fdch cyklech: \u010c\u00edna za\u010dala jako<br \/>\nprvn\u00ed (kolem roku 1980), Indie zah\u00e1jila sv\u016fj rychl\u00fd r\u016fst (kolem roku 2000),\u201c vysv\u011btlil profesor. z Kolumbijsk\u00e9 univerzity.<\/p>\n<p>Dodal: \u201eAfrika jako jednotn\u00e1 ekonomick\u00e1 oblast by mohla v nadch\u00e1zej\u00edc\u00edch desetilet\u00edch od roku 2020 dos\u00e1hnout konstantn\u00edho ekonomick\u00e9ho rozvoje o 7 a\u017e 10 %.\u00a0To je opravdu vzru\u0161uj\u00edc\u00ed.\u00a0Tak\u017ee to je pozitivn\u00ed str\u00e1nka p\u0159\u00edb\u011bhu pro Afriku.\u201c<\/p>\n<p>Ned\u00e1vn\u00e9 p\u0159ijet\u00ed Afriky do Unie &#8211; Africk\u00e9 unie (AU) &#8211; jako 21. \u010dlena G20 je velmi v\u00fdznamnou ud\u00e1lost\u00ed, uvedl ekonom.<\/p>\n<p>Podle Jeffreyho Sachse je tento krok d\u016fle\u017eit\u00fd pro G20, proto\u017ee \u201ep\u0159ivede ke stolu dal\u0161\u00edch 1,4 miliardy lid\u00ed s jedn\u00edm k\u0159eslem, s\u00eddlem AU\u201c.\u00a0Ale mohlo by to m\u00edt tak\u00e9 \u201emocn\u00fd \u00fa\u010dinek pos\u00edlen\u00ed sjednocen\u00ed kontinent\u00e1ln\u00ed ekonomiky v Africe\u201c.<br \/>\nTo by zase podpo\u0159ilo hospod\u00e1\u0159sk\u00fd pokrok Afriky v nadch\u00e1zej\u00edc\u00edch desetilet\u00edch, zd\u016fraznil Sachs.<\/p>\n<p class=\"has-medium-font-size\"><span style=\"font-size: 18pt;\"><strong>\u201eNestabilita zakomponovan\u00e1 do extr\u00e9mn\u00ed chudoby\u201c<\/strong><\/span><\/p>\n<p>Pokud jde o z\u00e1plavu ned\u00e1vn\u00fdch vojensk\u00fdch p\u0159evzet\u00ed, k t\u00e9to politick\u00e9 vln\u011b vedlo n\u011bkolik ekonomick\u00fdch faktor\u016f, \u0159ekl ekonom.<br \/>\n\u201eAfrika z\u016fst\u00e1v\u00e1 nejchud\u0161\u00ed \u010d\u00e1st\u00ed sv\u011bta&#8230; A oblast Sahelu v Africe, tedy polo- a\u017e extr\u00e9mn\u011b such\u00e1 oblast pobl\u00ed\u017e Sahary, st\u00e1ty jako Senegal, Burkina Faso, Guinea, \u010cad, Niger, Mali, S\u00fad\u00e1n. jsou nejchud\u0161\u00edmi oblastmi planet, proto\u017ee jsou v\u011bt\u0161inou obklopeny pevninou, z velk\u00e9 \u010d\u00e1sti bez infrastruktury\u2026 \u010dasto \u0159\u00eddce os\u00eddlen\u00e9 a z\u00e1rove\u0148 obklopen\u00e9 pevninou.\u00a0Je chud\u00e1,\u201c zd\u016fraznil Jeffrey Sachs.<\/p>\n<p>K posledn\u00edm vojensk\u00fdm p\u0159evrat\u016fm do\u0161lo v t\u011bchto velmi chud\u00fdch zem\u00edch, Guinei, Burkin\u011b Faso, \u010cadu, Mali a Nigeru, p\u0159i\u010dem\u017e chudoba je \u201esou\u010d\u00e1st\u00ed z\u00e1kladn\u00edho substr\u00e1tu toho v\u0161eho,\u201c \u0159ekl ekonom.\u00a0&#8222;Je tam hodn\u011b frustrace.&#8220;\u00a0V extr\u00e9mn\u00ed chudob\u011b je velk\u00e1 nestabilita,\u201c \u0159ekl Sachs.<\/p>\n<p>K uchopen\u00ed moci arm\u00e1dou v Nigeru do\u0161lo 26. \u010dervence, kdy byl nigerijsk\u00fd prezident Mohamed Bazoum svr\u017een a zat\u010den svou vlastn\u00ed str\u00e1\u017e\u00ed vedenou gener\u00e1lem Abdourahamane Tchianim.\u00a0Francie akci odsoudila a z\u00e1rove\u0148 vyj\u00e1d\u0159ila podporu \u201elegitimn\u00ed vl\u00e1d\u011b\u201c sv\u00e9 b\u00fdval\u00e9 kolonie.\u00a0Rebelov\u00e9 mezit\u00edm zastavili v\u00fdvoz zlata a uranu do Francie, zablokovali francouzsk\u00e1 m\u00e9dia a zru\u0161ili n\u011bkolik vojensk\u00fdch pakt\u016f s Pa\u0159\u00ed\u017e\u00ed.\u00a0V polovin\u011b srpna tak\u00e9 po\u017eadovali, aby francouz\u0161t\u00ed voj\u00e1ci opustili zemi do za\u010d\u00e1tku z\u00e1\u0159\u00ed.<\/p>\n<p>Pokud jde o Gabon, Bongo Ondimba byl znovu zvolen na t\u0159et\u00ed funk\u010dn\u00ed obdob\u00ed 30. srpna se 64,2 % hlas\u016f.\u00a0Gabonsk\u00e1 arm\u00e1da v\u0161ak v televizn\u00edm projevu prohl\u00e1sila v\u00fdsledky voleb za neplatn\u00e9 a rozpustila v\u0161echny instituce.\u00a0Ondimba byl od t\u00e9 doby um\u00edst\u011bn do dom\u00e1c\u00edho v\u011bzen\u00ed, zat\u00edmco rebelov\u00e9 uvedli, \u017ee jednomysln\u011b jmenovali gener\u00e1la Brice Oligui Nguemu do\u010dasn\u00fdm prezidentem Gabonu.<\/p>\n<p>\u201eTyto p\u0159evraty jsou v\u0161ak obl\u00edben\u00e9 ze dvou d\u016fvod\u016f.\u00a0Na jedn\u00e9 stran\u011b je zde nespokojenost s p\u0159etrv\u00e1vaj\u00edc\u00ed, chronickou a z\u0159ejm\u011b i prohlubuj\u00edc\u00ed se chudobou.\u00a0Samoz\u0159ejm\u011b je to v\u017edy<br \/>\npozv\u00e1nka k n\u011bjak\u00e9 nestabilit\u011b nebo zm\u011bn\u011b vl\u00e1dy.\u00a0Ale v tom v\u0161em je tak\u00e9 velmi siln\u00e1 antikoloni\u00e1ln\u00ed&#8230; protifrancouzsk\u00e1 reakce, zvl\u00e1\u0161t\u011b v z\u00e1padn\u00ed Africe, dodal Jeffrey Sachs.<\/p>\n<p>P\u0159ipomn\u011bl, \u017ee to byly evropsk\u00e9 spole\u010dnosti, kter\u00e9 \u201eovl\u00e1dly tyto zem\u011b a odebraly jim zdroje za velmi n\u00edzk\u00e9 ceny\u201c.\u00a0Z\u00e1rove\u0148 neplatili v\u00edc ne\u017e jen slovn\u00ed slu\u017eby, kdy\u017e do\u0161lo na \u0159e\u0161en\u00ed \u201evelmi hlubok\u00fdch probl\u00e9m\u016f s d\u011bdictv\u00edm z d\u0159\u00edv\u011bj\u0161\u00edho koloni\u00e1ln\u00edho obdob\u00ed\u201c.<\/p>\n<p><a href=\"https:\/\/stranapro.cz\/\"><img decoding=\"async\" loading=\"lazy\" class=\"wp-image-30218 aligncenter\" src=\"http:\/\/www.infokuryr.cz\/n\/wp-content\/uploads\/2023\/06\/PRO-banner-300x36.png\" alt=\"\" width=\"1358\" height=\"163\" srcset=\"https:\/\/www.infokuryr.cz\/n\/wp-content\/uploads\/2023\/06\/PRO-banner-300x36.png 300w, https:\/\/www.infokuryr.cz\/n\/wp-content\/uploads\/2023\/06\/PRO-banner-768x93.png 768w, https:\/\/www.infokuryr.cz\/n\/wp-content\/uploads\/2023\/06\/PRO-banner.png 849w\" sizes=\"(max-width: 1358px) 100vw, 1358px\" \/><\/a><\/p>\n<p>&#8222;A tak je tu spousta nelibosti&#8230; a spousta pokra\u010duj\u00edc\u00edch instituc\u00ed, samoz\u0159ejm\u011b, jako Z\u00e1padoafrick\u00e1 m\u011bnov\u00e1 unie, kter\u00e1 je st\u00e1le pod francouzskou kontrolou&#8230; Tak\u017ee to, co vid\u00edme, jsou popul\u00e1rn\u00ed ot\u0159esy, a to je opravdu vyvol\u00e1vat mnoho rozho\u0159\u010den\u00ed.\u00a0Samoz\u0159ejm\u011b p\u0159edev\u0161\u00edm ve Francii, ale tak\u00e9 ve Spojen\u00fdch st\u00e1tech, kter\u00e9 v tomto regionu z\u0159\u00eddily \u010detn\u00e9 vojensk\u00e9 z\u00e1kladny.\u201c<\/p>\n<p>\u201eSpojen\u00e9 st\u00e1ty, Francie a Brit\u00e1nie ve sv\u00e9m imperi\u00e1ln\u00edm stylu vyu\u017eily NATO ke svr\u017een\u00ed Muammara Kadd\u00e1f\u00edho v Libyi v roce 2011.\u00a0&#8222;Byla to v mnoha ohledech naprosto nerozumn\u00e1 akce, ale typick\u00e1 zm\u011bna re\u017eimu pod veden\u00edm USA, kter\u00e1 otev\u0159ela Pando\u0159inu sk\u0159\u00ed\u0148ku nestability pro cel\u00fd region,&#8220; zd\u016fraznil ekonom.<\/p>\n<p>Krom\u011b probl\u00e9mu s chudobou v Africe je jeho sou\u010d\u00e1st\u00ed \u201epokra\u010duj\u00edc\u00ed reakce na ten druh neokoloni\u00e1ln\u00edho \u0159\u00e1du, kter\u00fd p\u0159etrv\u00e1v\u00e1,\u201c dodal Sachs.\u00a0Profesor Kolumbijsk\u00e9 univerzity zopakoval, \u017ee zat\u00edmco podm\u00ednky na kontinentu z\u016fst\u00e1vaj\u00ed \u201ek\u0159ehk\u00e9\u201c, \u201eskute\u010dn\u00e1 perspektiva Afriky spo\u010d\u00edv\u00e1 v ekonomick\u00e9, fyzick\u00e9 a infrastrukturn\u00ed integraci\u201c.<\/p>\n<p>\u201e\u010clenstv\u00ed v G20 je toho sign\u00e1lem a bude pob\u00eddkou pro v\u011bt\u0161\u00ed ekonomick\u00fd \u00fasp\u011bch v Africe,\u201c \u0159ekl Jeffrey Sachs.<\/p>\n<p class=\"has-medium-font-size\"><span style=\"font-size: 18pt;\"><strong>Vojensk\u00e9 z\u00e1kladny \u201emus\u00ed zav\u0159\u00edt obchod\u201c<\/strong><\/span><\/p>\n<p>Zat\u00edmco se Afrika sna\u017e\u00ed set\u0159\u00e1st aspekty sv\u00e9 neokoloni\u00e1ln\u00ed minulosti, Z\u00e1pad si nad\u00e1le udr\u017euje v\u00fdznamnou vojenskou a ekonomickou p\u0159\u00edtomnost v mnoha zem\u00edch na kontinentu, v n\u011bkter\u00fdch p\u0159\u00edpadech ve form\u011b vojensk\u00fdch z\u00e1kladen, \u201eboty na zemi\u201c.\u00a0Pot\u00e9, co Niger v polovin\u011b srpna po\u017eadoval, aby francouz\u0161t\u00ed voj\u00e1ci opustili zemi do za\u010d\u00e1tku z\u00e1\u0159\u00ed, vojensk\u00e9 veden\u00ed zem\u011b obvinilo Pa\u0159\u00ed\u017e z rozm\u00edst\u011bn\u00ed sil v n\u011bkter\u00fdch z\u00e1padoafrick\u00fdch zem\u00edch kv\u016fli \u201evojensk\u00e9 intervenci\u201c.<\/p>\n<p>Jeffrey Sachs se vyj\u00e1d\u0159il k ot\u00e1zce, zda by velk\u00e9 z\u00e1padn\u00ed zem\u011b, jako je Francie a Spojen\u00e9 st\u00e1ty, mohly b\u00fdt proti africk\u00e9 integraci a spolupr\u00e1ci: \u201eNev\u011b\u0159\u00edm,<br \/>\n\u017ee Spojen\u00e9 st\u00e1ty a Evropa mohou b\u00fdt proti africk\u00e9 integraci, ani\u017e by existoval bumerang a africk\u00e1 integrace se stala vyrovnanou. ideologicky a politicky siln\u011bj\u0161\u00ed.<\/p>\n<p>Nemysl\u00edm si, \u017ee to zvl\u00e1dnou&#8230; A v\u011b\u0159\u00edm, \u017ee vojensk\u00e9 z\u00e1kladny ciz\u00edch mocnost\u00ed v Africe se mus\u00ed zav\u0159\u00edt a oni se mus\u00ed vr\u00e1tit dom\u016f.\u00a0S t\u00edm po\u010d\u00edt\u00e1m.\u00a0To je samoz\u0159ejm\u011b tak\u00e9 to, co Nig\u00e9rie po\u017eaduje od Francie.\u00a0A mysl\u00edm, \u017ee to bude obecn\u00fd vzorec.<\/p>\n<p>P\u0159i pohledu do budoucna nem\u016f\u017ee Z\u00e1pad zastavit africkou integraci podporovanou Ruskem a dal\u0161\u00edmi zem\u011bmi BRICS, domn\u00edv\u00e1 se ekonom.\u00a0Afrika m\u00e1 potenci\u00e1l st\u00e1t se silou, se kterou je t\u0159eba po\u010d\u00edtat v multipol\u00e1rn\u00edm sv\u011bt\u011b, spolupracuj\u00edc\u00ed s \u010c\u00ednou na jedn\u00e9 stran\u011b a Z\u00e1padem na druh\u00e9 stran\u011b, Ruskem a Indi\u00ed.<\/p>\n<p>\u201eTo vy\u017eaduje siln\u00e9 veden\u00ed v Africe a pochopen\u00ed, \u017ee ne 55 mal\u00fdch zem\u00ed najednou, ale jedna se mus\u00ed ujmout veden\u00ed, p\u0159i\u010dem\u017e Africk\u00e1 unie m\u00e1 vizi dos\u00e1hnout p\u0159esn\u011b tohoto pr\u016flomu.\u00a0Ale mysl\u00edm, \u017ee toto je \u017e\u00e1douc\u00ed cesta.\u00a0Mysl\u00edm, \u017ee je to dokonce pravd\u011bpodobn\u00e1 cesta.&#8220;<\/p>\n<p>Mnoho africk\u00fdch v\u016fdc\u016f si to uv\u011bdomuje, zd\u016fraznil Sachs a dodal:<br \/>\n\u201eJe st\u00e1le v\u00edce d\u016fle\u017eit\u00fdch africk\u00fdch podnikatel\u016f, n\u011bkte\u0159\u00ed velmi bohat\u00ed, kte\u0159\u00ed cht\u011bj\u00ed investovat do p\u0159eshrani\u010dn\u00edho obchodu.\u00a0Nyn\u00ed existuje africk\u00fd, v podstat\u011b spole\u010dn\u00fd trh.<\/p>\n<p>Zav\u00e1d\u00ed se jednotn\u00e9 na\u0159\u00edzen\u00ed pro leteck\u00fd provoz, tak\u017ee leteck\u00fd provoz v Africe bude mnohem jednodu\u0161\u0161\u00ed.\u00a0Pro digit\u00e1ln\u00ed Afriku se skute\u010dn\u011b pokl\u00e1d\u00e1 mnoho vl\u00e1ken.\u00a0Tak\u017ee tato siln\u00e1 spojen\u00ed p\u0159ich\u00e1zej\u00ed v prav\u00fd \u010das, proto\u017ee je zde tak\u00e9 hodn\u011b chudoby a hodn\u011b nestability.\u201c<\/p>\n<p>Sachs dodal, \u017ee africkou integraci budou siln\u011b podporovat Rusko, \u010c\u00edna, Indie, Braz\u00edlie, jin\u00fdmi slovy, p\u0159edn\u00ed zem\u011b BRICS a Ji\u017en\u00ed Afrika.<\/p>\n<p>BRICS v sou\u010dasnosti zahrnuje Braz\u00edlii, Rusko, Indii, \u010c\u00ednu a Ji\u017en\u00ed Afriku.\u00a0V srpnu pozval 15. summit BRICS na vysok\u00e9 \u00farovni v Johannesburgu Argentinu, Egypt, Etiopii, \u00cdr\u00e1n, Spojen\u00e9 arabsk\u00e9 emir\u00e1ty a Sa\u00fadskou Ar\u00e1bii, aby se p\u0159ipojily k bloku.\u00a0Va\u0161e pln\u00e9 \u010dlenstv\u00ed bude zah\u00e1jeno 1. ledna 2024.<\/p>\n<p>\u201eObecn\u011b se domn\u00edv\u00e1m, \u017ee region\u00e1ln\u00ed seskupen\u00ed ve sv\u011bt\u011b se postupem \u010dasu st\u00e1vaj\u00ed st\u00e1le siln\u011bj\u0161\u00edmi, proto\u017ee mnoho na\u0161ich technologi\u00ed nemus\u00ed nutn\u011b fungovat p\u0159es st\u00e1tn\u00ed hranice, ale na region\u00e1ln\u00ed \u00farovni.\u00a0Mysl\u00edm si tedy, \u017ee to, co \u0159\u00edk\u00e1m o Africe, bude platit i pro Ji\u017en\u00ed Ameriku.\u00a0Mysl\u00edm, \u017ee to plat\u00ed i pro jihov\u00fdchodn\u00ed Asii, ASEAN a tak d\u00e1le.\u00a0Domn\u00edv\u00e1m se v\u0161ak, \u017ee tyto s\u00edly region\u00e1ln\u00ed integrace jsou v Africe obzvl\u00e1\u0161t\u011b siln\u00e9, proto\u017ee jsou skute\u010dn\u011b cestou k tomu, aby Afrika kone\u010dn\u011b opustila chudobu a d\u011bdictv\u00ed kolonialismu.<\/p>\n<p>Pouk\u00e1zal na to, \u017ee bude trvat roky, ne\u017e bude Afrika vn\u00edm\u00e1na v\u011bt\u0161inou sv\u011bta jako \u201edynamick\u00fd hr\u00e1\u010d\u201c.<br \/>\n\u201eAfrika mus\u00ed 20 let tvrd\u011b pracovat a investovat, aby polo\u017eila z\u00e1klady, dos\u00e1hla elektrifikace a vybudovala z\u00e1kladn\u00ed dopravn\u00ed infrastrukturu.\u00a0To je pr\u00e1ce na p\u0159\u00ed\u0161t\u00edch 20 let.\u00a0Ale pokud se Afrika bude chovat jako jednotn\u00fd syst\u00e9m, dostane se tam,\u201c \u0159ekl Jeffrey Sachs.<\/p>\n<\/div>\n<\/div>\n<p>&nbsp;<\/p>\n<div class='videoWrapper'>\r\n\t            <iframe src='https:\/\/rumble.com\/embed\/pj.v3epdkq\/' frameborder='0' allowfullscreen><\/iframe>\r\n\t        <\/div>\n<p>&nbsp;<\/p>\n<div class=\"elementor-element elementor-element-8c57238 quelle dc-has-condition dc-condition-empty elementor-widget elementor-widget-heading\" data-id=\"8c57238\" data-element_type=\"widget\" data-widget_type=\"heading.default\">\n<div class=\"elementor-widget-container\">\n<h3 class=\"elementor-heading-title elementor-size-default\"><span style=\"font-size: 8pt;\"><a href=\"https:\/\/sputnikglobe.com\/20230917\/jeffrey-sachs-western-neocolonialism-cannot-stop-africas-rise-1113428229.html\" target=\"_blank\" rel=\"nofollow noopener\">ZDROJ<\/a><\/span><\/h3>\n<\/div>\n<\/div>\n","protected":false},"excerpt":{"rendered":"<p>V\u011bt\u0161\u00ed africk\u00e1 integrace je nevyhnuteln\u00e1 navzdory zn\u00e1mk\u00e1m pokra\u010duj\u00edc\u00edho z\u00e1padn\u00edho neokolonialismu na kontinentu, \u0159ekl ekonom Columbia&#8230;<\/p>\n","protected":false},"author":2,"featured_media":36813,"comment_status":"closed","ping_status":"closed","sticky":false,"template":"","format":"standard","meta":[],"categories":[7],"tags":[1271,1042,59,1203,5975,365],"_links":{"self":[{"href":"https:\/\/www.infokuryr.cz\/n\/wp-json\/wp\/v2\/posts\/36812"}],"collection":[{"href":"https:\/\/www.infokuryr.cz\/n\/wp-json\/wp\/v2\/posts"}],"about":[{"href":"https:\/\/www.infokuryr.cz\/n\/wp-json\/wp\/v2\/types\/post"}],"author":[{"embeddable":true,"href":"https:\/\/www.infokuryr.cz\/n\/wp-json\/wp\/v2\/users\/2"}],"replies":[{"embeddable":true,"href":"https:\/\/www.infokuryr.cz\/n\/wp-json\/wp\/v2\/comments?post=36812"}],"version-history":[{"count":1,"href":"https:\/\/www.infokuryr.cz\/n\/wp-json\/wp\/v2\/posts\/36812\/revisions"}],"predecessor-version":[{"id":36814,"href":"https:\/\/www.infokuryr.cz\/n\/wp-json\/wp\/v2\/posts\/36812\/revisions\/36814"}],"wp:featuredmedia":[{"embeddable":true,"href":"https:\/\/www.infokuryr.cz\/n\/wp-json\/wp\/v2\/media\/36813"}],"wp:attachment":[{"href":"https:\/\/www.infokuryr.cz\/n\/wp-json\/wp\/v2\/media?parent=36812"}],"wp:term":[{"taxonomy":"category","embeddable":true,"href":"https:\/\/www.infokuryr.cz\/n\/wp-json\/wp\/v2\/categories?post=36812"},{"taxonomy":"post_tag","embeddable":true,"href":"https:\/\/www.infokuryr.cz\/n\/wp-json\/wp\/v2\/tags?post=36812"}],"curies":[{"name":"wp","href":"https:\/\/api.w.org\/{rel}","templated":true}]}}