{"id":36783,"date":"2023-09-23T01:01:50","date_gmt":"2023-09-22T23:01:50","guid":{"rendered":"http:\/\/www.infokuryr.cz\/n\/?p=36783"},"modified":"2023-09-22T16:57:50","modified_gmt":"2023-09-22T14:57:50","slug":"jiri-paroubek-jakemu-zajmu-slouzi","status":"publish","type":"post","link":"https:\/\/www.infokuryr.cz\/n\/2023\/09\/23\/jiri-paroubek-jakemu-zajmu-slouzi\/","title":{"rendered":"Ji\u0159\u00ed Paroubek: Jak\u00e9mu z\u00e1jmu slou\u017e\u00ed?"},"content":{"rendered":"<div id=\"fb-root\"><\/div>\n<p><span style=\"font-size: 12pt;\"><strong>M\u00e1m v tuto chv\u00edli na mysli jak prezidenta Petra Pavla, tak periodikum s n\u00e1zvem Forum24.<\/strong><\/span><\/p>\n<p>Forum24 je proslul\u00e9 sv\u00fdmi reak\u010dn\u00edmi n\u00e1zory, \u010dast\u00fdm nevyb\u00edrav\u00fdm osobn\u00edm napad\u00e1n\u00edm t\u011bch, kte\u0159\u00ed zast\u00e1vaj\u00ed protivl\u00e1dn\u00ed anebo prost\u011b jin\u00e9 n\u00e1zory ne\u017eli ty jejich jedin\u011b spr\u00e1vn\u00e9.<\/p>\n<p>Prezident se se\u0161el v\u00a0r\u00e1mci sv\u00e9 n\u00e1v\u0161t\u011bvy OSN v New Yorku tak\u00e9 s\u00a0lichten\u0161tejnsk\u00fdm princem Aloisem. Dost dob\u0159e nech\u00e1pu smysl tohoto setk\u00e1n\u00ed s\u00a0ohledem na miniaturn\u00ed charakter lichten\u0161tejnsk\u00e9ho st\u00e1tu. Je\u0161t\u011b bych tak pochopil, pokud by n\u00e1m Lichten\u0161tejnsko cht\u011blo vydat \u010d\u00edsla \u00fa\u010dt\u016f v\u0161ech \u010desk\u00fdch ob\u010dan\u016f, kte\u0159\u00ed si do bank v\u00a0t\u00e9to zemi ulili sv\u00e9 pen\u00edze. Ale up\u0159\u00edmn\u011b, ti, kdo p\u0159ipravovali setk\u00e1n\u00ed Pavla a prince Aloise, museli dob\u0159e v\u011bd\u011bt, o co tady p\u016fjde. Ur\u010dit\u011b nep\u016fjde o to, aby Lichten\u0161tejnsko hledalo cestu k\u00a0pos\u00edlen\u00ed \u010desk\u00e9ho st\u00e1tn\u00edho rozpo\u010dtu umo\u017en\u011bn\u00edm front\u00e1ln\u00edho \u00fatoku na ty \u010desk\u00e9 ob\u010dany, kte\u0159\u00ed si do t\u00e9to zem\u011b ul\u00e9vaj\u00ed sv\u00e9 \u010dasto podez\u0159el\u00e9 \u010di nezdan\u011bn\u00e9 pen\u00edze.<\/p>\n<p>Jde tedy jen a jen o n\u011bkdej\u0161\u00ed majetek Lichten\u0161tejn\u016f, vyvlastn\u011bn\u00fd v\u00a0\u010cech\u00e1ch a na Morav\u011b lichten\u0161tejnsk\u00e9mu vl\u00e1dnouc\u00edmu rodu na z\u00e1klad\u011b dekret\u016f b\u00fdval\u00e9ho prezidenta republiky Bene\u0161e v roce 1945.<\/p>\n<p>V\u00a0sou\u010dasn\u00e9 dob\u011b se tento spor \u0159e\u0161\u00ed u Evropsk\u00e9ho soudu pro lidsk\u00e1 pr\u00e1va. U \u010desk\u00fdch soud\u016f v\u0161ak lichten\u0161tejnsk\u00e1 kn\u00ed\u017eec\u00ed rodina se sv\u00fdmi \u017ealobami neusp\u011bla.<\/p>\n<p>Dost dob\u0159e nech\u00e1pu, pro\u010d by \u010cesk\u00e1 republika m\u011bla \u0159e\u0161it cel\u00fd spor, kter\u00fd nevyvolala, zp\u016fsobem, o kter\u00e9m mluvil v\u00a0New Yorku p\u0159ed medii lichten\u0161tejnsk\u00fd d\u011bdi\u010dn\u00fd princ Alois. Nejrozumn\u011bj\u0161\u00ed je vy\u010dkat kone\u010dn\u00e9ho verdiktu soud\u016f. U Evropsk\u00e9ho soudu pro lidsk\u00e1 pr\u00e1va to z\u0159ejm\u011b pro Lichten\u0161tejny dopadne podobn\u011b jako u \u010desk\u00fdch soud\u016f.<\/p>\n<p><a href=\"https:\/\/stranapro.cz\/\"><img decoding=\"async\" loading=\"lazy\" class=\"wp-image-30218 aligncenter\" src=\"http:\/\/www.infokuryr.cz\/n\/wp-content\/uploads\/2023\/06\/PRO-banner-300x36.png\" alt=\"\" width=\"1358\" height=\"163\" srcset=\"https:\/\/www.infokuryr.cz\/n\/wp-content\/uploads\/2023\/06\/PRO-banner-300x36.png 300w, https:\/\/www.infokuryr.cz\/n\/wp-content\/uploads\/2023\/06\/PRO-banner-768x93.png 768w, https:\/\/www.infokuryr.cz\/n\/wp-content\/uploads\/2023\/06\/PRO-banner.png 849w\" sizes=\"(max-width: 1358px) 100vw, 1358px\" \/><\/a><\/p>\n<p>Forum24 se zcela nevlastenecky dom\u00e1h\u00e1 toho, \u201eabychom za\u010dali hledat spravedlnost a vr\u00e1tili, co bylo ukradeno\u201c. Sle\u010dna redaktorka, jej\u00ed\u017e jm\u00e9no jsem nikdy p\u0159edt\u00edm nesly\u0161el, mluv\u00ed v\u00a0souvislosti s\u00a0t\u00edmto soudn\u00edm sporem o tom, \u017ee pr\u00fd hroz\u00ed \u010cesk\u00e9 republice \u201eobrovsk\u00e1 ostuda\u201c. Podle n\u00ed, a tady opakuje obezli\u010dky a advok\u00e1tsk\u00e9 triky pr\u00e1vn\u00edch z\u00e1stupc\u016f Lichten\u0161tejn\u016f, pr\u00fd majetky t\u00e9to \u0161lechtick\u00e9 rodiny, v\u010detn\u011b z\u00e1mk\u016f Lednice a Valtice, byly zabaveny \u201ev\u00a0rozporu i s\u00a0ostudn\u00fdmi Bene\u0161ov\u00fdmi dekrety, proto\u017ee Lichten\u0161tejnov\u00e9 nejsou a nebyli N\u011bmci! \u0160lo \u010dist\u011b o to, \u017ee z\u00e1stupci \u010ceskoslovenska si uv\u011bdomovali, \u017ee okr\u00e1st Lichten\u0161tejny bude snadn\u00e9\u201c. A pak ta mil\u00e1 d\u00e1ma ve Forum24 napad\u00e1 \u010desk\u00e9 soudy, \u017ee pr\u00fd toleruj\u00ed i 30 let po sametov\u00e9 revoluci okraden\u00ed Lichten\u0161tejn\u016f. A pak bl\u00e1bol\u00ed cosi o \u201ezbol\u0161evizovan\u00fdch mysl\u00edch\u201c \u010cech\u016f a o tom, \u017ee pr\u00fd tu m\u00e1me tolik \u201est\u00e1tn\u00edch z\u00e1mk\u016f\u201c, \u201ea\u010dkoliv k\u00a0tomu v\u00a0republice nen\u00ed v\u016fbec \u017e\u00e1dn\u00fd d\u016fvod\u201c.<\/p>\n<p>A v z\u00e1v\u011bru sv\u00e9ho \u010dl\u00e1nku tato dezorientovan\u00e1 osoba u\u017e vyslovuje rozsudek. Alespo\u0148 podle Forum24. \u017de pr\u00fd \u201ety lesy, polnosti a z\u00e1mky\u201c \u201e\u2026jsou tu pro ty, kter\u00fdm popr\u00e1vu pat\u0159\u00ed\u201c. Tedy jinak \u0159e\u010deno, pro rodinu Lichten\u0161tejn\u016f.<\/p>\n<p>A jak to kdysi \u0159\u00edkal velk\u00fd \u010desk\u00fd \u0161lechtic, ro\u017embersk\u00fd vlada\u0159 Petr Vok z\u00a0Ro\u017emberka: Finis coronat opus, neboli \u010desky: Konec korunuje d\u00edlo. Podle redaktorky \u201e\u017e\u00e1dn\u00fd demokratick\u00fd st\u00e1t nesm\u00ed h\u00e1jit zlo\u010din, jak\u00fdm kr\u00e1de\u017e bezpochyby je\u201c. Tedy na\u0161e reak\u010dn\u00ed periodikum Forum24 se v podstat\u011b do\u017eaduje vyd\u00e1n\u00ed majetk\u016f, kter\u00e9 pat\u0159\u00ed st\u00e1tu, rodin\u011b Lichten\u0161tejn\u016f. Mo\u017en\u00e1 by pak mohli p\u0159ij\u00edt ke slovu tak\u00e9 rodiny \u010desk\u00fdch p\u00e1n\u016f, kter\u00fdm p\u0159ed \u010dty\u0159mi sty lety byla v\u00fdznamn\u00e1 \u010d\u00e1st t\u011bchto majetk\u016f v\u00a0r\u00e1mci tzv. Obnoven\u00e9ho \u0159\u00edzen\u00ed zemsk\u00e9ho zabavena a rozd\u011blena v\u011brn\u00fdm habsbursk\u00e9ho c\u00edsa\u0159e Ferdinanda. \u0160lo \u010dasto o majetky \u010desk\u00e9 protestantsk\u00e9 \u0161lechty, kter\u00e9 se dostaly tehdy do rukou Lichten\u0161tejn\u016f. Ale to je jen mal\u00e9 historick\u00e9 odbo\u010den\u00ed.<\/p>\n<p>Pova\u017eovat tzv. Bene\u0161ovy dekrety za \u201eostudn\u00e9\u201c, vid\u00edm jako vyj\u00e1d\u0159en\u00ed na \u00farovni vlastizrady. Jsou dodnes sou\u010d\u00e1st\u00ed \u010desk\u00e9ho pr\u00e1vn\u00edho \u0159\u00e1du a tak to i z\u016fstane. A bl\u00e1boly o jejich vyhaslosti \u010di zkonzumov\u00e1n\u00ed, jsou skute\u010dn\u011b jen bl\u00e1boly.<\/p>\n<p>Lichten\u0161tejnsk\u00e1 kn\u00ed\u017eec\u00ed rodina se zrovna v\u00a0kl\u00ed\u010dov\u00e9m a pro republiku a \u010desk\u00fd n\u00e1rod osudn\u00e9m roce 1938 moc nep\u0159edvedla. Udr\u017eovala \u010dil\u00e9 kontakty s\u00a0politiky Henleinovy SdP, kte\u0159\u00ed pomohli Hitlerovi rozb\u00edt republiku. Zaslala blahop\u0159ejn\u00fd telegram A. Hitlerovi k\u00a0uzav\u0159en\u00ed, pro \u010desk\u00fd n\u00e1rod potupn\u00e9, Mnichovsk\u00e9 dohody. A anga\u017eovala se nap\u0159. p\u0159i delimitaci a stanoven\u00ed pomnichovsk\u00e9 hranice druh\u00e9 \u010cSR tak, \u017ee to bylo pro republiku nev\u00fdhodn\u00e9 a tedy v\u00fdhodn\u00e9 pro nacistick\u00e9 N\u011bmecko.<\/p>\n<p>Nevid\u00edm d\u016fvodu pro n\u011bjak\u00e9 mimosoudn\u00ed vyrovn\u00e1n\u00ed republiky s\u00a0Lichten\u0161tejny, nebo\u0165 by to rozv\u00ed\u0159ilo nekone\u010dn\u00e9 kolo dal\u0161\u00edch restitu\u010dn\u00edch spor\u016f. Byl by to nesporn\u011b postup o n\u011bj\u017e by se jako o precedens mohly op\u0159\u00edt i jin\u00e9 n\u011bmeck\u00e9 \u0161lechtick\u00e9 rody, kter\u00e9 byly v\u00a0souladu s\u00a0Bene\u0161ov\u00fdmi dekrety vyvlastn\u011bny. Nejsem si jist, \u017ee Pavel a lid\u00e9 kolem n\u011bj to ch\u00e1pou&#8230;Anebo to ch\u00e1pou a\u017e moc dob\u0159e.<\/p>\n<p><a href=\"https:\/\/vasevec.info\/komentare\/jakemu-zajmu-slouzi\">Ji\u0159\u00ed Paroubek<\/a><\/p>\n<p><img decoding=\"async\" loading=\"lazy\" class=\"alignnone size-medium wp-image-2342\" src=\"http:\/\/www.infokuryr.cz\/n\/wp-content\/uploads\/2021\/06\/paroubek-300x208.jpg\" alt=\"\" width=\"300\" height=\"208\" srcset=\"https:\/\/www.infokuryr.cz\/n\/wp-content\/uploads\/2021\/06\/paroubek-300x208.jpg 300w, https:\/\/www.infokuryr.cz\/n\/wp-content\/uploads\/2021\/06\/paroubek.jpg 318w\" sizes=\"(max-width: 300px) 100vw, 300px\" \/><\/p>\n<p>&nbsp;<\/p>\n<p>&nbsp;<\/p>\n","protected":false},"excerpt":{"rendered":"<p>M\u00e1m v tuto chv\u00edli na mysli jak prezidenta Petra Pavla, tak periodikum s n\u00e1zvem Forum24&#8230;.<\/p>\n","protected":false},"author":2,"featured_media":22065,"comment_status":"closed","ping_status":"closed","sticky":false,"template":"","format":"standard","meta":[],"categories":[6],"tags":[1835,29,5968,1173],"_links":{"self":[{"href":"https:\/\/www.infokuryr.cz\/n\/wp-json\/wp\/v2\/posts\/36783"}],"collection":[{"href":"https:\/\/www.infokuryr.cz\/n\/wp-json\/wp\/v2\/posts"}],"about":[{"href":"https:\/\/www.infokuryr.cz\/n\/wp-json\/wp\/v2\/types\/post"}],"author":[{"embeddable":true,"href":"https:\/\/www.infokuryr.cz\/n\/wp-json\/wp\/v2\/users\/2"}],"replies":[{"embeddable":true,"href":"https:\/\/www.infokuryr.cz\/n\/wp-json\/wp\/v2\/comments?post=36783"}],"version-history":[{"count":0,"href":"https:\/\/www.infokuryr.cz\/n\/wp-json\/wp\/v2\/posts\/36783\/revisions"}],"wp:featuredmedia":[{"embeddable":true,"href":"https:\/\/www.infokuryr.cz\/n\/wp-json\/wp\/v2\/media\/22065"}],"wp:attachment":[{"href":"https:\/\/www.infokuryr.cz\/n\/wp-json\/wp\/v2\/media?parent=36783"}],"wp:term":[{"taxonomy":"category","embeddable":true,"href":"https:\/\/www.infokuryr.cz\/n\/wp-json\/wp\/v2\/categories?post=36783"},{"taxonomy":"post_tag","embeddable":true,"href":"https:\/\/www.infokuryr.cz\/n\/wp-json\/wp\/v2\/tags?post=36783"}],"curies":[{"name":"wp","href":"https:\/\/api.w.org\/{rel}","templated":true}]}}