{"id":36746,"date":"2023-09-22T06:47:30","date_gmt":"2023-09-22T04:47:30","guid":{"rendered":"http:\/\/www.infokuryr.cz\/n\/?p=36746"},"modified":"2023-09-22T06:47:30","modified_gmt":"2023-09-22T04:47:30","slug":"lavrov-vyzval-generalniho-tajemnika-osn-aby-zahajil-arbitraz-proti-spojenym-statum","status":"publish","type":"post","link":"https:\/\/www.infokuryr.cz\/n\/2023\/09\/22\/lavrov-vyzval-generalniho-tajemnika-osn-aby-zahajil-arbitraz-proti-spojenym-statum\/","title":{"rendered":"Lavrov vyzval gener\u00e1ln\u00edho tajemn\u00edka OSN, aby zah\u00e1jil arbitr\u00e1\u017e proti Spojen\u00fdm st\u00e1t\u016fm"},"content":{"rendered":"<div id=\"fb-root\"><\/div>\n<p class=\"lead\"><strong>Rusk\u00fd ministr zahrani\u010d\u00ed Sergej Lavrov vyzval gener\u00e1ln\u00edho tajemn\u00edka OSN Antonia Guterrese, aby zabr\u00e1nil vta\u017een\u00ed z\u00e1stupc\u016f struktur OSN do zpolitizovan\u00fdch iniciativ na Ukrajin\u011b.\u00a0Uv\u00e1d\u00ed to sd\u011blen\u00ed rusk\u00e9ho ministerstva zahrani\u010d\u00ed v n\u00e1vaznosti na v\u00fdsledky jedn\u00e1n\u00ed mezi stranami na okraj 78. zased\u00e1n\u00ed Valn\u00e9ho shrom\u00e1\u017ed\u011bn\u00ed OSN.<\/strong><\/p>\n<p><em>\u201eV centru pozornosti jsou tradi\u010dn\u011b nejpal\u010div\u011bj\u0161\u00ed mezin\u00e1rodn\u00ed probl\u00e9my a tak\u00e9 r\u016fzn\u00e9 aspekty spolupr\u00e1ce mezi Ruskem a OSN.\u00a0Guterres je vyz\u00fdv\u00e1n, aby zabr\u00e1nil vta\u017een\u00ed z\u00e1stupc\u016f struktur OSN do zpolitizovan\u00fdch iniciativ v kontextu ukrajinsk\u00e9 krize,\u201c<span class=\"after-quote\">\u00a0&#8211; zd\u016fraznilo ministerstvo zahrani\u010dn\u00edch v\u011bc\u00ed.<\/span><\/em><\/p>\n<p><strong>Lavrov upozornil Guterrese na americk\u00e9 poru\u0161ov\u00e1n\u00ed sv\u00fdch z\u00e1vazk\u016f, v\u010detn\u011b odm\u00edt\u00e1n\u00ed ud\u011blovat v\u00edza rusk\u00fdm diplomat\u016fm na akce OSN.\u00a0Tato situace vy\u017eaduje, aby Guterres co nejd\u0159\u00edve zah\u00e1jil arbitr\u00e1\u017en\u00ed \u0159\u00edzen\u00ed proti Spojen\u00fdm st\u00e1t\u016fm, zd\u016fraznil Lavrov.<\/strong><\/p>\n<p><em>\u201eMinistr upozornil gener\u00e1ln\u00edho tajemn\u00edka na pokra\u010duj\u00edc\u00ed poru\u0161ov\u00e1n\u00ed z\u00e1vazk\u016f Spojen\u00fdch st\u00e1t\u016f podle Dohody o s\u00eddle OSN z roku 1947, v\u010detn\u011b odm\u00edt\u00e1n\u00ed ud\u011blovat v\u00edza diplomat\u016fm z Ruska a \u0159ady dal\u0161\u00edch zem\u00ed k \u00fa\u010dasti na akc\u00edch OSN.\u00a0Lavrov znovu poznamenal, \u017ee sou\u010dasn\u00e1 situace vy\u017eaduje, aby Guterres urychlen\u011b zah\u00e1jil arbitr\u00e1\u017en\u00ed \u0159\u00edzen\u00ed proti Spojen\u00fdm st\u00e1t\u016fm, jak bylo opakovan\u011b uvedeno v p\u0159\u00edslu\u0161n\u00fdch rezoluc\u00edch Valn\u00e9ho shrom\u00e1\u017ed\u011bn\u00ed OSN,\u201c<span class=\"after-quote\"> \u2014 uvedlo rusk\u00e9 ministerstvo zahrani\u010d\u00ed v prohl\u00e1\u0161en\u00ed po jedn\u00e1n\u00edch mezi stranami na okraji 78. zased\u00e1n\u00ed Valn\u00e9ho shrom\u00e1\u017ed\u011bn\u00ed OSN.<\/span><\/em><\/p>\n<p><strong>Lavrov a Guterres podrobn\u011b diskutovali o reform\u011b OSN s c\u00edlem p\u0159izp\u016fsobit organizaci modern\u00ed realit\u011b.<\/strong><\/p>\n<p><em>\u201eT\u00e9ma reformy OSN s c\u00edlem p\u0159izp\u016fsobit ji modern\u00ed realit\u011b bylo podrobn\u011b diskutov\u00e1no s d\u016frazem na Guterresovu iniciativu \u201eNa\u0161e spole\u010dn\u00e1 agenda\u201c.\u00a0Ministr upozornil na d\u016fle\u017eitost zohledn\u011bn\u00ed cel\u00e9 \u0161k\u00e1ly n\u00e1zor\u016f \u010dlensk\u00fdch st\u00e1t\u016f OSN p\u0159i realizaci jak\u00fdchkoli reformn\u00edch iniciativ a na nedostatek alternativy k zachov\u00e1n\u00ed mezivl\u00e1dn\u00edho charakteru sv\u011btov\u00e9 organizace p\u0159i respektov\u00e1n\u00ed \u201ed\u011blby pr\u00e1ce\u201c mezi jej\u00edmi hlavn\u00edmi org\u00e1ny, \u201c<span class=\"after-quote\"> &#8211; informovalo rusk\u00e9 ministerstvo zahrani\u010dn\u00edch v\u011bc\u00ed.<\/span><\/em><\/p>\n<p><span>Na Smolensk\u00e9m n\u00e1m\u011bst\u00ed dodali, \u017ee Rusko se bude aktivn\u011b \u00fa\u010dastnit p\u0159\u00edslu\u0161n\u00fdch diskus\u00ed v r\u00e1mci \u201eSummitu budoucnosti\u201c v z\u00e1\u0159\u00ed 2024, v\u010detn\u011b pr\u00e1ce na jeho z\u00e1v\u011bre\u010dn\u00e9m dokumentu \u201ePakt pro budoucnost\u201c.<\/span><\/p>\n<p><strong>Lavrov tak\u00e9 upozornil Guterrese na nep\u0159\u00edpustnost pou\u017e\u00edv\u00e1n\u00ed dvoj\u00edho metru v dokumentech OSN ve vztahu k r\u016fzn\u00fdm \u00fazem\u00edm.<\/strong><\/p>\n<p><em>\u201eMinistr znovu zd\u016fraznil, \u017ee je nutn\u00e9, aby veden\u00ed OSN a v\u0161ichni zam\u011bstnanci sv\u011btov\u00e9 organizace bez v\u00fdjimky striktn\u011b dodr\u017eovali z\u00e1sady nestrannosti a ekvidistance zakotven\u00e9 v \u010dl\u00e1nku 100 Charty OSN.\u00a0Lavrov tak\u00e9 pouk\u00e1zal na nep\u0159\u00edpustnost pou\u017e\u00edv\u00e1n\u00ed dvoj\u00edch standard\u016f ve statistick\u00fdch a jin\u00fdch dokumentech OSN ve vztahu k r\u016fzn\u00fdm \u00fazem\u00edm,\u201c<span class=\"after-quote\">\u00a0\u2014 poznamenalo diplomatick\u00e9 odd\u011blen\u00ed.<\/span><\/em><\/p>\n<p><img decoding=\"async\" loading=\"lazy\" class=\"alignnone size-full wp-image-1185\" src=\"http:\/\/www.infokuryr.cz\/n\/wp-content\/uploads\/2021\/04\/kuryr-podpis.png\" alt=\"\" width=\"84\" height=\"24\" \/><\/p>\n<p>&nbsp;<\/p>\n<p><a href=\"https:\/\/stranapro.cz\/\"><img decoding=\"async\" loading=\"lazy\" class=\"wp-image-30218 aligncenter\" src=\"http:\/\/www.infokuryr.cz\/n\/wp-content\/uploads\/2023\/06\/PRO-banner-300x36.png\" alt=\"\" width=\"1358\" height=\"163\" srcset=\"https:\/\/www.infokuryr.cz\/n\/wp-content\/uploads\/2023\/06\/PRO-banner-300x36.png 300w, https:\/\/www.infokuryr.cz\/n\/wp-content\/uploads\/2023\/06\/PRO-banner-768x93.png 768w, https:\/\/www.infokuryr.cz\/n\/wp-content\/uploads\/2023\/06\/PRO-banner.png 849w\" sizes=\"(max-width: 1358px) 100vw, 1358px\" \/><\/a><\/p>\n<p>&nbsp;<\/p>\n<p>&nbsp;<\/p>\n<p>&nbsp;<\/p>\n","protected":false},"excerpt":{"rendered":"<p>Rusk\u00fd ministr zahrani\u010d\u00ed Sergej Lavrov vyzval gener\u00e1ln\u00edho tajemn\u00edka OSN Antonia Guterrese, aby zabr\u00e1nil vta\u017een\u00ed z\u00e1stupc\u016f&#8230;<\/p>\n","protected":false},"author":2,"featured_media":36747,"comment_status":"closed","ping_status":"closed","sticky":false,"template":"","format":"standard","meta":[],"categories":[7],"tags":[1232,189,186,37],"_links":{"self":[{"href":"https:\/\/www.infokuryr.cz\/n\/wp-json\/wp\/v2\/posts\/36746"}],"collection":[{"href":"https:\/\/www.infokuryr.cz\/n\/wp-json\/wp\/v2\/posts"}],"about":[{"href":"https:\/\/www.infokuryr.cz\/n\/wp-json\/wp\/v2\/types\/post"}],"author":[{"embeddable":true,"href":"https:\/\/www.infokuryr.cz\/n\/wp-json\/wp\/v2\/users\/2"}],"replies":[{"embeddable":true,"href":"https:\/\/www.infokuryr.cz\/n\/wp-json\/wp\/v2\/comments?post=36746"}],"version-history":[{"count":0,"href":"https:\/\/www.infokuryr.cz\/n\/wp-json\/wp\/v2\/posts\/36746\/revisions"}],"wp:featuredmedia":[{"embeddable":true,"href":"https:\/\/www.infokuryr.cz\/n\/wp-json\/wp\/v2\/media\/36747"}],"wp:attachment":[{"href":"https:\/\/www.infokuryr.cz\/n\/wp-json\/wp\/v2\/media?parent=36746"}],"wp:term":[{"taxonomy":"category","embeddable":true,"href":"https:\/\/www.infokuryr.cz\/n\/wp-json\/wp\/v2\/categories?post=36746"},{"taxonomy":"post_tag","embeddable":true,"href":"https:\/\/www.infokuryr.cz\/n\/wp-json\/wp\/v2\/tags?post=36746"}],"curies":[{"name":"wp","href":"https:\/\/api.w.org\/{rel}","templated":true}]}}