{"id":36741,"date":"2023-09-22T06:30:23","date_gmt":"2023-09-22T04:30:23","guid":{"rendered":"http:\/\/www.infokuryr.cz\/n\/?p=36741"},"modified":"2023-09-22T06:30:23","modified_gmt":"2023-09-22T04:30:23","slug":"tiktokerka-byla-uveznena-za-video-s-pojidanim-veproveho-masa","status":"publish","type":"post","link":"https:\/\/www.infokuryr.cz\/n\/2023\/09\/22\/tiktokerka-byla-uveznena-za-video-s-pojidanim-veproveho-masa\/","title":{"rendered":"TikTokerka byla uv\u011bzn\u011bna za video s poj\u00edd\u00e1n\u00edm vep\u0159ov\u00e9ho masa"},"content":{"rendered":"<div id=\"fb-root\"><\/div>\n<p><span style=\"font-size: 18pt;\"><strong>Indon\u00e9sk\u00e1 \u017eena byla na vir\u00e1ln\u00edm videu shled\u00e1na vinnou z ur\u00e1\u017eky muslim\u016f<\/strong><\/span><\/p>\n<p><span>Ovliv\u0148ova\u010dka soci\u00e1ln\u00edch s\u00edt\u00ed z Indon\u00e9sie byla odsouzena ke dv\u011bma let\u016fm v\u011bzen\u00ed za od\u0159\u00edk\u00e1n\u00ed muslimsk\u00e9 modlitby p\u0159ed konzumac\u00ed vep\u0159ov\u00e9ho masa ve vir\u00e1ln\u00edm videu.\u00a0<\/span><\/p>\n<p><span>Lina Lutfiawati byla shled\u00e1na vinnou ze\u00a0<\/span><em><span>\u201e\u0161\u00ed\u0159en\u00ed informac\u00ed, kter\u00e9 by mohly podn\u011bcovat nen\u00e1vist mezi jednotlivci a ur\u010ditou n\u00e1bo\u017eenskou komunitou\u201c,<\/span><\/em><span>\u00a0uvedl v \u00fater\u00fd okresn\u00ed soud v Palembangu ve sv\u00e9m rozhodnut\u00ed podle Jakarta Globe.\u00a0Lutfiawatimu bylo tak\u00e9 na\u0159\u00edzeno zaplatit 250 milion\u016f indon\u00e9sk\u00fdch rupi\u00ed (16 230 $).\u00a0Soudkyn\u011b uvedla, \u017ee pokud nezaplat\u00ed pokutu, jej\u00ed trest bude prodlou\u017een o t\u0159i m\u011bs\u00edce.\u00a0<\/span><\/p>\n<p><span>Lutfiawati, zn\u00e1m\u00e1 online jako Lina Mukherjee, se omluvila p\u0159ed zah\u00e1jen\u00edm procesu. <\/span><em><span>&#8222;V\u00edm, \u017ee jsem se m\u00fdlila, ale tento trest jsem opravdu ne\u010dekala,&#8220;<\/span><\/em><span>\u00a0\u0159ekla novin\u00e1\u0159\u016fm p\u0159ed budovou soudu, jak citovala CNN Indonesia.\u00a0<\/span><\/p>\n<div class=\"read-more large\" data-has-alias=\"\"><a href=\"https:\/\/stranapro.cz\/\"><img decoding=\"async\" loading=\"lazy\" class=\"wp-image-30218 aligncenter\" src=\"http:\/\/www.infokuryr.cz\/n\/wp-content\/uploads\/2023\/06\/PRO-banner-300x36.png\" alt=\"\" width=\"1367\" height=\"164\" srcset=\"https:\/\/www.infokuryr.cz\/n\/wp-content\/uploads\/2023\/06\/PRO-banner-300x36.png 300w, https:\/\/www.infokuryr.cz\/n\/wp-content\/uploads\/2023\/06\/PRO-banner-768x93.png 768w, https:\/\/www.infokuryr.cz\/n\/wp-content\/uploads\/2023\/06\/PRO-banner.png 849w\" sizes=\"(max-width: 1367px) 100vw, 1367px\" \/><\/a><\/div>\n<p><em><span>&#8222;\u017d\u00e1dn\u00fd \u010dlov\u011bk nen\u00ed dokonal\u00fd.&#8220;\u00a0V budoucnu budu produkovat pouze vtipn\u00fd obsah, kter\u00fd lidi neur\u00e1\u017e\u00ed,\u201d<\/span><\/em><span>\u00a0dodala.\u00a0<\/span><\/p>\n<p><span>Video, kter\u00e9 dostalo influencerku do probl\u00e9m\u016f, bylo nahr\u00e1no v b\u0159eznu. Lutfiawati se nato\u010dila, jak \u0159\u00edk\u00e1 \u201eBismillah\u201c (\u201eVe jm\u00e9nu All\u00e1ha\u201c), ne\u017e vyzkou\u0161ela vep\u0159ov\u00e9 k\u016f\u017ee.\u00a0TikTokerka, kter\u00e1 se sama identifikuje jako muslimka, uvedla, \u017ee je <\/span><em><span>\u201ezv\u011bdav\u00e1\u201c<\/span><\/em><span>\u00a0na chu\u0165 vep\u0159ov\u00e9ho masa.<\/span><\/p>\n<p><span>Klip se stal vir\u00e1ln\u00edm, z\u00edskal miliony zhl\u00e9dnut\u00ed a upoutal pozornost konzervativn\u00edch skupin, v\u010detn\u011b indon\u00e9sk\u00e9 rady Ulema, nejvy\u0161\u0161\u00edho duchovn\u00edho org\u00e1nu v zemi, kter\u00fd ozna\u010dil \u010diny \u017eeny za \u201erouh\u00e1n\u00ed\u201c\u00a0<\/span><em><span>.\u00a0<\/span><\/em><span>Lutfiawati byla nakonec nahl\u00e1\u0161ena policii a obvin\u011bna podle z\u00e1kon\u016f zem\u011b o rouh\u00e1n\u00ed.<\/span><\/p>\n<p><span>Indon\u00e9sie je nejv\u011bt\u0161\u00ed zem\u00ed s muslimskou v\u011bt\u0161inou na sv\u011bt\u011b, kde 231 milion\u016f, neboli 93 % jej\u00ed dosp\u011bl\u00e9 populace, \u0159\u00edk\u00e1, \u017ee jejich n\u00e1bo\u017eenstv\u00ed je isl\u00e1m.\u00a0Sou\u010dasn\u00fd z\u00e1kon zakazuje provin\u011bn\u00ed proti \u0161esti ofici\u00e1ln\u011b uznan\u00fdm n\u00e1bo\u017eenstv\u00edm Indon\u00e9sie \u2013 isl\u00e1mu, hinduismu, buddhismu, katolicismu, protestantismu a konfucianismu.\u00a0<\/span><\/p>\n<p><img decoding=\"async\" loading=\"lazy\" class=\"alignnone size-full wp-image-1185\" src=\"http:\/\/www.infokuryr.cz\/n\/wp-content\/uploads\/2021\/04\/kuryr-podpis.png\" alt=\"\" width=\"84\" height=\"24\" \/><\/p>\n<p>&nbsp;<\/p>\n<p>&nbsp;<\/p>\n<p>&nbsp;<\/p>\n","protected":false},"excerpt":{"rendered":"<p>Indon\u00e9sk\u00e1 \u017eena byla na vir\u00e1ln\u00edm videu shled\u00e1na vinnou z ur\u00e1\u017eky muslim\u016f Ovliv\u0148ova\u010dka soci\u00e1ln\u00edch s\u00edt\u00ed z&#8230;<\/p>\n","protected":false},"author":2,"featured_media":36742,"comment_status":"closed","ping_status":"closed","sticky":false,"template":"","format":"standard","meta":[],"categories":[7],"tags":[709,1022,324,847,1214],"_links":{"self":[{"href":"https:\/\/www.infokuryr.cz\/n\/wp-json\/wp\/v2\/posts\/36741"}],"collection":[{"href":"https:\/\/www.infokuryr.cz\/n\/wp-json\/wp\/v2\/posts"}],"about":[{"href":"https:\/\/www.infokuryr.cz\/n\/wp-json\/wp\/v2\/types\/post"}],"author":[{"embeddable":true,"href":"https:\/\/www.infokuryr.cz\/n\/wp-json\/wp\/v2\/users\/2"}],"replies":[{"embeddable":true,"href":"https:\/\/www.infokuryr.cz\/n\/wp-json\/wp\/v2\/comments?post=36741"}],"version-history":[{"count":0,"href":"https:\/\/www.infokuryr.cz\/n\/wp-json\/wp\/v2\/posts\/36741\/revisions"}],"wp:featuredmedia":[{"embeddable":true,"href":"https:\/\/www.infokuryr.cz\/n\/wp-json\/wp\/v2\/media\/36742"}],"wp:attachment":[{"href":"https:\/\/www.infokuryr.cz\/n\/wp-json\/wp\/v2\/media?parent=36741"}],"wp:term":[{"taxonomy":"category","embeddable":true,"href":"https:\/\/www.infokuryr.cz\/n\/wp-json\/wp\/v2\/categories?post=36741"},{"taxonomy":"post_tag","embeddable":true,"href":"https:\/\/www.infokuryr.cz\/n\/wp-json\/wp\/v2\/tags?post=36741"}],"curies":[{"name":"wp","href":"https:\/\/api.w.org\/{rel}","templated":true}]}}