{"id":36739,"date":"2023-09-22T06:24:55","date_gmt":"2023-09-22T04:24:55","guid":{"rendered":"http:\/\/www.infokuryr.cz\/n\/?p=36739"},"modified":"2023-09-22T06:24:55","modified_gmt":"2023-09-22T04:24:55","slug":"iransti-poslanci-schvalili-desetilete-tresty-za-odhaleni","status":"publish","type":"post","link":"https:\/\/www.infokuryr.cz\/n\/2023\/09\/22\/iransti-poslanci-schvalili-desetilete-tresty-za-odhaleni\/","title":{"rendered":"\u00cdr\u00e1n\u0161t\u00ed poslanci schv\u00e1lili desetilet\u00e9 tresty za \u201eodhalen\u00ed\u201c"},"content":{"rendered":"<div id=\"fb-root\"><\/div>\n<p><span style=\"font-size: 18pt;\"><strong>Z\u00e1konod\u00e1rci schv\u00e1lili n\u00e1vrh z\u00e1kona, kter\u00fd stanov\u00ed tvrd\u00e9 tresty za poru\u0161en\u00ed teher\u00e1nsk\u00e9ho n\u00e1bo\u017eensk\u00e9ho obl\u00e9k\u00e1n\u00ed<\/strong><\/span><\/p>\n<p><span>\u00cdr\u00e1n se chyst\u00e1 p\u0159ijmout nov\u00fd z\u00e1kon, kter\u00fd hroz\u00ed p\u0159\u00edsn\u011bj\u0161\u00edmi tresty pro \u017eeny, kter\u00e9 odm\u00edtaj\u00ed nosit povinn\u00fd isl\u00e1msk\u00fd \u0161\u00e1tek, v\u010detn\u011b trest\u016f odn\u011bt\u00ed svobody a\u017e na deset let pro ty, kdo se pod\u00edlej\u00ed na organizovan\u00fdch protestech proti pravidlu.<\/span><\/p>\n<p><span>Parlament zem\u011b \u2013 Isl\u00e1msk\u00e9 poradn\u00ed shrom\u00e1\u017ed\u011bn\u00ed \u2013 schv\u00e1lil z\u00e1kon ve st\u0159edu a odhlasoval zaveden\u00ed nov\u00e9ho z\u00e1kona na zku\u0161ebn\u00ed dobu po dobu t\u0159\u00ed let, ne\u017e vypr\u0161\u00ed jeho platnost.\u00a0\u00cdr\u00e1nsk\u00e1 rada str\u00e1\u017ec\u016f, agentura pro dohled slo\u017een\u00e1 z n\u00e1bo\u017eensk\u00fdch a pr\u00e1vn\u00edch expert\u016f, mus\u00ed opat\u0159en\u00ed je\u0161t\u011b p\u0159ed jeho p\u0159ijet\u00edm schv\u00e1lit.<\/span><\/p>\n<p><span>Z\u00e1kon nab\u00edz\u00ed des\u00edtky \u00faprav teher\u00e1nsk\u00e9ho n\u00e1bo\u017eensk\u00e9ho kodexu obl\u00e9k\u00e1n\u00ed, kter\u00fd plat\u00ed pro mu\u017ee i \u017eeny od revoluce v zemi v roce 1979, s v\u00edce ne\u017e 70 \u010dl\u00e1nky definuj\u00edc\u00edmi pravidla a tresty pro ty, kdo pravidla poru\u0161uj\u00ed.<\/span><\/p>\n<div class=\"read-more read-more__right\" data-has-alias=\"\"><a href=\"https:\/\/stranapro.cz\/\"><img decoding=\"async\" loading=\"lazy\" class=\"wp-image-30218 aligncenter\" src=\"http:\/\/www.infokuryr.cz\/n\/wp-content\/uploads\/2023\/06\/PRO-banner-300x36.png\" alt=\"\" width=\"1367\" height=\"164\" srcset=\"https:\/\/www.infokuryr.cz\/n\/wp-content\/uploads\/2023\/06\/PRO-banner-300x36.png 300w, https:\/\/www.infokuryr.cz\/n\/wp-content\/uploads\/2023\/06\/PRO-banner-768x93.png 768w, https:\/\/www.infokuryr.cz\/n\/wp-content\/uploads\/2023\/06\/PRO-banner.png 849w\" sizes=\"(max-width: 1367px) 100vw, 1367px\" \/><\/a><\/div>\n<p><span>Krom\u011b po\u017eadovan\u00e9ho \u0161\u00e1tku nebo hid\u017e\u00e1bu bude \u017een\u00e1m\u00a0podle zpr\u00e1v m\u00edstn\u00edch m\u00e9di\u00ed zak\u00e1z\u00e1no nosit\u00a0<\/span><em><span>\u201eodhaluj\u00edc\u00ed nebo t\u011bsn\u00e9 oble\u010den\u00ed nebo oble\u010den\u00ed, kter\u00e9 ukazuje \u010d\u00e1sti t\u011bla ni\u017e\u0161\u00ed ne\u017e krk nebo nad kotn\u00edky nebo nad p\u0159edlokt\u00edmi\u201c .\u00a0<\/span><\/em><span>Pro mu\u017ee bude zak\u00e1z\u00e1no \u201eodhalovat oble\u010den\u00ed, kter\u00e9 ukazuje \u010d\u00e1sti t\u011bla n\u00ed\u017ee ne\u017e hrudn\u00edk nebo nad kotn\u00edky nebo rameny\u201c.<\/span><\/p>\n<p><span>\u00cdr\u00e1nci, u kter\u00fdch bylo zji\u0161t\u011bno, \u017ee jsou zapojeni do organizovan\u00fdch protest\u016f proti kodexu obl\u00e9k\u00e1n\u00ed, budou \u010delit nejtvrd\u0161\u00edm trest\u016fm podle nov\u00e9ho z\u00e1kona, kter\u00fd navrhuje desetilet\u00e9 tresty v\u011bzen\u00ed pro demonstranty spolupracuj\u00edc\u00ed se \u201e\u00a0<\/span><em><span>zahrani\u010dn\u00edmi vl\u00e1dami, s\u00edt\u011bmi, m\u00e9dii, skupinami nebo organizacemi\u201c.\u00a0<\/span><\/em><span>Sankce se vztahuj\u00ed i \u200b\u200bna majitele firem, kte\u0159\u00ed se rozhodnou obsluhovat \u017eeny, kter\u00e9 nemaj\u00ed pokr\u00fdvku hlavy, nebo kte\u0159\u00ed propaguj\u00ed\u00a0<\/span><em><span>\u201enahotu, nedostatek cudnosti nebo \u0161patn\u00e9 zahalov\u00e1n\u00ed\u201c.<\/span><\/em><\/p>\n<p><span>Z\u00e1konod\u00e1rci p\u0159ijali opat\u0159en\u00ed jen n\u011bkolik dn\u00ed po v\u00fdro\u010d\u00ed smrti Mahsy Amini, 22let\u00e9 \u017eeny, kter\u00e1 zem\u0159ela ve vazb\u011b \u00edr\u00e1nsk\u00e9 \u201emravn\u00ed policie\u201c pot\u00e9, co byla obvin\u011bna z poru\u0161en\u00ed mand\u00e1tu hid\u017e\u00e1bu.\u00a0Jej\u00ed smrt odstartovala m\u011bs\u00edce n\u00e1siln\u00fdch protest\u016f v cel\u00e9m \u00cdr\u00e1nu, kter\u00e9 vy\u00fastily v tis\u00edce zat\u010den\u00ed a dal\u0161\u00ed ztr\u00e1ty na \u017eivotech mezi demonstranty a bezpe\u010dnostn\u00edmi silami.<\/span><\/p>\n<p><span>Organizace spojen\u00fdch n\u00e1rod\u016f a dal\u0161\u00ed mezin\u00e1rodn\u00ed humanit\u00e1rn\u00ed organizace odsoudily n\u00e1bo\u017eensk\u00fd dress code.\u00a0Minul\u00fd m\u011bs\u00edc skupina expert\u016f OSN prohl\u00e1sila, \u017ee z\u00e1kon o hid\u017e\u00e1bu\u00a0<\/span><em><span>\u201eby mohl b\u00fdt pops\u00e1n jako forma genderov\u00e9ho apartheidu\u201c a<\/span><\/em><span>\u00a0varoval p\u0159ed\u00a0<\/span><em><span>\u201ep\u0159\u00edsn\u00fdmi tresty pro \u017eeny a d\u00edvky za nedodr\u017eov\u00e1n\u00ed\u201c.<\/span><\/em><\/p>\n<p><span>V ned\u00e1vn\u00e9m rozhovoru pro ABC News man\u017eelka \u00edr\u00e1nsk\u00e9ho prezidenta Ebrahima Raisiho, Jamileh Alamolhoda, obhajovala tamn\u00ed dress code a tvrdila, \u017ee pravidla byla vytvo\u0159ena\u00a0<\/span><em><span>\u201ez \u00facty k \u017een\u00e1m\u201c<\/span><\/em><span>\u00a0a neli\u0161\u00ed se od ostatn\u00edch\u00a0<\/span><em><span>\u201edress codes v\u0161ude\u201c.<\/span><\/em><\/p>\n<p><em><span>\u201eMus\u00edm v\u00e1m \u0159\u00edct, \u017ee hid\u017e\u00e1b byla tradice, byla to n\u00e1bo\u017eensky na\u0159\u00edzen\u00e1 tradice, \u0161iroce p\u0159ij\u00edman\u00e1.\u00a0A nyn\u00ed se to po l\u00e9ta zm\u011bnilo v z\u00e1kon.\u00a0A poru\u0161ov\u00e1n\u00ed z\u00e1kon\u016f, po\u0161lap\u00e1v\u00e1n\u00ed jak\u00fdchkoli z\u00e1kon\u016f, stejn\u011b jako v jak\u00e9koli zemi, m\u00e1 sv\u016fj vlastn\u00ed soubor trest\u016f,\u201c<\/span><\/em><span>\u00a0dodala.<\/span><\/p>\n<p><img decoding=\"async\" loading=\"lazy\" class=\"alignnone size-full wp-image-1185\" src=\"http:\/\/www.infokuryr.cz\/n\/wp-content\/uploads\/2021\/04\/kuryr-podpis.png\" alt=\"\" width=\"84\" height=\"24\" \/><\/p>\n<p>&nbsp;<\/p>\n<p>&nbsp;<\/p>\n","protected":false},"excerpt":{"rendered":"<p>Z\u00e1konod\u00e1rci schv\u00e1lili n\u00e1vrh z\u00e1kona, kter\u00fd stanov\u00ed tvrd\u00e9 tresty za poru\u0161en\u00ed teher\u00e1nsk\u00e9ho n\u00e1bo\u017eensk\u00e9ho obl\u00e9k\u00e1n\u00ed \u00cdr\u00e1n se&#8230;<\/p>\n","protected":false},"author":2,"featured_media":36740,"comment_status":"closed","ping_status":"closed","sticky":false,"template":"","format":"standard","meta":[],"categories":[7],"tags":[38,1584,4143,609],"_links":{"self":[{"href":"https:\/\/www.infokuryr.cz\/n\/wp-json\/wp\/v2\/posts\/36739"}],"collection":[{"href":"https:\/\/www.infokuryr.cz\/n\/wp-json\/wp\/v2\/posts"}],"about":[{"href":"https:\/\/www.infokuryr.cz\/n\/wp-json\/wp\/v2\/types\/post"}],"author":[{"embeddable":true,"href":"https:\/\/www.infokuryr.cz\/n\/wp-json\/wp\/v2\/users\/2"}],"replies":[{"embeddable":true,"href":"https:\/\/www.infokuryr.cz\/n\/wp-json\/wp\/v2\/comments?post=36739"}],"version-history":[{"count":0,"href":"https:\/\/www.infokuryr.cz\/n\/wp-json\/wp\/v2\/posts\/36739\/revisions"}],"wp:featuredmedia":[{"embeddable":true,"href":"https:\/\/www.infokuryr.cz\/n\/wp-json\/wp\/v2\/media\/36740"}],"wp:attachment":[{"href":"https:\/\/www.infokuryr.cz\/n\/wp-json\/wp\/v2\/media?parent=36739"}],"wp:term":[{"taxonomy":"category","embeddable":true,"href":"https:\/\/www.infokuryr.cz\/n\/wp-json\/wp\/v2\/categories?post=36739"},{"taxonomy":"post_tag","embeddable":true,"href":"https:\/\/www.infokuryr.cz\/n\/wp-json\/wp\/v2\/tags?post=36739"}],"curies":[{"name":"wp","href":"https:\/\/api.w.org\/{rel}","templated":true}]}}