{"id":36680,"date":"2023-09-21T06:21:51","date_gmt":"2023-09-21T04:21:51","guid":{"rendered":"http:\/\/www.infokuryr.cz\/n\/?p=36680"},"modified":"2023-09-21T06:21:51","modified_gmt":"2023-09-21T04:21:51","slug":"v-nahornim-karabachu-byli-zastreleni-rusti-vojaci","status":"publish","type":"post","link":"https:\/\/www.infokuryr.cz\/n\/2023\/09\/21\/v-nahornim-karabachu-byli-zastreleni-rusti-vojaci\/","title":{"rendered":"V N\u00e1horn\u00edm Karabachu byli zast\u0159eleni ru\u0161t\u00ed voj\u00e1ci"},"content":{"rendered":"<div id=\"fb-root\"><\/div>\n<p class=\"lead\"><strong>Dnes 20. z\u00e1\u0159\u00ed v N\u00e1horn\u00edm Karabachu nezn\u00e1m\u00e9 osoby st\u0159\u00edlely na auto s rusk\u00fdmi m\u00edrov\u00fdmi silami, voj\u00e1ci byli zabiti. Pr\u00e1v\u011b o tom\u00a0<a href=\"https:\/\/t.me\/mod_russia\/30676\" target=\"_blank\" rel=\"noopener\">informovalo<\/a> rusk\u00e9 ministerstvo obrany.<\/strong><\/p>\n<p><em>\u201eDne 20. z\u00e1\u0159\u00ed, p\u0159i n\u00e1vratu z pozorovac\u00edho stanovi\u0161t\u011b rusk\u00e9ho m\u00edrov\u00e9ho kontingentu v oblasti vesnice D\u017eanyatag, se auto s rusk\u00fdm vojensk\u00fdm person\u00e1lem dostalo do palby z ru\u010dn\u00edch zbran\u00ed.\u00a0V d\u016fsledku ost\u0159elov\u00e1n\u00ed byli zabiti ru\u0161t\u00ed voj\u00e1ci v aut\u011b,\u201c<span class=\"after-quote\"> &#8211; uvedlo odd\u011blen\u00ed.<\/span><\/em><\/p>\n<p><span>Na objasn\u011bn\u00ed v\u0161ech okolnost\u00ed pracuj\u00ed ru\u0161t\u00ed a \u00e1zerb\u00e1jd\u017e\u00e1n\u0161t\u00ed z\u00e1stupci vy\u0161et\u0159ovac\u00edch org\u00e1n\u016f.<\/span><\/p>\n<p><span>Jak informovala m\u00e9dia<\/span><strong><span>\u00a0, rusk\u00fd prezident Vladimir Putin<\/span><\/strong><span> ve st\u0159edu b\u011bhem setk\u00e1n\u00ed s \u010d\u00ednsk\u00fdm ministrem zahrani\u010d\u00ed\u00a0<\/span><strong><span>Wang Yi<\/span><\/strong><span>\u00a0\u0159ekl, \u017ee rusk\u00e9 m\u00edrov\u00e9 s\u00edly v Karabachu d\u011blaj\u00ed v\u0161e pro ochranu civilist\u016f.<\/span><\/p>\n<p><em>\u201eNa\u0161i m\u00edrov\u00e9 jednotky velmi aktivn\u011b spolupracuj\u00ed se v\u0161emi stranami zapojen\u00fdmi do tohoto konfliktu.\u00a0D\u011blaj\u00ed v\u0161e pro ochranu civilist\u016f,\u201c<span class=\"after-quote\">\u00a0&#8211; zd\u016fraznila hlava st\u00e1tu.<\/span><\/em><\/p>\n<p><span>Den p\u0159edt\u00edm v Jerevanu skupiny arm\u00e9nsk\u00fdch nacionalist\u016f na soci\u00e1ln\u00edch s\u00edt\u00edch vyz\u00fdvaly obyvatele k repres\u00e1li\u00edm v\u016f\u010di zam\u011bstnanc\u016fm rusk\u00e9 ambas\u00e1dy.\u00a0V d\u016fsledku toho do budovy diplomatick\u00e9 mise p\u0159i\u0161lo n\u011bkolik des\u00edtek lid\u00ed.\u00a0Pozd\u011bji se uk\u00e1zalo, \u017ee kampa\u0148 na soci\u00e1ln\u00edch s\u00edt\u00edch koordinoval arm\u00e9nsk\u00fd aktivista z Ukrajiny\u00a0<\/span><strong><span>Gor Khachatryan<\/span><\/strong><span>\u00a0a byl zat\u010den polici\u00ed.<\/span><\/p>\n<p><img decoding=\"async\" loading=\"lazy\" class=\"alignnone size-full wp-image-1185\" src=\"http:\/\/www.infokuryr.cz\/n\/wp-content\/uploads\/2021\/04\/kuryr-podpis.png\" alt=\"\" width=\"84\" height=\"24\" \/><\/p>\n<p>&nbsp;<\/p>\n<p><a href=\"https:\/\/stranapro.cz\/\"><img decoding=\"async\" loading=\"lazy\" class=\"wp-image-30218 aligncenter\" src=\"http:\/\/www.infokuryr.cz\/n\/wp-content\/uploads\/2023\/06\/PRO-banner-300x36.png\" alt=\"\" width=\"1367\" height=\"164\" srcset=\"https:\/\/www.infokuryr.cz\/n\/wp-content\/uploads\/2023\/06\/PRO-banner-300x36.png 300w, https:\/\/www.infokuryr.cz\/n\/wp-content\/uploads\/2023\/06\/PRO-banner-768x93.png 768w, https:\/\/www.infokuryr.cz\/n\/wp-content\/uploads\/2023\/06\/PRO-banner.png 849w\" sizes=\"(max-width: 1367px) 100vw, 1367px\" \/><\/a><\/p>\n<p>&nbsp;<\/p>\n<p>&nbsp;<\/p>\n<p>&nbsp;<\/p>\n","protected":false},"excerpt":{"rendered":"<p>Dnes 20. z\u00e1\u0159\u00ed v N\u00e1horn\u00edm Karabachu nezn\u00e1m\u00e9 osoby st\u0159\u00edlely na auto s rusk\u00fdmi m\u00edrov\u00fdmi silami,&#8230;<\/p>\n","protected":false},"author":2,"featured_media":36681,"comment_status":"closed","ping_status":"closed","sticky":false,"template":"","format":"standard","meta":[],"categories":[7],"tags":[5956,2965,22,320,321],"_links":{"self":[{"href":"https:\/\/www.infokuryr.cz\/n\/wp-json\/wp\/v2\/posts\/36680"}],"collection":[{"href":"https:\/\/www.infokuryr.cz\/n\/wp-json\/wp\/v2\/posts"}],"about":[{"href":"https:\/\/www.infokuryr.cz\/n\/wp-json\/wp\/v2\/types\/post"}],"author":[{"embeddable":true,"href":"https:\/\/www.infokuryr.cz\/n\/wp-json\/wp\/v2\/users\/2"}],"replies":[{"embeddable":true,"href":"https:\/\/www.infokuryr.cz\/n\/wp-json\/wp\/v2\/comments?post=36680"}],"version-history":[{"count":0,"href":"https:\/\/www.infokuryr.cz\/n\/wp-json\/wp\/v2\/posts\/36680\/revisions"}],"wp:featuredmedia":[{"embeddable":true,"href":"https:\/\/www.infokuryr.cz\/n\/wp-json\/wp\/v2\/media\/36681"}],"wp:attachment":[{"href":"https:\/\/www.infokuryr.cz\/n\/wp-json\/wp\/v2\/media?parent=36680"}],"wp:term":[{"taxonomy":"category","embeddable":true,"href":"https:\/\/www.infokuryr.cz\/n\/wp-json\/wp\/v2\/categories?post=36680"},{"taxonomy":"post_tag","embeddable":true,"href":"https:\/\/www.infokuryr.cz\/n\/wp-json\/wp\/v2\/tags?post=36680"}],"curies":[{"name":"wp","href":"https:\/\/api.w.org\/{rel}","templated":true}]}}