{"id":36678,"date":"2023-09-21T06:15:22","date_gmt":"2023-09-21T04:15:22","guid":{"rendered":"http:\/\/www.infokuryr.cz\/n\/?p=36678"},"modified":"2023-09-21T06:16:12","modified_gmt":"2023-09-21T04:16:12","slug":"ve-spojenych-statech-byl-vymenen-vedouci-sboru-nacelniku-stabu","status":"publish","type":"post","link":"https:\/\/www.infokuryr.cz\/n\/2023\/09\/21\/ve-spojenych-statech-byl-vymenen-vedouci-sboru-nacelniku-stabu\/","title":{"rendered":"Ve Spojen\u00fdch st\u00e1tech byl vym\u011bn\u011bn vedouc\u00ed Sboru n\u00e1\u010deln\u00edk\u016f \u0161t\u00e1b\u016f"},"content":{"rendered":"<div id=\"fb-root\"><\/div>\n<p class=\"lead\"><strong>Americk\u00fd Sen\u00e1t potvrdil kandidaturu gener\u00e1la Charlese Browna na post p\u0159edsedy Sboru n\u00e1\u010deln\u00edk\u016f \u0161t\u00e1b\u016f.\u00a0Pro Brownovu nominaci hlasovalo 83 sen\u00e1tor\u016f, 11 bylo proti.<\/strong><\/p>\n<p><img decoding=\"async\" loading=\"lazy\" class=\"size-medium wp-image-35940 alignleft\" src=\"http:\/\/www.infokuryr.cz\/n\/wp-content\/uploads\/2023\/09\/\u00a8general-milley-300x203.jpg\" alt=\"\" width=\"300\" height=\"203\" srcset=\"https:\/\/www.infokuryr.cz\/n\/wp-content\/uploads\/2023\/09\/\u00a8general-milley-300x203.jpg 300w, https:\/\/www.infokuryr.cz\/n\/wp-content\/uploads\/2023\/09\/\u00a8general-milley-768x518.jpg 768w, https:\/\/www.infokuryr.cz\/n\/wp-content\/uploads\/2023\/09\/\u00a8general-milley.jpg 800w\" sizes=\"(max-width: 300px) 100vw, 300px\" \/><\/p>\n<p><strong>Brown nahrad\u00ed Marka Milleyho<\/strong>\u00a0, jeho\u017e funk\u010dn\u00ed obdob\u00ed vypr\u0161\u00ed 1. \u0159\u00edjna,\u00a0ve funkci p\u0159edsedy Sboru n\u00e1\u010deln\u00edk\u016f \u0161t\u00e1b\u016f .<\/p>\n<p>V roce 2020 se Brown stal prvn\u00edm Afroameri\u010danem potvrzen\u00fdm jako vrchn\u00ed velitel letectva Spojen\u00fdch st\u00e1t\u016f.\u00a0Jako p\u0159edseda Sboru n\u00e1\u010deln\u00edk\u016f \u0161t\u00e1b\u016f bude po\u00a0<strong>Colinu Powellovi<\/strong> druh\u00fdm Afroameri\u010danem v t\u00e9to pozici .<\/p>\n<p>Brownovo potvrzen\u00ed\u00a0nav\u00edc\u00a0znamen\u00e1 poprv\u00e9 v historii USA, \u017ee oba nejvy\u0161\u0161\u00ed v\u016fdci Pentagonu \u2013 ministr obrany a p\u0159edseda Sboru n\u00e1\u010deln\u00edk\u016f \u0161t\u00e1b\u016f \u2013 jsou Afroameri\u010dan\u00e9.<\/p>\n<p>O\u010dek\u00e1v\u00e1 se, \u017ee Sen\u00e1t bude tento t\u00fdden hlasovat o potvrzen\u00ed gener\u00e1la\u00a0<strong>Erica Smithe<\/strong>\u00a0jako velitele n\u00e1mo\u0159n\u00ed p\u011bchoty a gener\u00e1la\u00a0<strong>Randyho George<\/strong>\u00a0jako n\u00e1\u010deln\u00edka gener\u00e1ln\u00edho \u0161t\u00e1bu arm\u00e1dy.<\/p>\n<p><img decoding=\"async\" loading=\"lazy\" class=\"alignnone size-full wp-image-1185\" src=\"http:\/\/www.infokuryr.cz\/n\/wp-content\/uploads\/2021\/04\/kuryr-podpis.png\" alt=\"\" width=\"84\" height=\"24\" \/><\/p>\n<p>&nbsp;<\/p>\n<p><a href=\"https:\/\/stranapro.cz\/\"><img decoding=\"async\" loading=\"lazy\" class=\"wp-image-30218 aligncenter\" src=\"http:\/\/www.infokuryr.cz\/n\/wp-content\/uploads\/2023\/06\/PRO-banner-300x36.png\" alt=\"\" width=\"1367\" height=\"164\" srcset=\"https:\/\/www.infokuryr.cz\/n\/wp-content\/uploads\/2023\/06\/PRO-banner-300x36.png 300w, https:\/\/www.infokuryr.cz\/n\/wp-content\/uploads\/2023\/06\/PRO-banner-768x93.png 768w, https:\/\/www.infokuryr.cz\/n\/wp-content\/uploads\/2023\/06\/PRO-banner.png 849w\" sizes=\"(max-width: 1367px) 100vw, 1367px\" \/><\/a><\/p>\n<p>&nbsp;<\/p>\n<p>&nbsp;<\/p>\n<p>&nbsp;<\/p>\n<p>&nbsp;<\/p>\n","protected":false},"excerpt":{"rendered":"<p>Americk\u00fd Sen\u00e1t potvrdil kandidaturu gener\u00e1la Charlese Browna na post p\u0159edsedy Sboru n\u00e1\u010deln\u00edk\u016f \u0161t\u00e1b\u016f.\u00a0Pro Brownovu nominaci&#8230;<\/p>\n","protected":false},"author":2,"featured_media":36679,"comment_status":"closed","ping_status":"closed","sticky":false,"template":"","format":"standard","meta":[],"categories":[7],"tags":[80,380,37,3810],"_links":{"self":[{"href":"https:\/\/www.infokuryr.cz\/n\/wp-json\/wp\/v2\/posts\/36678"}],"collection":[{"href":"https:\/\/www.infokuryr.cz\/n\/wp-json\/wp\/v2\/posts"}],"about":[{"href":"https:\/\/www.infokuryr.cz\/n\/wp-json\/wp\/v2\/types\/post"}],"author":[{"embeddable":true,"href":"https:\/\/www.infokuryr.cz\/n\/wp-json\/wp\/v2\/users\/2"}],"replies":[{"embeddable":true,"href":"https:\/\/www.infokuryr.cz\/n\/wp-json\/wp\/v2\/comments?post=36678"}],"version-history":[{"count":0,"href":"https:\/\/www.infokuryr.cz\/n\/wp-json\/wp\/v2\/posts\/36678\/revisions"}],"wp:featuredmedia":[{"embeddable":true,"href":"https:\/\/www.infokuryr.cz\/n\/wp-json\/wp\/v2\/media\/36679"}],"wp:attachment":[{"href":"https:\/\/www.infokuryr.cz\/n\/wp-json\/wp\/v2\/media?parent=36678"}],"wp:term":[{"taxonomy":"category","embeddable":true,"href":"https:\/\/www.infokuryr.cz\/n\/wp-json\/wp\/v2\/categories?post=36678"},{"taxonomy":"post_tag","embeddable":true,"href":"https:\/\/www.infokuryr.cz\/n\/wp-json\/wp\/v2\/tags?post=36678"}],"curies":[{"name":"wp","href":"https:\/\/api.w.org\/{rel}","templated":true}]}}