{"id":36658,"date":"2023-09-21T01:19:08","date_gmt":"2023-09-20T23:19:08","guid":{"rendered":"http:\/\/www.infokuryr.cz\/n\/?p=36658"},"modified":"2023-09-20T17:25:23","modified_gmt":"2023-09-20T15:25:23","slug":"putin-komentuje-eskalaci-v-nahornim-karabachu","status":"publish","type":"post","link":"https:\/\/www.infokuryr.cz\/n\/2023\/09\/21\/putin-komentuje-eskalaci-v-nahornim-karabachu\/","title":{"rendered":"Putin komentuje eskalaci v N\u00e1horn\u00edm Karabachu"},"content":{"rendered":"<div id=\"fb-root\"><\/div>\n<p><span style=\"font-size: 18pt;\"><strong>Moskva d\u011bl\u00e1 v\u0161e pro ochranu civilist\u016f v z\u00f3n\u011b konfliktu, prohl\u00e1sil rusk\u00fd prezident<\/strong><\/span><\/p>\n<p><span>Rusk\u00e9 m\u00edrov\u00e9 s\u00edly spolupracuj\u00ed se v\u0161emi stranami konfliktu v N\u00e1horn\u00edm Karabachu, prohl\u00e1sil ve st\u0159edu prezident Vladimir Putin.\u00a0Jeho pozn\u00e1mky zazn\u011bly kr\u00e1tce pot\u00e9, co se \u00c1zerb\u00e1jd\u017e\u00e1n a p\u0159edstavitel\u00e9 v odtr\u017een\u00e9 oblasti dohodli na p\u0159\u00edm\u011b\u0159\u00ed.\u00a0 \u00a0<\/span><\/p>\n<p><span>B\u011bhem setk\u00e1n\u00ed s \u010d\u00ednsk\u00fdm ministrem zahrani\u010d\u00ed Wang Yi Putin zd\u016fraznil, \u017ee ru\u0161t\u00ed\u00a0<\/span><em><span>\u201em\u00edrotvorci velmi aktivn\u011b spolupracuj\u00ed se v\u0161emi stranami zapojen\u00fdmi do tohoto konfliktu.\u00a0D\u011blaj\u00ed v\u0161e pro ochranu civilist\u016f.&#8220;<\/span><\/em><\/p>\n<p><span>Rusk\u00fd v\u016fdce tak\u00e9 vyj\u00e1d\u0159il nad\u011bji, \u017ee dialog zahrnuj\u00edc\u00ed Moskvu, Jerevan, Baku a \u00fa\u0159ady v N\u00e1horn\u00edm Karabachu povede k deeskalaci a m\u00edrov\u00e9mu urovn\u00e1n\u00ed krize.\u00a0Putin dodal, \u017ee v\u00edce ne\u017e 2000 civilist\u016f, v\u010detn\u011b v\u00edce ne\u017e 1000 d\u011bt\u00ed, je v sou\u010dasnosti ubytov\u00e1no na hlavn\u00ed z\u00e1kladn\u011b pou\u017e\u00edvan\u00e9 rusk\u00fdmi m\u00edrov\u00fdmi silami v regionu.<\/span><\/p>\n<div class=\"read-more large read-more__right\" data-has-alias=\"\"><a href=\"https:\/\/stranapro.cz\/\"><img decoding=\"async\" loading=\"lazy\" class=\"wp-image-30218 aligncenter\" src=\"http:\/\/www.infokuryr.cz\/n\/wp-content\/uploads\/2023\/06\/PRO-banner-300x36.png\" alt=\"\" width=\"1367\" height=\"164\" srcset=\"https:\/\/www.infokuryr.cz\/n\/wp-content\/uploads\/2023\/06\/PRO-banner-300x36.png 300w, https:\/\/www.infokuryr.cz\/n\/wp-content\/uploads\/2023\/06\/PRO-banner-768x93.png 768w, https:\/\/www.infokuryr.cz\/n\/wp-content\/uploads\/2023\/06\/PRO-banner.png 849w\" sizes=\"(max-width: 1367px) 100vw, 1367px\" \/><\/a><\/div>\n<p><span>Koment\u00e1\u0159e p\u0159ich\u00e1zej\u00ed pot\u00e9, co \u00c1zerb\u00e1jd\u017e\u00e1n v \u00fater\u00fd zah\u00e1jil protiteroristickou operaci v N\u00e1horn\u00edm Karabachu a obvinil Arm\u00e9nii, \u017ee tam shroma\u017e\u010fuje voj\u00e1ky.\u00a0Jerevan obvin\u011bn\u00ed pop\u0159el.\u00a0<\/span><\/p>\n<p><span>Po dni intenzivn\u00edch boj\u016f p\u0159edstavitel\u00e9 v N\u00e1horn\u00edm Karabachu a \u00c1zerb\u00e1jd\u017e\u00e1nu ozn\u00e1mili, \u017ee s rusk\u00fdm zprost\u0159edkov\u00e1n\u00edm dos\u00e1hli p\u0159\u00edm\u011b\u0159\u00ed.\u00a0Podle podm\u00ednek dohody se \u00fa\u0159ady sporn\u00e9ho regionu zav\u00e1zaly slo\u017eit zbran\u011b.\u00a0Vojensk\u00e9 vybaven\u00ed z oblasti bude sta\u017eeno a se\u0161rotov\u00e1no v procesu koordinovan\u00e9m rusk\u00fdmi m\u00edrov\u00fdmi silami, dodalo. \u00a0<\/span><\/p>\n<p><span>N\u00e1horn\u00ed Karabach je p\u0159edm\u011btem ho\u0159k\u00e9ho nap\u011bt\u00ed od posledn\u00edch dn\u016f sov\u011btsk\u00e9 \u00e9ry, kdy se p\u0159ev\u00e1\u017en\u011b etnick\u00fd arm\u00e9nsk\u00fd region pokusil odstoupit od \u00c1zerb\u00e1jd\u017e\u00e1nu.\u00a0Patov\u00e1 situace eskalovala do velk\u00e9 v\u00e1lky, kter\u00e1 skon\u010dila v roce 1994 p\u0159\u00edm\u011b\u0159\u00edm.\u00a0N\u00e1horn\u00ed Karabach v\u0161ak od t\u00e9 doby su\u017euj\u00ed sporadick\u00e9 boje, p\u0159i\u010dem\u017e nejpozoruhodn\u011bj\u0161\u00ed vzplanut\u00ed nastalo v roce 2020, kdy Baku ovl\u00e1dlo v\u00fdznamnou \u010d\u00e1st \u00fazem\u00ed regionu.\u00a0Nep\u0159\u00e1telstv\u00ed ukon\u010dilo Ruskem zprost\u0159edkovan\u00e9 p\u0159\u00edm\u011b\u0159\u00ed.<\/span><\/p>\n<p><img decoding=\"async\" loading=\"lazy\" class=\"alignnone size-full wp-image-1185\" src=\"http:\/\/www.infokuryr.cz\/n\/wp-content\/uploads\/2021\/04\/kuryr-podpis.png\" alt=\"\" width=\"84\" height=\"24\" \/><\/p>\n<p>&nbsp;<\/p>\n<p>&nbsp;<\/p>\n","protected":false},"excerpt":{"rendered":"<p>Moskva d\u011bl\u00e1 v\u0161e pro ochranu civilist\u016f v z\u00f3n\u011b konfliktu, prohl\u00e1sil rusk\u00fd prezident Rusk\u00e9 m\u00edrov\u00e9 s\u00edly&#8230;<\/p>\n","protected":false},"author":2,"featured_media":30587,"comment_status":"closed","ping_status":"closed","sticky":false,"template":"","format":"standard","meta":[],"categories":[7],"tags":[1503,246,2965,4199,102],"_links":{"self":[{"href":"https:\/\/www.infokuryr.cz\/n\/wp-json\/wp\/v2\/posts\/36658"}],"collection":[{"href":"https:\/\/www.infokuryr.cz\/n\/wp-json\/wp\/v2\/posts"}],"about":[{"href":"https:\/\/www.infokuryr.cz\/n\/wp-json\/wp\/v2\/types\/post"}],"author":[{"embeddable":true,"href":"https:\/\/www.infokuryr.cz\/n\/wp-json\/wp\/v2\/users\/2"}],"replies":[{"embeddable":true,"href":"https:\/\/www.infokuryr.cz\/n\/wp-json\/wp\/v2\/comments?post=36658"}],"version-history":[{"count":0,"href":"https:\/\/www.infokuryr.cz\/n\/wp-json\/wp\/v2\/posts\/36658\/revisions"}],"wp:featuredmedia":[{"embeddable":true,"href":"https:\/\/www.infokuryr.cz\/n\/wp-json\/wp\/v2\/media\/30587"}],"wp:attachment":[{"href":"https:\/\/www.infokuryr.cz\/n\/wp-json\/wp\/v2\/media?parent=36658"}],"wp:term":[{"taxonomy":"category","embeddable":true,"href":"https:\/\/www.infokuryr.cz\/n\/wp-json\/wp\/v2\/categories?post=36658"},{"taxonomy":"post_tag","embeddable":true,"href":"https:\/\/www.infokuryr.cz\/n\/wp-json\/wp\/v2\/tags?post=36658"}],"curies":[{"name":"wp","href":"https:\/\/api.w.org\/{rel}","templated":true}]}}