{"id":36615,"date":"2023-09-20T04:32:21","date_gmt":"2023-09-20T02:32:21","guid":{"rendered":"http:\/\/www.infokuryr.cz\/n\/?p=36615"},"modified":"2023-09-20T04:32:21","modified_gmt":"2023-09-20T02:32:21","slug":"armenie-zada-usa-aby-zasahly-do-konfliktu-v-karabachu","status":"publish","type":"post","link":"https:\/\/www.infokuryr.cz\/n\/2023\/09\/20\/armenie-zada-usa-aby-zasahly-do-konfliktu-v-karabachu\/","title":{"rendered":"Arm\u00e9nie \u017e\u00e1d\u00e1 USA, aby zas\u00e1hly do konfliktu v Karabachu"},"content":{"rendered":"<div id=\"fb-root\"><\/div>\n<p><span style=\"font-size: 18pt;\"><strong>Washington mus\u00ed zastavit \u201eagresi\u201c \u00c1zerb\u00e1jd\u017e\u00e1nu proti separatistick\u00e9mu regionu, \u0159ekl nejvy\u0161\u0161\u00ed diplomat Jerevanu<\/strong><\/span><\/p>\n<p><span>Arm\u00e9nsk\u00fd velvyslanec Edmon Marukyan vyzval USA, aby zas\u00e1hly do obnoven\u00fdch boj\u016f v N\u00e1horn\u00edm Karabachu, a po\u017e\u00e1dal Washington, aby br\u00e1nil civiln\u00ed obyvatelstvo regionu.\u00a0<\/span><\/p>\n<p><em><span>&#8222;Nyn\u00ed \u00c1zerb\u00e1jd\u017e\u00e1n zah\u00e1jil rozs\u00e1hlou agresi a vojenskou operaci proti m\u00edrumilovn\u00e9mu lidu N\u00e1horn\u00edho Karabachu,&#8220;<\/span><\/em><span>\u00a0napsal Marukjan na X (d\u0159\u00edve zn\u00e1m\u00fd jako Twitter).\u00a0<\/span><em><span>&#8222;Nyn\u00ed je \u0159ada na USA, jak\u00e1 opat\u0159en\u00ed budou pou\u017eita k zastaven\u00ed agrese a vojensk\u00e9ho \u00fatoku na uv\u011bzn\u011bn\u00e9 a hladov\u011bj\u00edc\u00ed lidi.&#8220;<\/span><\/em><\/p>\n<p><span>Diplomat se obr\u00e1til na americk\u00e9ho prezidenta Joea Bidena, francouzsk\u00e9ho prezidenta Emmanuela Macrona a vedouc\u00ed p\u0159edstavitele EU a po\u017e\u00e1dal je, aby Baku odsoudili.<\/span><\/p>\n<p><span>Moskva reagovala na Marukyan\u016fv koment\u00e1\u0159 a vyzvala strany, aby respektovaly dohodu o p\u0159\u00edm\u011b\u0159\u00ed z roku 2020.\u00a0<\/span><em><span>&#8222;Nem\u011blo by doch\u00e1zet k \u017e\u00e1dn\u00fdm odbo\u010dk\u00e1m,&#8220;<\/span><\/em><span>\u00a0\u0159ekl mluv\u010d\u00ed Kremlu Dmitrij Peskov.\u00a0<\/span><em><span>&#8222;M\u011blo by existovat konkr\u00e9tn\u00ed \u00fasil\u00ed zalo\u017een\u00e9 na skute\u010dn\u00e9m a konkr\u00e9tn\u00edm pr\u00e1vn\u00edm r\u00e1mci, kter\u00fd poskytuje p\u0159\u00edle\u017eitost k m\u00edrov\u00e9mu urovn\u00e1n\u00ed.&#8220;\u00a0<\/span><\/em><\/p>\n<div class=\"read-more large\" data-has-alias=\"\"><a href=\"https:\/\/stranapro.cz\/\"><img decoding=\"async\" loading=\"lazy\" class=\"wp-image-30218 aligncenter\" src=\"http:\/\/www.infokuryr.cz\/n\/wp-content\/uploads\/2023\/06\/PRO-banner-300x36.png\" alt=\"\" width=\"1358\" height=\"163\" srcset=\"https:\/\/www.infokuryr.cz\/n\/wp-content\/uploads\/2023\/06\/PRO-banner-300x36.png 300w, https:\/\/www.infokuryr.cz\/n\/wp-content\/uploads\/2023\/06\/PRO-banner-768x93.png 768w, https:\/\/www.infokuryr.cz\/n\/wp-content\/uploads\/2023\/06\/PRO-banner.png 849w\" sizes=\"(max-width: 1358px) 100vw, 1358px\" \/><\/a><\/div>\n<p><span>Baku v \u00fater\u00fd ozn\u00e1milo zah\u00e1jen\u00ed\u00a0<\/span><em><span>\u201eprotiteroristick\u00e9\u201c<\/span><\/em><span>\u00a0operace ve sv\u00e9m odtr\u017een\u00e9m regionu N\u00e1horn\u00ed Karabach, kter\u00fd je p\u0159ev\u00e1\u017en\u011b os\u00eddlen etnick\u00fdmi Arm\u00e9ny.\u00a0Arm\u00e9nie mezit\u00edm obvinila \u00c1zerb\u00e1jd\u017e\u00e1n z nevyprovokovan\u00e9 agrese.<\/span><\/p>\n<p><span>N\u00e1horn\u00ed Karabach vyhl\u00e1sil nez\u00e1vislost na \u00c1zerb\u00e1jd\u017e\u00e1nu v roce 1988 a od t\u00e9 doby jej podporuje Jerevan.\u00a0Baku ztratilo kontrolu nad N\u00e1horn\u00edm Karabachem a okoln\u00edmi oblastmi na po\u010d\u00e1tku 90. let, ale po 44denn\u00ed v\u00e1lce v roce 2020 z\u00edskalo zp\u011bt mnoho d\u0159\u00edve ztracen\u00fdch pozic.\u00a0<\/span><strong><br \/>\n<\/strong><\/p>\n<p><span>Boje v roce 2020 skon\u010dily Moskvou zprost\u0159edkovan\u00fdm p\u0159\u00edm\u011b\u0159\u00edm, kter\u00e9 zahrnovalo rozm\u00edst\u011bn\u00ed rusk\u00fdch m\u00edrov\u00fdch sil v oblasti.\u00a0<\/span><\/p>\n<p><img decoding=\"async\" loading=\"lazy\" class=\"alignnone size-full wp-image-1185\" src=\"http:\/\/www.infokuryr.cz\/n\/wp-content\/uploads\/2021\/04\/kuryr-podpis.png\" alt=\"\" width=\"84\" height=\"24\" \/><\/p>\n<p>&nbsp;<\/p>\n<p>&nbsp;<\/p>\n<p>&nbsp;<\/p>\n","protected":false},"excerpt":{"rendered":"<p>Washington mus\u00ed zastavit \u201eagresi\u201c \u00c1zerb\u00e1jd\u017e\u00e1nu proti separatistick\u00e9mu regionu, \u0159ekl nejvy\u0161\u0161\u00ed diplomat Jerevanu Arm\u00e9nsk\u00fd velvyslanec Edmon&#8230;<\/p>\n","protected":false},"author":2,"featured_media":36616,"comment_status":"closed","ping_status":"closed","sticky":false,"template":"","format":"standard","meta":[],"categories":[7],"tags":[1730,2966,2965,37,538],"_links":{"self":[{"href":"https:\/\/www.infokuryr.cz\/n\/wp-json\/wp\/v2\/posts\/36615"}],"collection":[{"href":"https:\/\/www.infokuryr.cz\/n\/wp-json\/wp\/v2\/posts"}],"about":[{"href":"https:\/\/www.infokuryr.cz\/n\/wp-json\/wp\/v2\/types\/post"}],"author":[{"embeddable":true,"href":"https:\/\/www.infokuryr.cz\/n\/wp-json\/wp\/v2\/users\/2"}],"replies":[{"embeddable":true,"href":"https:\/\/www.infokuryr.cz\/n\/wp-json\/wp\/v2\/comments?post=36615"}],"version-history":[{"count":0,"href":"https:\/\/www.infokuryr.cz\/n\/wp-json\/wp\/v2\/posts\/36615\/revisions"}],"wp:featuredmedia":[{"embeddable":true,"href":"https:\/\/www.infokuryr.cz\/n\/wp-json\/wp\/v2\/media\/36616"}],"wp:attachment":[{"href":"https:\/\/www.infokuryr.cz\/n\/wp-json\/wp\/v2\/media?parent=36615"}],"wp:term":[{"taxonomy":"category","embeddable":true,"href":"https:\/\/www.infokuryr.cz\/n\/wp-json\/wp\/v2\/categories?post=36615"},{"taxonomy":"post_tag","embeddable":true,"href":"https:\/\/www.infokuryr.cz\/n\/wp-json\/wp\/v2\/tags?post=36615"}],"curies":[{"name":"wp","href":"https:\/\/api.w.org\/{rel}","templated":true}]}}