{"id":36613,"date":"2023-09-20T04:14:36","date_gmt":"2023-09-20T02:14:36","guid":{"rendered":"http:\/\/www.infokuryr.cz\/n\/?p=36613"},"modified":"2023-09-20T04:14:36","modified_gmt":"2023-09-20T02:14:36","slug":"putin-obvinil-velkou-britanii-ze-cvici-ukrajinske-sabotery-pro-utoky-na-ruske-atomove-elektrarny","status":"publish","type":"post","link":"https:\/\/www.infokuryr.cz\/n\/2023\/09\/20\/putin-obvinil-velkou-britanii-ze-cvici-ukrajinske-sabotery-pro-utoky-na-ruske-atomove-elektrarny\/","title":{"rendered":"Putin obvinil Velkou Brit\u00e1nii, \u017ee cvi\u010d\u00ed ukrajinsk\u00e9 sabot\u00e9ry pro \u00fatoky na rusk\u00e9 atomov\u00e9 elektr\u00e1rny"},"content":{"rendered":"<div id=\"fb-root\"><\/div>\n<p><span>Rusk\u00fd prezident Vladimir Putin varuje Velkou Brit\u00e1nii p\u0159ed \u201ev\u00e1\u017en\u00fdmi n\u00e1sledky\u201c a obvi\u0148uje jej\u00ed speci\u00e1ln\u00ed jednotky z \u0159\u00edzen\u00ed \u00fatoku s c\u00edlem naru\u0161it provoz rusk\u00fdch jadern\u00fdch elektr\u00e1ren.<\/span><\/p>\n<p><span>Putin d\u00e1le varoval britsk\u00e9ho premi\u00e9ra Rishiho Sunaka, \u017ee \u201enech\u00e1pe\u201c v\u00e1\u017en\u00e1 rizika britsk\u00e9 \u00fa\u010dasti na prob\u00edhaj\u00edc\u00ed speci\u00e1ln\u00ed vojensk\u00e9 operaci na Ukrajin\u011b.<\/span><\/p>\n<p><span>Putinova obvin\u011bn\u00ed Brit\u00e1nie a Sunaka byla vznesena 12. z\u00e1\u0159\u00ed 2023 b\u011bhem jeho projevu na V\u00fdchodn\u00edm ekonomick\u00e9m f\u00f3ru ve Vladivostoku na rusk\u00e9m D\u00e1ln\u00e9m v\u00fdchod\u011b.<\/span><\/p>\n<p><span>Putin uvedl, \u017ee s\u00edly jeho zem\u011b zadr\u017eely ukrajinsk\u00e9 sabot\u00e9ry, kte\u0159\u00ed pl\u00e1novali po\u0161kodit elektrick\u00e9 veden\u00ed v rusk\u00e9 jadern\u00e9 elektr\u00e1rn\u011b.\u00a0D\u00e1le potvrdil, \u017ee sabot\u00e9ry vycvi\u010dily britsk\u00e9 speci\u00e1ln\u00ed jednotky.<\/span><\/p>\n<p><em><span>\u201eNen\u00ed to tak d\u00e1vno, co v d\u016fsledku ozbrojen\u00fdch st\u0159et\u016f na na\u0161em \u00fazem\u00ed rusk\u00e1 Feder\u00e1ln\u00ed bezpe\u010dnostn\u00ed slu\u017eba zne\u0161kodnila mno\u017estv\u00ed lid\u00ed.\u00a0N\u011bkolik bylo zabito a zbytek byl zajat,\u201c<\/span><\/em><span>\u00a0\u0159ekl Putin.<\/span><\/p>\n<p><em><span>\u201eUk\u00e1zalo se, \u017ee \u0161lo o sabot\u00e1\u017en\u00ed skupinu spadaj\u00edc\u00ed pod Bezpe\u010dnostn\u00ed slu\u017ebu Ukrajiny (SBU).\u00a0Uskute\u010dnily se v\u00fdslechy.\u00a0Co zjistili?\u00a0\u017de jejich \u00fakolem bylo po\u0161kodit jednu z na\u0161ich jadern\u00fdch elektr\u00e1ren, naru\u0161it elektrick\u00e9 veden\u00ed \u2013 vysokonap\u011b\u0165ov\u00e9 veden\u00ed \u2013 s c\u00edlem nakonec p\u0159eru\u0161it provoz elektr\u00e1rny.\u00a0A toto nen\u00ed prvn\u00ed takov\u00fd pokus,\u201c<\/span><\/em><span>\u00a0pokra\u010doval Putin.<\/span><\/p>\n<p><em><span>&#8222;Mezit\u00edm sabot\u00e9\u0159i b\u011bhem v\u00fdslechu prozradili, \u017ee tr\u00e9novali pod veden\u00edm britsk\u00fdch instruktor\u016f.&#8220;<\/span><\/em><\/p>\n<h2><span>Putin obvinil Brit\u00e1nii z provokov\u00e1n\u00ed Ruska \u201ejadern\u00fdm vyd\u00edr\u00e1n\u00edm\u201c<\/span><\/h2>\n<p><span>Putin se ve sv\u00e9m projevu zam\u00fd\u0161lel nad t\u00edm, zda Britov\u00e9 \u201erozum\u011bj\u00ed tomu, s \u010d\u00edm si zahr\u00e1vaj\u00ed, nebo ne\u201c.<\/span><\/p>\n<p><span>D\u00e1le \u0159ekl, \u017ee britsk\u00fd premi\u00e9r Sunak se mo\u017en\u00e1 pokou\u0161\u00ed vyprovokovat Rusko k podobn\u00e9 reakci vysl\u00e1n\u00edm vlastn\u00edch sabot\u00e9r\u016f na \u00fatoky na ukrajinsk\u00e9 jadern\u00e9 elektr\u00e1rny.<\/span><\/p>\n<p><em><span>\u201eV\u011bd\u00ed v\u016fbec britsk\u00e9 veden\u00ed a premi\u00e9r, co d\u011blaj\u00ed jejich speci\u00e1ln\u00ed jednotky na Ukrajin\u011b?\u201c<\/span><\/em><span>\u00a0zeptal se Putin.<\/span><\/p>\n<p><span>Pot\u00e9 poznamenal, \u017ee je mo\u017en\u00e9, \u017ee britsk\u00e9 speci\u00e1ln\u00ed jednotky jednaly nez\u00e1visle na britsk\u00e9m veden\u00ed a m\u00edsto toho se \u0159\u00eddily podle pokyn\u016f vydan\u00fdch Spojen\u00fdmi st\u00e1ty.\u00a0V ka\u017ed\u00e9m p\u0159\u00edpad\u011b zn\u00e1me kone\u010dn\u00fd v\u00fdsledek.<\/span><\/p>\n<p><em><span>\u201eAle uv\u011bdomuj\u00ed si, s \u010d\u00edm si zahr\u00e1vaj\u00ed<\/span><\/em><span>\u00a0?\u201c zeptal se Putin a obvinil Brit\u00e1nii a Z\u00e1pad z podce\u0148ov\u00e1n\u00ed Ruska.\u00a0<\/span><em><span>&#8222;Z jejich strany jde o v\u00fdhr\u016f\u017eky a jadern\u00e9 vyd\u00edr\u00e1n\u00ed.&#8220;<\/span><\/em><\/p>\n<p><span>Putin z\u0159ejm\u011b p\u0159edpov\u011bd\u011bl skepticismus Z\u00e1padu v souvislosti s t\u011bmito obvin\u011bn\u00edmi a \u0159ekl:<\/span><\/p>\n<div class=\"code-block code-block-9\">\n<div id=\"badat-1270818795\">\n<p><a href=\"https:\/\/stranapro.cz\/\"><img decoding=\"async\" loading=\"lazy\" class=\"wp-image-30218 aligncenter\" src=\"http:\/\/www.infokuryr.cz\/n\/wp-content\/uploads\/2023\/06\/PRO-banner-300x36.png\" alt=\"\" width=\"1358\" height=\"163\" srcset=\"https:\/\/www.infokuryr.cz\/n\/wp-content\/uploads\/2023\/06\/PRO-banner-300x36.png 300w, https:\/\/www.infokuryr.cz\/n\/wp-content\/uploads\/2023\/06\/PRO-banner-768x93.png 768w, https:\/\/www.infokuryr.cz\/n\/wp-content\/uploads\/2023\/06\/PRO-banner.png 849w\" sizes=\"(max-width: 1358px) 100vw, 1358px\" \/><\/a><\/p>\n<\/div>\n<\/div>\n<p><em><span>\u201eUji\u0161\u0165uji v\u00e1s, \u017ee toto je naprost\u00e1 \u010dist\u00e1 pravda.\u00a0Tak\u017ee tito sabot\u00e9\u0159i n\u00e1m to \u0159\u00edkaj\u00ed b\u011bhem v\u00fdslechu.\u00a0V\u00edm, \u017ee n\u011bkdo m\u016f\u017ee nyn\u00ed \u0159\u00edci, \u017ee pod hlavn\u00ed pistole \u0159eknou cokoli.\u00a0To ov\u0161em nen\u00ed pravda.\u00a0A veden\u00ed britsk\u00fdch speci\u00e1ln\u00edch sil v\u00ed, \u017ee mluv\u00edm pravdu,\u201c<\/span><\/em><span>\u00a0pokra\u010doval Putin.<\/span><\/p>\n<p><em><span>\u201eNejsem si v\u0161ak jist\u00fd, \u017ee veden\u00ed Velk\u00e9 Brit\u00e1nie ch\u00e1pe, co se d\u011bje,\u201c<\/span><\/em><span>\u00a0uzav\u0159el Putin.\u00a0<\/span><em><span>\u201eTyto v\u011bci jsou v\u00e1\u017en\u011b znepokojuj\u00edc\u00ed, proto\u017ee Velk\u00e1 Brit\u00e1nie nejedn\u00e1 racion\u00e1ln\u011b \u2013 co\u017e m\u016f\u017ee v\u00e9st k v\u00e1\u017en\u00fdm n\u00e1sledk\u016fm.\u201c<\/span><\/em><\/p>\n<p><span>Samotn\u00fd Sunak na Putinova obvin\u011bn\u00ed nereagoval.\u00a0M\u00edsto toho mluv\u010d\u00ed vl\u00e1dy \u0159ekl:<\/span><\/p>\n<p><em><span>\u201eNeposkytneme \u017e\u00e1dn\u00fd pr\u016fb\u011b\u017en\u00fd koment\u00e1\u0159 k rusk\u00fdm obvin\u011bn\u00edm, kter\u00e1 slou\u017e\u00ed pouze k odvr\u00e1cen\u00ed pozornosti od rusk\u00e9 ileg\u00e1ln\u00ed invaze na Ukrajinu.\u201c<\/span><\/em><\/p>\n<p><span>P\u0159ibli\u017en\u011b den p\u0159ed Putinov\u00fdmi obvin\u011bn\u00edmi Sunak tvrdil, \u017ee Rusko za\u00fato\u010dilo na civiln\u00ed n\u00e1kladn\u00ed lo\u010f v ukrajinsk\u00e9m p\u0159\u00edstavu v \u010cern\u00e9m mo\u0159i, kter\u00e1 p\u0159ev\u00e1\u017eela ukrajinsk\u00e9 obil\u00ed na export.<\/span><\/p>\n<p><em><span>&#8222;Dnes m\u016f\u017eu sn\u011bmovn\u011b \u0159\u00edci, \u017ee d\u00edky odtajn\u011bn\u00fdm zpravodajsk\u00fdm informac\u00edm v\u00edme, \u017ee rusk\u00e1 arm\u00e1da 24. srpna 2023 za\u00fato\u010dila na civiln\u00ed n\u00e1kladn\u00ed lo\u010f v \u010cern\u00e9m mo\u0159i s v\u00edce raketami,&#8220; \u0159ekl Sunak v projevu v parlamentu<\/span><\/em><span>\u00a0.<\/span><\/p>\n<p><span>Potom tvrdil, \u017ee \u00fatok je jen demonstraci toho, jak zoufal\u00fd je Putin.<\/span><\/p>\n<p><em><span>\u201eUkrajina m\u00e1 pr\u00e1vo vyv\u00e1\u017eet sv\u00e9 zbo\u017e\u00ed p\u0159es mezin\u00e1rodn\u00ed vody a m\u00e1 mor\u00e1ln\u00ed pr\u00e1vo prod\u00e1vat obil\u00ed, kter\u00e9 pom\u00e1h\u00e1 nasytit sv\u011bt,\u201c<\/span><\/em><span>\u00a0\u0159ekl Sunak.<\/span><\/p>\n<p><span>Stalo se tak hned pot\u00e9, co kritizoval Putina za to, \u017ee se nez\u00fa\u010dastnil ned\u00e1vno skon\u010den\u00e9ho summitu G20 v Indii.\u00a0N\u00e1sledn\u011b obvinil rusk\u00e9ho prezidenta z toho, \u017ee zp\u016fsobuje \u201estra\u0161n\u00e9 utrpen\u00ed na Ukrajin\u011b\u201c, poru\u0161uje chartu Organizace spojen\u00fdch n\u00e1rod\u016f a ohro\u017euje glob\u00e1ln\u00ed energetickou bezpe\u010dnost.<\/span><\/p>\n<h2><span>Z\u00e1v\u011br<\/span><\/h2>\n<p><span>Nejnov\u011bj\u0161\u00ed zpr\u00e1vy o Putinovi a Rusku naleznete na str\u00e1nce\u00a0<\/span><a href=\"https:\/\/russiareport.news\/\" target=\"_blank\" rel=\"noopener\"><span>RussiaReport.news<\/span><\/a><span>\u00a0.<\/span><\/p>\n<p><span>Prohl\u00e9dn\u011bte si\u00a0<\/span><a href=\"https:\/\/www.brighteon.com\/dd03ccec-6816-4a9d-8819-18018f5ba8ef\" target=\"_blank\" rel=\"noopener\"><span>tento klip<\/span><\/a><span>\u00a0, ve kter\u00e9m Putin diskutuje o zma\u0159en\u00e9m teroristick\u00e9m \u00fatoku na ruskou jadernou elektr\u00e1rnu rukama ukrajinsk\u00fdch sabot\u00e9r\u016f, kte\u0159\u00ed byli vycvi\u010deni britsk\u00fdmi speci\u00e1ln\u00edmi jednotkami:<\/span><\/p>\n<p><iframe loading=\"lazy\" src=\"https:\/\/www.brighteon.com\/embed\/dd03ccec-6816-4a9d-8819-18018f5ba8ef\" width=\"580\" height=\"326\" frameborder=\"0\" allowfullscreen=\"allowfullscreen\" data-mce-fragment=\"1\"><\/iframe><\/p>\n<p><span>Autor: Arsenio Toledo<\/span><\/p>\n<div class=\"code-block code-block-10\">\n<div id=\"badat-512060638\">\n<p>Zdroj: <a href=\"https:\/\/www.naturalnews.com\/2023-09-18-uk-training-ukraine-saboteurs-raid-nuclear-plant.html\" target=\"_blank\" rel=\"noopener\">naturalnews.com<\/a><\/p>\n<\/div>\n<p>&nbsp;<\/p>\n<\/div>\n","protected":false},"excerpt":{"rendered":"<p>Rusk\u00fd prezident Vladimir Putin varuje Velkou Brit\u00e1nii p\u0159ed \u201ev\u00e1\u017en\u00fdmi n\u00e1sledky\u201c a obvi\u0148uje jej\u00ed speci\u00e1ln\u00ed jednotky&#8230;<\/p>\n","protected":false},"author":2,"featured_media":36614,"comment_status":"closed","ping_status":"closed","sticky":false,"template":"","format":"standard","meta":[],"categories":[7],"tags":[1226,102,3961,303,2092],"_links":{"self":[{"href":"https:\/\/www.infokuryr.cz\/n\/wp-json\/wp\/v2\/posts\/36613"}],"collection":[{"href":"https:\/\/www.infokuryr.cz\/n\/wp-json\/wp\/v2\/posts"}],"about":[{"href":"https:\/\/www.infokuryr.cz\/n\/wp-json\/wp\/v2\/types\/post"}],"author":[{"embeddable":true,"href":"https:\/\/www.infokuryr.cz\/n\/wp-json\/wp\/v2\/users\/2"}],"replies":[{"embeddable":true,"href":"https:\/\/www.infokuryr.cz\/n\/wp-json\/wp\/v2\/comments?post=36613"}],"version-history":[{"count":0,"href":"https:\/\/www.infokuryr.cz\/n\/wp-json\/wp\/v2\/posts\/36613\/revisions"}],"wp:featuredmedia":[{"embeddable":true,"href":"https:\/\/www.infokuryr.cz\/n\/wp-json\/wp\/v2\/media\/36614"}],"wp:attachment":[{"href":"https:\/\/www.infokuryr.cz\/n\/wp-json\/wp\/v2\/media?parent=36613"}],"wp:term":[{"taxonomy":"category","embeddable":true,"href":"https:\/\/www.infokuryr.cz\/n\/wp-json\/wp\/v2\/categories?post=36613"},{"taxonomy":"post_tag","embeddable":true,"href":"https:\/\/www.infokuryr.cz\/n\/wp-json\/wp\/v2\/tags?post=36613"}],"curies":[{"name":"wp","href":"https:\/\/api.w.org\/{rel}","templated":true}]}}