{"id":36604,"date":"2023-09-20T01:10:05","date_gmt":"2023-09-19T23:10:05","guid":{"rendered":"http:\/\/www.infokuryr.cz\/n\/?p=36604"},"modified":"2023-09-19T19:00:37","modified_gmt":"2023-09-19T17:00:37","slug":"erik-best-dozimetr-se-priblizuje-k-hradu","status":"publish","type":"post","link":"https:\/\/www.infokuryr.cz\/n\/2023\/09\/20\/erik-best-dozimetr-se-priblizuje-k-hradu\/","title":{"rendered":"Erik Best: Dozimetr se p\u0159ibli\u017euje k Hradu"},"content":{"rendered":"<div id=\"fb-root\"><\/div>\n<p>Pir\u00e1ti v\u00a0minul\u00fdch dnech dle o\u010dek\u00e1v\u00e1n\u00ed vyzvali sv\u00e9 z\u00e1konod\u00e1rce a\u00a0ministry, aby navrhli odvol\u00e1n\u00ed ministra spravedlnosti Pavla Bla\u017eka z\u00a0ODS, ale neo\u010dek\u00e1v\u00e1 se, \u017ee by z\u00a0toho n\u011bco vze\u0161lo, pokud se Bla\u017eek bude chovat slu\u0161n\u011b.<\/p>\n<p>Potenci\u00e1ln\u011b skand\u00e1ln\u011bj\u0161\u00ed je n\u011bco, co \u0159ekl poslanec Jakub Mich\u00e1lek z\u00a0Pir\u00e1t\u016f ve \u010dtvrtek v\u00a0<a href=\"https:\/\/www.ceskatelevize.cz\/porady\/1096898594-udalosti-komentare\/223411000370914\/\" target=\"_blank\" rel=\"noopener\">\u010cesk\u00e9 televizi<\/a>: STAN pr\u00fd pou\u017eil \u010dern\u00e9 pen\u00edze, kter\u00e9 ukradl Dopravn\u00edmu podniku hl. m. Prahy, na financov\u00e1n\u00ed neleg\u00e1ln\u00ed kampan\u011b v\u00a0parlamentn\u00edch volb\u00e1ch 2021 na\u00a0<a href=\"https:\/\/www.fsfinalword.cz\/?page=archive&amp;show=1&amp;day=2022-1-10\" target=\"_blank\" rel=\"noopener\">p\u0159ekrou\u017ekov\u00e1n\u00ed Pir\u00e1t\u016f<\/a>.<\/p>\n<p>V\u00fdsledkem bylo, \u017ee Pir\u00e1ti z\u00edskali\u00a0<a href=\"https:\/\/www.idnes.cz\/volby\/parlamentni\/2021\/celkove-vysledky?strana=pirati-stan&amp;id=1350\" target=\"_blank\" rel=\"noopener\">\u010dty\u0159i poslaneck\u00e1 k\u0159esla, zat\u00edmco\u00a0 STAN 33<\/a>. Mich\u00e1lek mluvil o\u00a0\u201emafi\u00e1nech\u201c, kte\u0159\u00ed obsazovali posty v\u00a0DPP, konkr\u00e9tn\u011b Ji\u0159\u00edm Fremrovi z\u00a0TOP 09 a\u00a0Petru Hlubu\u010dkovi ze STANu. Tento koment\u00e1\u0159 p\u0159i\u0161el jen p\u00e1r dn\u00ed p\u0159edt\u00edm, ne\u017e MF Dnes informovala o\u00a0tom, \u017ee na Hrad\u011b spolu s\u00a0lobbistou Petrem Kol\u00e1\u0159em hraje hlavn\u00ed roli\u00a0<a href=\"https:\/\/www.idnes.cz\/zpravy\/domaci\/prezident-petr-pavel-tym-hrad-vlada-kolar-vohralikova-dobrovsky.A230918_191517_domaci_albe\" target=\"_blank\" rel=\"noopener\">miliard\u00e1\u0159 a\u00a0podnikatel Jan Dobrovsk\u00fd<\/a>, kter\u00fd je\u00a0<a href=\"https:\/\/www.prahain.cz\/politika\/dozimetr-zatukal-na-dvere-miliardari-dobrovskemu-8566.html\" target=\"_blank\" rel=\"noopener\">spojov\u00e1n s\u00a0Hlubu\u010dkem<\/a>.<\/p>\n<p>To posledn\u00ed, co prezident Petr Pavel pot\u0159ebuje, je b\u00fdt jakkoli spojov\u00e1n s\u00a0\u201emafi\u00e1ny\u201c z\u00a0hnut\u00ed STAN.<\/p>\n<p><a href=\"https:\/\/www.fsfinalword.cz\/?page=archive&amp;day=2023-09-19&amp;utm_source=utm_source%3Dnewsletter&amp;utm_medium=utm_medium%3De-mail&amp;utm_campaign=utm_campaigne%3Dfinal_word_19.9.2023\">Erik Best<\/a><\/p>\n<p><img decoding=\"async\" loading=\"lazy\" class=\"alignnone  wp-image-1179\" src=\"http:\/\/www.infokuryr.cz\/n\/wp-content\/uploads\/2021\/04\/erik-best.jpg\" alt=\"\" width=\"151\" height=\"170\" \/><\/p>\n<p>&nbsp;<\/p>\n<p>&nbsp;<\/p>\n<p><a href=\"https:\/\/stranapro.cz\/\"><img decoding=\"async\" loading=\"lazy\" class=\"wp-image-30218 aligncenter\" src=\"http:\/\/www.infokuryr.cz\/n\/wp-content\/uploads\/2023\/06\/PRO-banner-300x36.png\" alt=\"\" width=\"1350\" height=\"162\" srcset=\"https:\/\/www.infokuryr.cz\/n\/wp-content\/uploads\/2023\/06\/PRO-banner-300x36.png 300w, https:\/\/www.infokuryr.cz\/n\/wp-content\/uploads\/2023\/06\/PRO-banner-768x93.png 768w, https:\/\/www.infokuryr.cz\/n\/wp-content\/uploads\/2023\/06\/PRO-banner.png 849w\" sizes=\"(max-width: 1350px) 100vw, 1350px\" \/><\/a><\/p>\n<p>&nbsp;<\/p>\n<p>&nbsp;<\/p>\n<p>&nbsp;<\/p>\n<p>&nbsp;<\/p>\n<p>&nbsp;<\/p>\n","protected":false},"excerpt":{"rendered":"<p>Pir\u00e1ti v\u00a0minul\u00fdch dnech dle o\u010dek\u00e1v\u00e1n\u00ed vyzvali sv\u00e9 z\u00e1konod\u00e1rce a\u00a0ministry, aby navrhli odvol\u00e1n\u00ed ministra spravedlnosti Pavla&#8230;<\/p>\n","protected":false},"author":2,"featured_media":581,"comment_status":"closed","ping_status":"closed","sticky":false,"template":"","format":"standard","meta":[],"categories":[6],"tags":[4743,425,1173,424],"_links":{"self":[{"href":"https:\/\/www.infokuryr.cz\/n\/wp-json\/wp\/v2\/posts\/36604"}],"collection":[{"href":"https:\/\/www.infokuryr.cz\/n\/wp-json\/wp\/v2\/posts"}],"about":[{"href":"https:\/\/www.infokuryr.cz\/n\/wp-json\/wp\/v2\/types\/post"}],"author":[{"embeddable":true,"href":"https:\/\/www.infokuryr.cz\/n\/wp-json\/wp\/v2\/users\/2"}],"replies":[{"embeddable":true,"href":"https:\/\/www.infokuryr.cz\/n\/wp-json\/wp\/v2\/comments?post=36604"}],"version-history":[{"count":0,"href":"https:\/\/www.infokuryr.cz\/n\/wp-json\/wp\/v2\/posts\/36604\/revisions"}],"wp:featuredmedia":[{"embeddable":true,"href":"https:\/\/www.infokuryr.cz\/n\/wp-json\/wp\/v2\/media\/581"}],"wp:attachment":[{"href":"https:\/\/www.infokuryr.cz\/n\/wp-json\/wp\/v2\/media?parent=36604"}],"wp:term":[{"taxonomy":"category","embeddable":true,"href":"https:\/\/www.infokuryr.cz\/n\/wp-json\/wp\/v2\/categories?post=36604"},{"taxonomy":"post_tag","embeddable":true,"href":"https:\/\/www.infokuryr.cz\/n\/wp-json\/wp\/v2\/tags?post=36604"}],"curies":[{"name":"wp","href":"https:\/\/api.w.org\/{rel}","templated":true}]}}