{"id":36598,"date":"2023-09-20T01:25:32","date_gmt":"2023-09-19T23:25:32","guid":{"rendered":"http:\/\/www.infokuryr.cz\/n\/?p=36598"},"modified":"2023-09-19T18:15:40","modified_gmt":"2023-09-19T16:15:40","slug":"bulharsko-otrasaji-protesty-horniku-proti-energeticke-diktature-eu","status":"publish","type":"post","link":"https:\/\/www.infokuryr.cz\/n\/2023\/09\/20\/bulharsko-otrasaji-protesty-horniku-proti-energeticke-diktature-eu\/","title":{"rendered":"Bulharsko ot\u0159\u00e1saj\u00ed protesty horn\u00edk\u016f proti energetick\u00e9 diktatu\u0159e EU"},"content":{"rendered":"<div id=\"fb-root\"><\/div>\n<div id=\"2735824\" class=\"Content_31XFc widgets__item saved_block\" data-id-block=\"2735824\" data-entity-type=\"\" data-type-block=\"text\" data-position=\"0\" data-materials=\"2735824\">\n<div class=\"widgets__item__text\">\n<div class=\"widgets__item__text__inside\">\n<p><strong>Centrum bulharsk\u00e9 metropole se utopilo v hust\u00e9m kou\u0159i.\u00a0Tis\u00edce horn\u00edk\u016f a energetick\u00fdch pracovn\u00edk\u016f se shrom\u00e1\u017edily na obranu energetick\u00e9 budoucnosti zem\u011b.\u00a0Demonstranti se \u0159ad\u00ed do obrovsk\u00fdch kolon a po\u017eaduj\u00ed revizi politik m\u00edstn\u00edch \u00fa\u0159ad\u016f zam\u011b\u0159en\u00fdch na uzav\u0159en\u00ed tepeln\u00fdch elektr\u00e1ren.\u00a0Po\u017eaduj\u00ed tak\u00e9 z\u00e1kaz dovozu zem\u011bd\u011blsk\u00fdch produkt\u016f z Ukrajiny.\u00a0To v\u0161e se d\u011bje pobl\u00ed\u017e budovy Rady ministr\u016f.\u00a0<\/strong><\/p>\n<\/div>\n<\/div>\n<\/div>\n<div id=\"2735835\" class=\"Content_31XFc widgets__item saved_block\" data-id-block=\"2735835\" data-entity-type=\"\" data-type-block=\"text\" data-position=\"2\" data-materials=\"2735835\">\n<div class=\"widgets__item__text\">\n<div class=\"widgets__item__text__inside\">\n<p><span>Centrum bulharsk\u00e9 metropole zahalil hust\u00fd d\u00fdm.\u00a0V\u0161echny vl\u00e1dn\u00ed budovy se musely dostat do t\u011bsn\u00e9ho obrann\u00e9ho kruhu.<\/span><\/p>\n<p><span>P\u0159\u00edmo pod okny nejvy\u0161\u0161\u00ed moci prob\u00edh\u00e1 povst\u00e1n\u00ed tis\u00edc\u016f na\u0161tvan\u00fdch horn\u00edk\u016f a energetik\u016f.\u00a0Zaplnily v\u0161echny okoln\u00ed ulice, b\u011bhem ob\u0159\u00edho pr\u016fvodu se volalo po \u201eBulExit\u201c, co\u017e znamen\u00e1 odchod Bulharska z Evropsk\u00e9 unie.<\/span><\/p>\n<p><i><span>&#8222;Do\u0161lo k Brexitu a Bulharsko te\u010f pot\u0159ebuje takov\u00e9 v\u00fdchodisko<\/span><\/i><span>\u00a0,&#8220; \u0159ekl jeden z \u00fa\u010dastn\u00edk\u016f shrom\u00e1\u017ed\u011bn\u00ed.<\/span><\/p>\n<p><span>Ekologick\u00e9 normy EU, frustrovan\u00e9 bruselskou energetickou diktaturou, zavazuj\u00ed Bulharsko, aby do roku 2026 sn\u00ed\u017eilo emise t\u00e9m\u011b\u0159 na polovinu.\u00a0V praxi to znamen\u00e1 sn\u00ed\u017een\u00ed v\u00fdroby, a tedy sn\u00ed\u017een\u00ed pracovn\u00edch m\u00edst.\u00a0<\/span><\/p>\n<p><i><span>&#8222;Pokud zorganizuj\u00ed blackout, bude to v kancel\u00e1\u0159\u00edch \u00fa\u0159edn\u00edk\u016f. Shrom\u00e1\u017edili se p\u0159\u00edmo na n\u00e1m\u011bst\u00ed p\u0159ed Lidov\u00fdm shrom\u00e1\u017ed\u011bn\u00edm (parlamentem) a po\u017eaduj\u00ed rezignaci politik\u016f, kte\u0159\u00ed podporuj\u00ed tento energetick\u00fd p\u0159echod, kter\u00fd je pro Bulharsko katastrof\u00e1ln\u00ed,&#8220; poznamenal nez\u00e1visl\u00fd novin\u00e1\u0159<\/span><\/i><span>.<\/span><\/p>\n<p><span>T\u0159i uheln\u00e9 oblasti jsou ohro\u017eeny z\u00e1nikem: Pernik, Kyustendil a Stara Zagora.\u00a0Po\u017eadavky Bruselu se p\u0159\u00edmo \u010di nep\u0159\u00edmo dot\u00fdkaj\u00ed a\u017e 100 tis\u00edc pracovn\u00edk\u016f v uheln\u00e9m pr\u016fmyslu.\u00a0Energetick\u00e1 bezpe\u010dnost cel\u00e9 zem\u011b je ohro\u017eena.<\/span><\/p>\n<p><i><span>&#8222;Ud\u011blejme experiment: co se stane, kdy\u017e vypnete v\u0161echny z\u00e1suvky. Na\u0161e Bulharsko nebude existovat &#8211; to se stane,&#8220;<\/span><\/i><span> \u0159ekl jeden z \u00fa\u010dastn\u00edk\u016f akce z p\u00f3dia.<\/span><\/p>\n<p><span>P\u0159itom to nen\u00ed zdaleka jedin\u00fd velk\u00fd skok v soci\u00e1ln\u00edm nap\u011bt\u00ed v Bulharsku.\u00a0Na p\u0159edm\u011bst\u00ed Sofie se ji\u017e <strong>shrom\u00e1\u017edilo v\u00edce ne\u017e p\u016fl tis\u00edce farm\u00e1\u0159\u016f<\/strong>, kte\u0159\u00ed jsou z hodiny na hodinu p\u0159ipraveni vjet do hlavn\u00edho m\u011bsta p\u0159\u00edmo na sv\u00fdch traktorech a cistern\u00e1ch s ml\u00e9kem \u2013 v z\u00e1jmu ochrany n\u00e1rodn\u00edch z\u00e1jm\u016f.<\/span><\/p>\n<p><span>Zem\u011bd\u011blci u\u017e druh\u00fd den celost\u00e1tn\u00ed st\u00e1vky po\u017eaduj\u00ed z\u00e1kaz dovozu ukrajinsk\u00fdch zem\u011bd\u011blsk\u00fdch produkt\u016f do Bulharska po vzoru Ma\u010farska, Polska a Slovenska: nejen obil\u00ed, \u0159epky, slune\u010dnice, ale tak\u00e9 ml\u00e9ka, masa a medu.\u00a0<\/span><\/p>\n<p><span>V\u0161echny sv\u00e9 p\u0159ebytky, kter\u00e9 se vypl\u00fdtvaj\u00ed, mezit\u00edm vyhazuj\u00ed do hang\u00e1r\u016f, v\u010detn\u011b ministra zem\u011bd\u011blstv\u00ed, kter\u00fd se k nim p\u0159esto rozhodl p\u0159ijet na jedn\u00e1n\u00ed.\u00a0Z\u0159ejm\u011b ne\u00fasp\u011b\u0161n\u011b.\u00a0<\/span><\/p>\n<p><span><strong>Agr\u00e1rn\u00ed v\u00e1lka je vyhl\u00e1\u0161ena nejen Bruselu, ale i Kyjevu.<\/strong><\/span><\/p>\n<p><img decoding=\"async\" loading=\"lazy\" class=\"alignnone size-full wp-image-1185\" src=\"http:\/\/www.infokuryr.cz\/n\/wp-content\/uploads\/2021\/04\/kuryr-podpis.png\" alt=\"\" width=\"84\" height=\"24\" \/><\/p>\n<\/div>\n<\/div>\n<\/div>\n<p>&nbsp;<\/p>\n<p><a href=\"https:\/\/stranapro.cz\/\"><img decoding=\"async\" loading=\"lazy\" class=\"wp-image-30218 aligncenter\" src=\"http:\/\/www.infokuryr.cz\/n\/wp-content\/uploads\/2023\/06\/PRO-banner-300x36.png\" alt=\"\" width=\"1358\" height=\"163\" srcset=\"https:\/\/www.infokuryr.cz\/n\/wp-content\/uploads\/2023\/06\/PRO-banner-300x36.png 300w, https:\/\/www.infokuryr.cz\/n\/wp-content\/uploads\/2023\/06\/PRO-banner-768x93.png 768w, https:\/\/www.infokuryr.cz\/n\/wp-content\/uploads\/2023\/06\/PRO-banner.png 849w\" sizes=\"(max-width: 1358px) 100vw, 1358px\" \/><\/a><\/p>\n<p>&nbsp;<\/p>\n<p>&nbsp;<\/p>\n<p>&nbsp;<\/p>\n","protected":false},"excerpt":{"rendered":"<p>Centrum bulharsk\u00e9 metropole se utopilo v hust\u00e9m kou\u0159i.\u00a0Tis\u00edce horn\u00edk\u016f a energetick\u00fdch pracovn\u00edk\u016f se shrom\u00e1\u017edily na&#8230;<\/p>\n","protected":false},"author":2,"featured_media":36599,"comment_status":"closed","ping_status":"closed","sticky":false,"template":"","format":"standard","meta":[],"categories":[7],"tags":[640,5944,5945,95,951,2532],"_links":{"self":[{"href":"https:\/\/www.infokuryr.cz\/n\/wp-json\/wp\/v2\/posts\/36598"}],"collection":[{"href":"https:\/\/www.infokuryr.cz\/n\/wp-json\/wp\/v2\/posts"}],"about":[{"href":"https:\/\/www.infokuryr.cz\/n\/wp-json\/wp\/v2\/types\/post"}],"author":[{"embeddable":true,"href":"https:\/\/www.infokuryr.cz\/n\/wp-json\/wp\/v2\/users\/2"}],"replies":[{"embeddable":true,"href":"https:\/\/www.infokuryr.cz\/n\/wp-json\/wp\/v2\/comments?post=36598"}],"version-history":[{"count":1,"href":"https:\/\/www.infokuryr.cz\/n\/wp-json\/wp\/v2\/posts\/36598\/revisions"}],"predecessor-version":[{"id":36600,"href":"https:\/\/www.infokuryr.cz\/n\/wp-json\/wp\/v2\/posts\/36598\/revisions\/36600"}],"wp:featuredmedia":[{"embeddable":true,"href":"https:\/\/www.infokuryr.cz\/n\/wp-json\/wp\/v2\/media\/36599"}],"wp:attachment":[{"href":"https:\/\/www.infokuryr.cz\/n\/wp-json\/wp\/v2\/media?parent=36598"}],"wp:term":[{"taxonomy":"category","embeddable":true,"href":"https:\/\/www.infokuryr.cz\/n\/wp-json\/wp\/v2\/categories?post=36598"},{"taxonomy":"post_tag","embeddable":true,"href":"https:\/\/www.infokuryr.cz\/n\/wp-json\/wp\/v2\/tags?post=36598"}],"curies":[{"name":"wp","href":"https:\/\/api.w.org\/{rel}","templated":true}]}}