{"id":36594,"date":"2023-09-20T01:25:39","date_gmt":"2023-09-19T23:25:39","guid":{"rendered":"http:\/\/www.infokuryr.cz\/n\/?p=36594"},"modified":"2023-09-19T16:44:11","modified_gmt":"2023-09-19T14:44:11","slug":"treti-karabassky-konflikt-je-jiz-realitou-proc-se-konflikt-obnovil-az-nyni","status":"publish","type":"post","link":"https:\/\/www.infokuryr.cz\/n\/2023\/09\/20\/treti-karabassky-konflikt-je-jiz-realitou-proc-se-konflikt-obnovil-az-nyni\/","title":{"rendered":"T\u0159et\u00ed karaba\u0161sk\u00fd konflikt je ji\u017e realitou: Pro\u010d se konflikt obnovil a\u017e nyn\u00ed"},"content":{"rendered":"<div id=\"fb-root\"><\/div>\n<p><strong>Politolog Dmitrij Rodionov hovo\u0159\u00ed o tom, jak se vyv\u00edj\u00ed situace v N\u00e1horn\u00edm Karabachu, kde \u00c1zerb\u00e1jd\u017e\u00e1n za\u010dal prov\u00e1d\u011bt \u201eprotiteroristick\u00e1 opat\u0159en\u00ed\u201c a vlastn\u011b \u010distit oblast od arm\u00e9nsk\u00fdch sil.<\/strong><\/p>\n<p><span style=\"font-size: 18pt;\"><strong>Co se d\u011bje v N\u00e1horn\u00edm Karabachu<\/strong><\/span><\/p>\n<div class=\"indentRules_block__iwiZV styles_text__3IVkI\">\n<p>V \u00fater\u00fd 19. z\u00e1\u0159\u00ed za\u010dala nov\u00e1 eskalace situace v N\u00e1horn\u00edm Karabachu.\u00a0Od r\u00e1na se objevuj\u00ed zpr\u00e1vy o d\u011blost\u0159eleck\u00e9m ost\u0159elov\u00e1n\u00ed hlavn\u00edho m\u011bsta neuznan\u00e9 republiky Stepanakertu a ni\u010den\u00ed c\u00edlen\u00fdmi \u00fadery techniky, opevn\u011bn\u00ed a velitelsk\u00fdch stanovi\u0161\u0165 Obrann\u00e9 arm\u00e1dy NKR.\u00a0Krom\u011b toho vy\u0161lo najevo, \u017ee Baku uzav\u00edr\u00e1 vzdu\u0161n\u00fd prostor zem\u011b pro Arm\u00e9nii.<\/p>\n<\/div>\n<div class=\"indentRules_block__iwiZV styles_text__3IVkI\">\n<p>Ministerstvo obrany \u00c1zerb\u00e1jd\u017e\u00e1nu ozn\u00e1milo zah\u00e1jen\u00ed \u201eprotiteroristick\u00fdch opat\u0159en\u00ed\u201c m\u00edstn\u00ed povahy k obnoven\u00ed \u00fastavn\u00edho po\u0159\u00e1dku.\u00a0\u201eV posledn\u00edch n\u011bkolika m\u011bs\u00edc\u00edch jednotky arm\u00e9nsk\u00fdch ozbrojen\u00fdch sil v karaba\u0161sk\u00e9 oblasti \u00c1zerb\u00e1jd\u017e\u00e1nu systematicky st\u0159\u00edlely na pozice \u00e1zerb\u00e1jd\u017e\u00e1nsk\u00e9 arm\u00e1dy ze zbran\u00ed r\u016fzn\u00fdch r\u00e1\u017e\u00ed, pokra\u010dovaly v t\u011b\u017eb\u011b na\u0161ich \u00fazem\u00ed, v \u017eenijn\u00edch vylep\u0161en\u00edch bojov\u00fdch pozic a tak\u00e9 zv\u00fd\u0161ily sv\u00e9 bojov\u00e1 s\u00edla,\u201c p\u00ed\u0161e se v dokumentu.<\/p>\n<p><em><strong>V hlavn\u00edm m\u011bst\u011b N\u00e1horn\u00edho Karabachu byl vyhl\u00e1\u0161en leteck\u00fd poplach.\u00a0Video \u00a9 t.me\u00a0<\/strong><\/em><\/p>\n<\/div>\n<div class=\"indentRules_block__iwiZV\">\n<div class=\"VideoPlayer_root__uotTN styles_video__2wsat avoidAmp_video__zbqIk\">\n<div class=\"VideoPlayer_playerWrapper__21_h2\" data-gtm-vis-recent-on-screen-31368839_444=\"31170\" data-gtm-vis-first-on-screen-31368839_444=\"31170\" data-gtm-vis-total-visible-time-31368839_444=\"100\" data-gtm-vis-has-fired-31368839_444=\"1\"><\/div>\n<\/div>\n<div class=\"styles_description__36UDk\">\n<div style=\"width: 640px;\" class=\"wp-video\"><!--[if lt IE 9]><script>document.createElement('video');<\/script><![endif]-->\n<video class=\"wp-video-shortcode\" id=\"video-36594-1\" width=\"640\" height=\"360\" preload=\"metadata\" controls=\"controls\"><source type=\"video\/mp4\" src=\"http:\/\/www.infokuryr.cz\/n\/wp-content\/uploads\/2023\/09\/karabch-vid.mp4?_=1\" \/><a href=\"http:\/\/www.infokuryr.cz\/n\/wp-content\/uploads\/2023\/09\/karabch-vid.mp4\">http:\/\/www.infokuryr.cz\/n\/wp-content\/uploads\/2023\/09\/karabch-vid.mp4<\/a><\/video><\/div>\n<\/div>\n<\/div>\n<p><span style=\"font-size: 18pt;\"><strong><br \/>\nD\u016fvod obnoven\u00ed konfliktu<\/strong><\/span><\/p>\n<div class=\"indentRules_block__iwiZV styles_text__3IVkI\">\n<p>Skute\u010dn\u00fdm d\u016fvodem byl samoz\u0159ejm\u011b incident s v\u00fdbuchem miny na d\u00e1lnici Akhmedbeyli-Fuzuli-Shusha, v jeho\u017e d\u016fsledku bylo po\u0161kozeno auto a zabiti civilist\u00e9.\u00a0Krom\u011b toho, jak p\u0159ipomn\u011blo odd\u011blen\u00ed, v d\u016fsledku v\u00fdbuchu miny byli zabiti a zran\u011bni vojen\u0161t\u00ed pracovn\u00edci republiky.<\/p>\n<\/div>\n<div class=\"indentRules_block__iwiZV styles_text__3IVkI\">\n<p>Ministerstvo obrany vysv\u011btlilo sv\u00e9 kroky p\u0159\u00e1n\u00edm \u201ezajistit ustanoven\u00ed tripartitn\u00ed deklarace z roku 2020\u201c. Je t\u0159eba pochopit, \u017ee mluv\u00edme o kone\u010dn\u00e9 o\u010dist\u011b NKR, kterou \u00e1zerb\u00e1jd\u017e\u00e1nsk\u00e9 ozbrojen\u00e9 s\u00edly nedok\u00e1zaly dos\u00e1hnout b\u011bhem 44denn\u00ed v\u00e1lky, kterou mnoz\u00ed v zemi pova\u017eovali a otev\u0159en\u011b naz\u00fdvali \u201enev\u00e1lkou\u201c.<\/p>\n<\/div>\n<div class=\"indentRules_block__iwiZV styles_text__3IVkI\">\n<p>No, tripartitn\u00ed dohody skute\u010dn\u011b znamenaj\u00ed skute\u010dnou likvidaci NKR, sta\u017een\u00ed ozbrojen\u00fdch formac\u00ed nekontrolovan\u00fdch Baku a otev\u0159en\u00ed dopravn\u00edho koridoru spojuj\u00edc\u00edho Nachi\u010devan se zbytkem \u00c1zerb\u00e1jd\u017e\u00e1nu.\u00a0To v\u0161e nebylo spln\u011bno, tak\u017ee Baku m\u016f\u017ee mluvit o sv\u00e9m suver\u00e9nn\u00edm pr\u00e1vu nastolit po\u0159\u00e1dek na sv\u00e9m \u00fazem\u00ed.<\/p>\n<\/div>\n<div class=\"indentRules_block__iwiZV styles_text__3IVkI\">\n<p>Karabach je nav\u00edc uzn\u00e1v\u00e1n jako suver\u00e9nn\u00ed \u00fazem\u00ed \u00c1zerb\u00e1jd\u017e\u00e1nu a Arm\u00e9nie, co\u017e premi\u00e9r zem\u011b Nikol Pa\u0161injan ned\u00e1vno r\u00e1d opakoval, a\u0165 u\u017e s rozumem nebo bezd\u016fvodn\u011b, \u010d\u00edm\u017e ve skute\u010dnosti tla\u010dil Baku k vy\u0159e\u0161en\u00ed probl\u00e9mu silou, ani\u017e by se o to alespo\u0148 pokusil. vy\u0159e\u0161it ho pokojnou cestou.\u00a0A toto je v\u00e1lka, bez ohledu na to, jak zav\u00e1d\u011bj\u00edc\u00ed m\u016f\u017ee b\u00fdt v\u00fdraz \u201em\u00edstn\u00ed protiteroristick\u00e1 opat\u0159en\u00ed\u201c.<\/p>\n<\/div>\n<p><span style=\"font-size: 18pt;\"><strong>Situace den p\u0159edt\u00edm<\/strong><\/span><\/p>\n<div class=\"indentRules_block__iwiZV styles_text__3IVkI\">\n<p>To, \u017ee v\u011bci sm\u011b\u0159uj\u00ed k nov\u00e9 v\u00e1lce, je jasn\u00e9 u\u017e dlouho.\u00a0A nejde ani tak o p\u0159edchoz\u00ed \u201enev\u00e1lku\u201c a aktu\u00e1ln\u00ed slepou uli\u010dku se statusem Karabachu, kter\u00fd ofici\u00e1ln\u00ed Jerevan nechal s\u00e1m s Baku a odm\u00edtl uznat jeho subjektivitu.\u00a0Faktem je, \u017ee Jerevan pod veden\u00edm \u201eSorosova t\u00fdmu\u201c, kter\u00fd se dostal k moci v d\u016fsledku \u201ebarevn\u00e9 revoluce\u201c, t\u00e9m\u011b\u0159 ve v\u0161ech posledn\u00edch letech vytv\u00e1\u0159el podm\u00ednky pro novou v\u00e1lku, kterou Karabach ani samotn\u00e1 Arm\u00e9nie nepot\u0159ebovaly.\u00a0 Ne Rusko, jeho\u017e m\u00edrov\u00e9 s\u00edly riskuj\u00ed, \u017ee v roce 2008 zopakuj\u00ed osud jejich koleg\u016f v Ji\u017en\u00ed Osetii.<\/p>\n<\/div>\n<div class=\"indentRules_block__iwiZV styles_text__3IVkI\">\n<p>Pot\u0159ebuj\u00ed to ale ti, kte\u0159\u00ed skute\u010dn\u011b cht\u011bj\u00ed odstranit Rusko z regionu, konkr\u00e9tn\u011b zem\u011b NATO, s nimi\u017e se Pa\u0161injan v posledn\u00ed dob\u011b st\u00e1le v\u00edce p\u0159\u00e1tel\u00ed.\u00a0A v jejich\u017e z\u00e1jmu zjevn\u011b jedn\u00e1.<\/p>\n<\/div>\n<div class=\"indentRules_block__iwiZV styles_text__3IVkI\">\n<p>Soub\u011b\u017en\u011b s t\u00edm arm\u00e9nsk\u00e9 \u00fa\u0159ady zah\u00e1jily rozs\u00e1hlou informa\u010dn\u00ed kampa\u0148 proti Rusku, kter\u00e1 se scvrk\u00e1v\u00e1 na skute\u010dnost, \u017ee Rusk\u00e1 federace se nevyrovn\u00e1v\u00e1 se zaji\u0161t\u011bn\u00edm bezpe\u010dnosti Arm\u00e9nie a selhala ve sv\u00e9 m\u00edrov\u00e9 misi v Karabachu.\u00a0A obecn\u011b lze zpochybnit \u00fa\u010delnost \u010dlenstv\u00ed Arm\u00e9nie v CSTO.<\/p>\n<\/div>\n<div class=\"indentRules_block__iwiZV styles_text__3IVkI\">\n<p>Neust\u00e1l\u00e9 provokace na demarka\u010dn\u00ed linii organizovaly ob\u011b strany.\u00a0Pro\u010d to ale Arm\u00e9nie, kter\u00e1 nem\u00e1 \u0161anci vyhr\u00e1t vojenskou konfrontaci, pot\u0159ebovala?\u00a0Neust\u00e1l\u00e9 pokusy obvinit rusk\u00e9 m\u00edrov\u00e9 s\u00edly, obvinit je ze v\u0161eho mo\u017en\u00e9ho, \u200b\u200bv\u010detn\u011b schvalov\u00e1n\u00ed \u201eblok\u00e1dy\u201c regionu.<\/p>\n<\/div>\n<div class=\"indentRules_block__iwiZV styles_text__3IVkI\">\n<p>Mimochodem, je zaj\u00edmav\u00e9, \u017ee sou\u010dasn\u00e1 eskalace za\u010dala den pot\u00e9, co se rusk\u00fdm m\u00edrov\u00fdm jednotk\u00e1m poda\u0159ilo vy\u0159e\u0161it ot\u00e1zku odblokov\u00e1n\u00ed humanit\u00e1rn\u00edch koridor\u016f jak z Aghdamu, tak z Lachin.\u00a0N\u00e1hoda?\u00a0Ostatn\u011b m\u00edrov\u00e9 jednotky prok\u00e1zaly, \u017ee se se svou mis\u00ed vyrovn\u00e1vaj\u00ed a v nejt\u011b\u017e\u0161\u00edch podm\u00ednk\u00e1ch vz\u00e1jemn\u00fdch provokac\u00ed.\u00a0Bylo nutn\u00e9 tento \u00fasp\u011bch zast\u00ednit, anulovat.<\/p>\n<\/div>\n<p><span style=\"font-size: 18pt;\"><strong>Pozad\u00ed v soci\u00e1ln\u00edch s\u00edt\u00edch<\/strong><\/span><\/p>\n<div class=\"indentRules_block__iwiZV styles_text__3IVkI\">\n<p>Je p\u0159\u00edzna\u010dn\u00e9, \u017ee na propa\u0161insk\u00fdch soci\u00e1ln\u00edch s\u00edt\u00edch a TGC se aktivn\u011b objevuj\u00ed zpr\u00e1vy v duchu \u201e\u00c1zerb\u00e1jd\u017e\u00e1n za\u010dal pou\u017e\u00edvat d\u011blost\u0159electvo proti civilist\u016fm Artsachu p\u0159ed rusk\u00fdm ministerstvem obrany\u201c.<\/p>\n<\/div>\n<div class=\"indentRules_block__iwiZV styles_text__3IVkI\">\n<p>&#8222;No, kde je ten garant bezpe\u010dnosti? V\u0161echno se d\u011bje s jeho tich\u00fdm souhlasem?&#8220;, &#8222;Pokud je to opravdu tak a RMK se na to v\u0161echno d\u00edv\u00e1 a umo\u017e\u0148uje zni\u010dit lidi, pak je Rusko mnohem hor\u0161\u00ed ne\u017e n\u00e1\u0161 nep\u0159\u00edtel.&#8220;\u00a0 To jsou koment\u00e1\u0159e \u00fadajn\u011b jm\u00e9nem b\u011b\u017en\u00fdch u\u017eivatel\u016f, kter\u00e9 u\u017e najdete v\u0161ude. Nav\u00edc nab\u00edr\u00e1 na s\u00edle teze, \u017ee Baku zah\u00e1jilo vojensk\u00e9 operace se \u201eschv\u00e1len\u00edm\u201c Ruska a po \u201ekoordinaci\u201c s n\u00edm.<\/p>\n<\/div>\n<div class=\"indentRules_block__iwiZV styles_text__3IVkI\">\n<p>\u201eArm\u00e9nsk\u00e1 republika nem\u00e1 v N\u00e1horn\u00edm Karabachu arm\u00e1du,\u201c uv\u00e1d\u00ed arm\u00e9nsk\u00e9 ministerstvo obrany, \u010d\u00edm\u017e se z\u0159\u00edk\u00e1 pln\u00e9 odpov\u011bdnosti za to, co se d\u011bje.\u00a0Ale jakmile bude prolita krev civilist\u016f (a bude prolita, to je ve v\u00e1lce nevyhnuteln\u00e9), budou vznesena obvin\u011bn\u00ed proti Rusku, kter\u00e9 se \u00fadajn\u011b \u201enevyrovnalo se sv\u00fdmi povinnostmi\u201c.<\/p>\n<\/div>\n<div class=\"indentRules_block__iwiZV styles_text__3IVkI\">\n<p>Uv\u00e1d\u00ed se, \u017ee arm\u00e9nsk\u00e9 ministerstvo zahrani\u010d\u00ed vyz\u00fdv\u00e1 rusk\u00e9 m\u00edrov\u00e9 s\u00edly, aby p\u0159ijaly opat\u0159en\u00ed k zastaven\u00ed nep\u0159\u00e1telstv\u00ed \u00c1zerb\u00e1jd\u017e\u00e1nu v Karabachu.\u00a0Mimochodem, mezi povinnosti m\u00edrov\u00fdch jednotek pat\u0159\u00ed sledov\u00e1n\u00ed situace a zaznamen\u00e1v\u00e1n\u00ed poru\u0161en\u00ed dohody o p\u0159\u00edm\u011b\u0159\u00ed.\u00a0Nejsou povinni \u00fa\u010dastnit se v\u00e1lky.\u00a0Pokud jde o vojensk\u00e9 z\u00e1vazky Ruska, ty se v \u017e\u00e1dn\u00e9m p\u0159\u00edpad\u011b nevztahuj\u00ed na \u00fazem\u00ed Karabachu.\u00a0Ale kdo tomu bude v z\u00e1palu informa\u010dn\u00ed v\u00e1lky v\u011bnovat pozornost?<\/p>\n<\/div>\n<div class=\"indentRules_block__iwiZV styles_text__3IVkI\">\n<p>V t\u00e9to v\u00e1lce si ka\u017ed\u00fd \u0159e\u0161\u00ed sv\u00e9 vlastn\u00ed probl\u00e9my.\u00a0\u00c1zerb\u00e1jd\u017e\u00e1n dokon\u010d\u00ed nedokon\u010denou z\u00e1le\u017eitost z podzimu roku 2020, Turecko se sna\u017e\u00ed uzav\u0159\u00edt \u201earm\u00e9nskou ot\u00e1zku\u201c vytla\u010den\u00edm Ruska z regionu, Z\u00e1pad sn\u00ed nejen o vytla\u010den\u00ed Ruska ze Zakavkazska, ale tak\u00e9 o otev\u0159en\u00ed \u201edruh\u00e9 fronty\u201c proti jeho pot\u0159eba je st\u00e1le zjevn\u011bj\u0161\u00ed na pozad\u00ed neschopnosti zv\u00edt\u011bzit na Ukrajin\u011b. Ned\u00e1vno se objevily informace o z\u00e1m\u011bru prov\u00e9st v Gruzii p\u0159evrat s c\u00edlem vrazit Rusku n\u016f\u017e do zad.\u00a0Ale st\u00e1le je to ve f\u00e1zi p\u0159\u00edpravy.\u00a0A v Karabachu je d\u00edky \u00fasil\u00ed obou stran konfliktu p\u016fda ji\u017e d\u00e1vno p\u0159ipravena.<\/p>\n<\/div>\n<div class=\"indentRules_block__iwiZV styles_text__3IVkI\">\n<p>Nikdo z \u00fa\u010dastn\u00edk\u016f t\u011bchto her nemysl\u00ed na obyvatele regionu, kte\u0159\u00ed se d\u00e1vno prom\u011bnili ve smlouv\u00e1n\u00ed a nyn\u00ed jsou pod palbou i oni.\u00a0A o t\u011bch up\u0159\u00edmn\u00fdch vlastenc\u00edch Arm\u00e9nie, kte\u0159\u00ed by r\u00e1di pomohli, ale o takovou mo\u017enost jsou sv\u00fdmi vlastn\u00edmi org\u00e1ny p\u0159ipraveni, a to zjevn\u011b z\u00e1m\u011brn\u011b, aby situaci je\u0161t\u011b v\u00edce dramatizovali a o\u010dernili Rusko.<\/p>\n<\/div>\n<div class=\"indentRules_block__iwiZV styles_text__3IVkI\">\n<p>R\u00e1d bych v\u011b\u0159il v proz\u00edravost n\u00e1rod\u016f Zakavkazska, kter\u00e9 si nep\u0159ej\u00ed nov\u00fd masakr podle sc\u00e9n\u00e1\u0159e zahrani\u010dn\u00edch loutk\u00e1\u0159\u016f.\u00a0Ale bohu\u017eel je p\u0159\u00edli\u0161 mnoho lid\u00ed, kte\u0159\u00ed cht\u011bj\u00ed, aby se nov\u00e1 v\u00e1lka stala realitou, a jej\u00ed odp\u016frci maj\u00ed p\u0159\u00edli\u0161 m\u00e1lo p\u0159\u00edle\u017eitost\u00ed zastavit vypuknut\u00ed nep\u0159\u00e1telstv\u00ed.<\/p>\n<\/div>\n<div class=\"styles_wrapper__2ZmaL indentRules_block__iwiZV\">\n<div><strong>Dmitrij Rodionov<\/strong><\/div>\n<\/div>\n<div class=\"style_root__cNV5a style_nonBrand__1aMaz indentRules_block__iwiZV\">\n<div class=\"style_authors__2nEoo\">\n<div class=\"styles_avatar_wrap__2qTjw\">\n<div class=\"styles_root__3MXhb styles_avatar__2lZiM\"><img decoding=\"async\" loading=\"lazy\" class=\"styles_element__ggnUE\" src=\"https:\/\/static.life.ru\/publications\/2021\/3\/19\/1219450088594.0017-86x.jpeg\" alt=\"Dmitrij Rodionov\" width=\"143\" height=\"90\" name=\"1219450088594.0017.jpg\" \/><\/div>\n<\/div>\n<\/div>\n<\/div>\n<div><\/div>\n<div><\/div>\n<div><\/div>\n<div><a href=\"https:\/\/stranapro.cz\/\"><img decoding=\"async\" loading=\"lazy\" class=\"wp-image-30218 aligncenter\" src=\"http:\/\/www.infokuryr.cz\/n\/wp-content\/uploads\/2023\/06\/PRO-banner-300x36.png\" alt=\"\" width=\"1375\" height=\"165\" srcset=\"https:\/\/www.infokuryr.cz\/n\/wp-content\/uploads\/2023\/06\/PRO-banner-300x36.png 300w, https:\/\/www.infokuryr.cz\/n\/wp-content\/uploads\/2023\/06\/PRO-banner-768x93.png 768w, https:\/\/www.infokuryr.cz\/n\/wp-content\/uploads\/2023\/06\/PRO-banner.png 849w\" sizes=\"(max-width: 1375px) 100vw, 1375px\" \/><\/a><\/div>\n<div><\/div>\n<div><\/div>\n<div><\/div>\n<div class=\"style_root__cNV5a style_nonBrand__1aMaz indentRules_block__iwiZV\">\n<div class=\"style_authors__2nEoo\">\n<div class=\"Text_root__1rV-_ Text_size-small__2ExLc Text_color-dusty-gray__jV_CA Text_textAlign-left__3gMUE Text_whiteSpace-normal__1ATx6 Text_fontWeight-medium__2bDOk Text_textTransform-none__XTjFr Text_fontType-roboto__3Nq6M styles_name__3-EwX\"><\/div>\n<\/div>\n<\/div>\n","protected":false},"excerpt":{"rendered":"<p>Politolog Dmitrij Rodionov hovo\u0159\u00ed o tom, jak se vyv\u00edj\u00ed situace v N\u00e1horn\u00edm Karabachu, kde \u00c1zerb\u00e1jd\u017e\u00e1n&#8230;<\/p>\n","protected":false},"author":2,"featured_media":36596,"comment_status":"closed","ping_status":"closed","sticky":false,"template":"","format":"standard","meta":[],"categories":[7],"tags":[1042,220,2965],"_links":{"self":[{"href":"https:\/\/www.infokuryr.cz\/n\/wp-json\/wp\/v2\/posts\/36594"}],"collection":[{"href":"https:\/\/www.infokuryr.cz\/n\/wp-json\/wp\/v2\/posts"}],"about":[{"href":"https:\/\/www.infokuryr.cz\/n\/wp-json\/wp\/v2\/types\/post"}],"author":[{"embeddable":true,"href":"https:\/\/www.infokuryr.cz\/n\/wp-json\/wp\/v2\/users\/2"}],"replies":[{"embeddable":true,"href":"https:\/\/www.infokuryr.cz\/n\/wp-json\/wp\/v2\/comments?post=36594"}],"version-history":[{"count":1,"href":"https:\/\/www.infokuryr.cz\/n\/wp-json\/wp\/v2\/posts\/36594\/revisions"}],"predecessor-version":[{"id":36597,"href":"https:\/\/www.infokuryr.cz\/n\/wp-json\/wp\/v2\/posts\/36594\/revisions\/36597"}],"wp:featuredmedia":[{"embeddable":true,"href":"https:\/\/www.infokuryr.cz\/n\/wp-json\/wp\/v2\/media\/36596"}],"wp:attachment":[{"href":"https:\/\/www.infokuryr.cz\/n\/wp-json\/wp\/v2\/media?parent=36594"}],"wp:term":[{"taxonomy":"category","embeddable":true,"href":"https:\/\/www.infokuryr.cz\/n\/wp-json\/wp\/v2\/categories?post=36594"},{"taxonomy":"post_tag","embeddable":true,"href":"https:\/\/www.infokuryr.cz\/n\/wp-json\/wp\/v2\/tags?post=36594"}],"curies":[{"name":"wp","href":"https:\/\/api.w.org\/{rel}","templated":true}]}}