{"id":36574,"date":"2023-09-20T01:07:41","date_gmt":"2023-09-19T23:07:41","guid":{"rendered":"http:\/\/www.infokuryr.cz\/n\/?p=36574"},"modified":"2023-09-19T15:16:55","modified_gmt":"2023-09-19T13:16:55","slug":"zdenek-jemelik-na-okraj-otazek-vm-ze-17-9-2023","status":"publish","type":"post","link":"https:\/\/www.infokuryr.cz\/n\/2023\/09\/20\/zdenek-jemelik-na-okraj-otazek-vm-ze-17-9-2023\/","title":{"rendered":"Zden\u011bk Jemel\u00edk: Na okraj Ot\u00e1zek VM ze 17. 9. 2023"},"content":{"rendered":"<div id=\"fb-root\"><\/div>\n<p><strong>V\u00e1clav Moravec a jeho \u201eOt\u00e1zky\u201c b\u00fdv\u00e1 \u010dasto p\u0159edm\u011btem kritiky a n\u00e1vrh\u016f na zru\u0161en\u00ed po\u0159adu a pop\u0159\u00edpad\u011b i jeho propu\u0161t\u011bn\u00ed. P\u0159esto st\u00e1le z\u016fst\u00e1v\u00e1 na programu. Jeho sebev\u011bdom\u00e9 \u00favodn\u00ed sd\u011blen\u00ed, \u017ee Ot\u00e1zky otv\u00edraj\u00ed t\u00e9mata, o nich\u017e se po jejich odvys\u00edl\u00e1n\u00ed bude mluvit, je zjevn\u011b nesmysln\u00e9 a opr\u00e1vn\u011bn\u011b dr\u00e1\u017edilo ji\u017e prezidenta V\u00e1clava Klause. Mluv\u00ed se v nich a\u017e na v\u00fdjimky v\u017edy o v\u011bcech ji\u017e otev\u0159en\u00fdch.<\/strong><\/p>\n<p>Jednou za uhersk\u00fd rok se na po\u0159ad dost\u00e1vaj\u00ed z\u00e1le\u017eitosti resortu spravedlnosti. Pom\u011brn\u011b \u0159\u00eddk\u00fd v\u00fdskyt po\u0159ad\u016f tohoto typu je \u00fam\u011brn\u00fd obecn\u00e9mu nez\u00e1jmu politick\u00e9 v\u011brchu\u0161ky a s n\u00ed souzn\u00edc\u00edho veden\u00ed \u010cesk\u00e9 televize o pom\u011bry v n\u011bm.<\/p>\n<p>V\u00e1clav Moravec si tentokr\u00e1t pozval pozoruhodn\u00e9 osobnosti, nesporn\u011b zp\u016fsobil\u00e9 zaj\u00edmav\u00fdch vyj\u00e1d\u0159en\u00ed: p\u0159edsedu \u00dastavn\u011b pr\u00e1vn\u00edho v\u00fdboru Poslaneck\u00e9 sn\u011bmovny Radka Vondr\u00e1\u010dka, ministra spravedlnosti Pavla Bla\u017eka a sen\u00e1tora V\u00e1clava L\u00e1sku. Dobr\u00fd v\u00fdb\u011br ov\u0161em p\u0159inesl p\u0159ehu\u0161t\u011bn\u00ed po\u0159adu my\u0161lenkami a informacemi, kter\u00e9 mo\u017en\u00e1 zp\u016fsobilo nesrozumitelnost pro b\u011b\u017en\u00e9ho div\u00e1ka. Kdy\u017e je n\u011b\u010deho hodn\u011b, m\u016f\u017ee toho b\u00fdt p\u0159\u00edli\u0161.<\/p>\n<p>Za dan\u00e9ho stavu v\u011bci nem\u00e1 smysl, abych uv\u00e1d\u011bl \u00fapln\u00fd p\u0159ehled t\u00e9mat, je\u017e p\u0159i\u0161la na p\u0159et\u0159es. Omez\u00edm se na p\u00e1r okrajov\u00fdch pozn\u00e1mek.<\/p>\n<p>Zvl\u00e1\u0161\u0165 oce\u0148uji, \u017ee V\u00e1clav Moravec pozval sen\u00e1tora V\u00e1clava L\u00e1sku. Jeho my\u0161len\u00ed je poznamen\u00e1no dlouholetou prax\u00ed policisty. Proto vid\u00ed v\u011bci bez okras, jak\u00e9 jsou: upozornil na ne\u00fanosnost stavu, v n\u011bm\u017e\u00a0 trestn\u00ed \u0159\u00edzen\u00ed po 30 letech od \u201eSametu\u201c st\u00e1le prob\u00edh\u00e1 podle nes\u010detn\u011bkr\u00e1t novelizovan\u00e9ho trestn\u00edho \u0159\u00e1du z r. 1961 a ani sou\u010dasn\u00e1 vl\u00e1da nespln\u00ed slib p\u0159edlo\u017eit do Poslaneck\u00e9 sn\u011bmovny nov\u00fd ucelen\u00fd kodex. Vyvolal t\u00edm debatu, z kter\u00e9 vypl\u00fdv\u00e1, \u017ee by nov\u00fd kodex sice v\u0161ichni cht\u011bli, ale kv\u016fli nemo\u017enosti dosa\u017een\u00ed dohody zainteresovan\u00fdch stran na podrobnostech se mus\u00edme spokojit s p\u0159edlo\u017een\u00edm dal\u0161\u00ed, tentokr\u00e1t z\u00e1sadn\u00ed novely ke konci leto\u0161n\u00edho roku.<\/p>\n<p>S v\u00fdhradami ke stavu trestn\u00edho \u0159\u00e1du souvis\u00ed i L\u00e1skovo m\u00edn\u011bn\u00ed o p\u0159ed\u010dasnosti projedn\u00e1v\u00e1n\u00ed novely z\u00e1kona o st\u00e1tn\u00edm zastupitelstv\u00ed, kter\u00e1 postr\u00e1d\u00e1 smysl, pokud trestn\u00ed \u0159\u00e1d nevymez\u00ed jednozna\u010dn\u011b postaven\u00ed st\u00e1tn\u00edch z\u00e1stupc\u016f v trestn\u00edm \u0159\u00edzen\u00ed.<\/p>\n<p>Obna\u017een\u00ed nezp\u016fsobilosti politick\u00fdch vrstev \u0159e\u0161it koncep\u010dn\u011b v\u00fdvoj v resortu spravedlnosti zavr\u0161il sen\u00e1tor V\u00e1clav L\u00e1ska upozorn\u011bn\u00edm, \u017ee na zaveden\u00ed hl\u00eddac\u00edch n\u00e1ramk\u016f \u010dek\u00e1me neomluviteln\u011b dlouho. K tomuto bodu ministr Pavel Bla\u017eek podal optimistickou zpr\u00e1vu o\u00a0 snad \u00fasp\u011b\u0161n\u00e9m dokon\u010den\u00ed jedn\u00e1n\u00ed s dodavatelem.<\/p>\n<p>Z jednotlivost\u00ed musela samoz\u0159ejm\u011b p\u0159ij\u00edt na p\u0159et\u0159es \u201e\u017ehav\u00e1 sou\u010dasnost\u201c: vr\u00e1cen\u00ed kauzy \u010cap\u00ed hn\u00edzdo M\u011bstsk\u00e9mu soudu v Praze usnesen\u00edm neve\u0159ejn\u00e9ho zased\u00e1n\u00ed sen\u00e1tu Vrchn\u00edho soudu v Praze. Ve\u0159ejnost projevuje netrp\u011blivost kv\u016fli neznalosti d\u016fvod\u016f, je\u017e soudce Vrchn\u00edho soudu p\u0159ivedly k rozhodnut\u00ed. Vejdou ve zn\u00e1most a\u017e po vyd\u00e1n\u00ed p\u00edsemn\u00e9ho vyhotoven\u00ed rozhodnut\u00ed, je\u017e ov\u0161em dostanou do rukou nejd\u0159\u00edve strany \u0159\u00edzen\u00ed, a to nejd\u0159\u00edve za m\u011bs\u00edc.<\/p>\n<p><a href=\"https:\/\/stranapro.cz\/\"><img decoding=\"async\" loading=\"lazy\" class=\"wp-image-30218 aligncenter\" src=\"http:\/\/www.infokuryr.cz\/n\/wp-content\/uploads\/2023\/06\/PRO-banner-300x36.png\" alt=\"\" width=\"1367\" height=\"164\" srcset=\"https:\/\/www.infokuryr.cz\/n\/wp-content\/uploads\/2023\/06\/PRO-banner-300x36.png 300w, https:\/\/www.infokuryr.cz\/n\/wp-content\/uploads\/2023\/06\/PRO-banner-768x93.png 768w, https:\/\/www.infokuryr.cz\/n\/wp-content\/uploads\/2023\/06\/PRO-banner.png 849w\" sizes=\"(max-width: 1367px) 100vw, 1367px\" \/><\/a><\/p>\n<p>Nemohu si na tomto m\u00edst\u011b odpustit pozn\u00e1mku k v\u00fdvoji st\u00e1tn\u00edho z\u00e1stupce Jaroslava \u0160arocha. Jeho p\u016fvodn\u00ed stanovisko ve v\u011bci bylo zastaven\u00ed trestn\u00edho st\u00edh\u00e1n\u00ed v\u0161ech obvin\u011bn\u00fdch. A\u017e po rozhodnut\u00ed nejvy\u0161\u0161\u00edho st\u00e1tn\u00edho z\u00e1stupce Pavla Zemana zahrnul do dokazov\u00e1n\u00ed ostudn\u00e9 zneu\u017eit\u00ed v\u00fdpov\u011bd\u00ed Andreje Babi\u0161e ml. a nakonec podal ob\u017ealobu, kter\u00e1 v o\u010d\u00edch sen\u00e1tu Jana \u0160otta neobst\u00e1la. Jeho pr\u00e1vo odvolat se je nezpochybniteln\u00e9, ale vzhledem k v\u00fdvoji jeho my\u0161len\u00ed m\u011b jeho uplatn\u011bn\u00ed p\u0159ekvapuje, nebo\u0165 tak trochu pop\u0159el s\u00e1m sebe.<\/p>\n<p>Pro \u00faplnost dod\u00e1v\u00e1m, \u017ee s\u00e1m jsem v\u00a0<a href=\"https:\/\/www.jemelikzdenek.cz\/2023\/01\/priznivy-rozsudek-v-kauze-capi-hnizdo.html\">\u010dl\u00e1nku<\/a>\u00a0z 9.ledna 2023 prohl\u00e1sil, \u017ee nebudu p\u0159ekvapen, pokud se \u017ealobce odvol\u00e1. Ale samoz\u0159ejm\u011b jsem nem\u011bl k disposici p\u00edsemn\u00e9 vyhotoven\u00ed rozsudku.<\/p>\n<p>Ministr Pavel Bla\u017eek se k vr\u00e1cen\u00ed kauzy \u010cap\u00ed hn\u00edzdo vyj\u00e1d\u0159il, \u017ee jde o obvykl\u00fd postup. V t\u00e9 souvislosti se ale rozproudila debata o p\u0159\u00ed\u010din\u00e1ch ne\u00fanosn\u00e9 d\u00e9lky trestn\u00edho \u0159\u00edzen\u00ed. V p\u0159\u00edpad\u011b kauzy \u010cap\u00ed hn\u00edzdo se \u00fa\u010dastn\u00edci pozastavili nad neobvyklou d\u00e9lkou p\u0159\u00edpravn\u00e9ho \u0159\u00edzen\u00ed. Ale ministr Pavel Bla\u017eek p\u0159ipustil, \u017ee vracen\u00ed v\u011bc\u00ed odvolac\u00edm soudem na prvn\u00ed stupe\u0148 m\u016f\u017ee b\u00fdt projevem alibismu a ve v\u00fdsledku vyvol\u00e1v\u00e1 pr\u016ftahy. Sl\u00edbil, \u017ee novela trestn\u00edho \u0159\u00e1du bude obsahovat ustanoven\u00ed, je\u017e zp\u0159\u00edsn\u00ed podm\u00ednky pro vracen\u00ed v\u011bci odvolac\u00edm soudem. V tomto ohledu jsem ale jako laik skeptick\u00fd: pokud by m\u011bl odvolac\u00ed soud o v\u011bci s\u00e1m rozhodnout, mus\u00ed b\u00fdt d\u016fkazn\u00ed situace jednozna\u010dn\u00e1, nevy\u017eaduj\u00edc\u00ed dopln\u011bn\u00ed dokazov\u00e1n\u00ed. M\u00e1m dojem, \u017ee dosa\u017een\u00ed takov\u00e9ho stavu spisu nen\u00ed samoz\u0159ejmost\u00ed.<\/p>\n<p>Debata se dotkla i p\u0159\u00edpravy novely z\u00e1kona o\u00a0 st\u00e1tn\u00edm zastupitelstv\u00ed, jej\u00ed\u017e projedn\u00e1n\u00ed m\u00e1 b\u00fdt podle V\u00e1clava Moravce uzav\u0159en\u00edm v\u00fdvoje \u201eod Bla\u017eka po Bla\u017eka\u201c.\u00a0 Je toti\u017e trapnou skute\u010dnost\u00ed, \u017ee Pavel Bla\u017eek v dob\u011b sv\u00e9ho prvn\u00edho mand\u00e1tu st\u00e1hl z Poslaneck\u00e9 sn\u011bmovny p\u0159edlohu nov\u00e9ho komplexn\u00edho z\u00e1kona o st\u00e1tn\u00edm zastupitelstv\u00ed (nikoli novelu, jak si mysl\u00ed neomyln\u00fd VM), kdy\u017e zjistil, \u017ee by n\u00e1vrh stejn\u011b nepro\u0161el. Dnes p\u0159edkl\u00e1d\u00e1 pouze novelu a i kolem n\u00ed je spousta nejistot. P\u0159ed n\u00edm to ne\u00fasp\u011b\u0161n\u011b zkusila Marie Bene\u0161ov\u00e1, kter\u00e1 se kdysi zaslou\u017eila o sta\u017een\u00ed n\u00e1vrhu nov\u00e9ho z\u00e1kona.<\/p>\n<p>Sporn\u00fdm bodem novely je d\u00e9lka funk\u010dn\u00edho obdob\u00ed vedouc\u00edho st\u00e1tn\u00edho z\u00e1stupce. Novela po\u010d\u00edt\u00e1 se sedmi lety, ale Igor St\u0159\u00ed\u017e po\u017eaduje 10 let, co\u017e je d\u00e9lka funk\u010dn\u00edho obdob\u00ed p\u0159edsedy soudu. Nebere ov\u0161em do \u00favahy rozd\u00edlnost povahy pr\u00e1ce p\u0159edsedy soudu a vedouc\u00edho st\u00e1tn\u00edho z\u00e1stupce. P\u0159edseda soudu nem\u00e1 mo\u017enost zasahovat do rozhodovac\u00ed \u010dinnosti soudc\u016f, kte\u0159\u00ed jsou na n\u011bm v tomto ohledu nez\u00e1visl\u00ed. Nejv\u011bt\u0161\u00ed rozpaky vyvol\u00e1v\u00e1 zp\u016fsob odvol\u00e1v\u00e1n\u00ed nejvy\u0161\u0161\u00edho st\u00e1tn\u00edho z\u00e1stupce. Novela po\u010d\u00edt\u00e1 s \u201edvojkolejnost\u00ed\u201c. Ponech\u00e1v\u00e1 vl\u00e1d\u011b pr\u00e1vo odvolat nejvy\u0161\u0161\u00edho st\u00e1tn\u00edho z\u00e1stupce bez ud\u00e1n\u00ed d\u016fvod\u016f (s mo\u017en\u00fdm p\u0159ezkumem Nejvy\u0161\u0161\u00edm spr\u00e1vn\u00edm soudem), ale vedle toho p\u0159ipou\u0161t\u00ed odvol\u00e1n\u00ed na z\u00e1klad\u011b v\u00fdsledku k\u00e1rn\u00e9ho \u0159\u00edzen\u00ed. Jako laik soud\u00edm, \u017ee vl\u00e1d\u011b, kter\u00e1 odpov\u00edd\u00e1 za \u010dinnost st\u00e1tn\u00edho zastupitelstv\u00ed, p\u0159\u00edslu\u0161\u00ed pr\u00e1vo na odvol\u00e1n\u00ed nejvy\u0161\u0161\u00edho st\u00e1tn\u00edho z\u00e1stupce. Ostatn\u011b v Evrop\u011b je takov\u00e9 \u0159e\u0161en\u00ed b\u011b\u017en\u00e9.<\/p>\n<p>Ministr Pavel Bla\u017eek se zm\u00ednil o z\u00e1m\u011bru na zm\u011bnu trestn\u00ed politiky v ukl\u00e1d\u00e1n\u00ed trest\u016f: trestn\u00edmi sazbami je t\u0159eba odli\u0161it n\u00e1siln\u00e9 jedn\u00e1n\u00ed od ostatn\u00edch druh\u016f trestn\u00e9 \u010dinnosti. V t\u00e9to souvislosti padla i zm\u00ednka o mo\u017en\u00e9m zachov\u00e1n\u00ed trestnosti neplacen\u00ed v\u00fd\u017eivn\u00e9ho. V\u00e1clav L\u00e1ska to m\u00e1 jasn\u00e9: je to v\u011bc pro exeku\u010dn\u00ed \u0159\u00edzen\u00ed. Proti tomu nam\u00edt\u00e1m, \u017ee mezi neplati\u010di v\u00fd\u017eivn\u00e9ho jsou asoci\u00e1ln\u00ed jedinci, z nich\u017e exekutor nikdy nic nevyraz\u00ed, proto\u017ee nikdy nebudou m\u00edt z \u010deho platit. Hrozba v\u011bzen\u00edm mo\u017en\u00e1 aspo\u0148 n\u011bkter\u00e9 z nich p\u0159im\u011bje k slu\u0161n\u011bj\u0161\u00edmu chov\u00e1n\u00ed.<\/p>\n<p>Debatuj\u00edc\u00ed se hladce shodli na odm\u00edtav\u00e9m stanovisku k n\u00e1vrhu na z\u0159\u00edzen\u00ed parlamentn\u00ed vy\u0161et\u0159ovac\u00ed komise, kter\u00e1 by se zab\u00fdvala d\u011bn\u00edm na Hrad\u011b v dob\u011b p\u016fsoben\u00ed prezidenta Milo\u0161e Zemana: \u017e\u00e1dn\u00e1 parlamentn\u00ed vy\u0161et\u0159ovac\u00ed komise nikdy nic nevy\u0161et\u0159ila. Radek Vondr\u00e1\u010dek\u00a0 upozornil, \u017ee smysl m\u011blo z\u0159\u00edzen\u00ed Vy\u0161et\u0159ovac\u00ed komise pro vy\u0161et\u0159en\u00ed ud\u00e1lost\u00ed 17.listopadu 1989, nebo\u0165 v t\u00e9 dob\u011b nebylo mo\u017en\u00e9 pov\u011b\u0159it \u00fakolem org\u00e1ny \u010dinn\u00e9 v trestn\u00edm \u0159\u00edzen\u00ed, spjat\u00e9 s p\u0159edlistopadov\u00fdm re\u017eimem. Dnes jde o v\u011bc, kterou se m\u00e1 zab\u00fdvat BIS a org\u00e1ny \u010dinn\u00e9 v trestn\u00edm \u0159\u00edzen\u00ed a n\u011bjak\u00e9 vy\u0161et\u0159ov\u00e1n\u00ed ji\u017e b\u011b\u017e\u00ed.<\/p>\n<p>Pozornosti neu\u0161lo setk\u00e1n\u00ed ministra Pavla Bla\u017eka s b\u00fdval\u00fdm poradcem prezidenta Milo\u0161e Zemana, lobbistou Martinem Nejedl\u00fdm. K v\u011bci jsem se\u00a0<a href=\"https:\/\/www.jemelikzdenek.cz\/2023\/08\/ministr-u-vyslechu.html\">vyj\u00e1d\u0159il<\/a>\u00a024.srpna 2023, pova\u017euji ji za novin\u00e1\u0159i nafouknutou \u201eprkotinu\u201c a stanovisko nem\u011bn\u00edm. Vid\u00edm ji jako varov\u00e1n\u00ed p\u0159ed n\u00e1vratem do p\u0159edlistopadov\u00fdch pom\u011br\u016f, kdy v hospod\u011b si musel ob\u010dan d\u00e1vat pozor na jazyk, proto\u017ee musel po\u010d\u00edtat s t\u00edm, \u017ee jej pozoruje f\u00edzl.<\/p>\n<p>Op\u011bt to byl V\u00e1clav L\u00e1ska, kter\u00fd sice uznal nadhodnocen\u00ed ud\u00e1losti m\u00e9dii, ale kladl Pavlu Bla\u017ekovi na srdce ohledy na d\u016fv\u011bryhodnost jeho politick\u00e9 strany. Hovo\u0159ilo se tak\u00e9 o pr\u00e1v\u011b prob\u00edhaj\u00edc\u00edm vnitrostranick\u00e9m hlasov\u00e1n\u00ed Pir\u00e1t\u016f o n\u00e1vrhu na pod\u00e1n\u00ed v\u00fdzvy p\u0159edsedovi vl\u00e1dy k odvol\u00e1n\u00ed Pavla Bla\u017eka z funkce. Pan ministr se opakovan\u011b vyj\u00e1d\u0159il, \u017ee v setk\u00e1n\u00ed s lobbistou d\u016fvod k resignaci nevid\u00ed, ale \u00a0vyhnul se \u00a0jasn\u00e9 odpov\u011bdi na opakovan\u00e9 ot\u00e1zky, zda by na v\u00fdzvu Pir\u00e1t\u016f k resignaci odstoupil. Odm\u00edtl debaty s t\u00edm, \u017ee stanovisko Pir\u00e1t\u016f bude zn\u00e1mo a\u017e z\u00edtra.<\/p>\n<p>K tomu podot\u00fdk\u00e1m, \u017ee nejmen\u0161\u00ed strany r\u016fzn\u00fdch vl\u00e1dn\u00edch koalic v\u017edy pou\u017e\u00edvaly svou nepostradatelnost pro sestaven\u00ed vl\u00e1dn\u00ed koalice k vyd\u00edr\u00e1n\u00ed p\u0159edsed\u016f vl\u00e1dy a koali\u010dn\u00edch partner\u016f. Nikdy d\u0159\u00edve to ale nedos\u00e1hlo \u201epir\u00e1tsk\u00fdch\u201c rozm\u011br\u016f. Pir\u00e1ti si usurpovali naprosto nep\u0159im\u011b\u0159en\u00fd pod\u00edl na moci v\u00fdkonn\u00e9 a parlamentn\u00edch funkc\u00edch. P\u0159ekon\u00e1vaj\u00ed nyn\u00ed sv\u00e9 p\u0159edch\u016fdce i chut\u00ed mluvit v\u011bt\u0161\u00edm koali\u010dn\u00edm partner\u016fm do jejich person\u00e1ln\u00edch z\u00e1le\u017eitost\u00ed: je p\u0159ece p\u0159edev\u0161\u00edm na m\u00edst\u011b, aby\u00a0 ODS jako deleguj\u00edc\u00ed politick\u00e1 strana rozhodla, zda Pavla Bla\u017eka podr\u017e\u00ed \u010di st\u00e1hne z ministersk\u00e9ho k\u0159esla.<\/p>\n<p>Vyzvou-li Pir\u00e1ti po referendu Pavla Bla\u017eka k resignaci a Petra Fialu k jeho odvol\u00e1n\u00ed, vyhrot\u00ed situaci do krajnosti. Vyvst\u00e1v\u00e1 ot\u00e1zka, co ud\u011blaj\u00ed, pokud Pavel Bla\u017eek neodstoup\u00ed a Petr Fiala jej mand\u00e1tu nezbav\u00ed. Opust\u00ed v takov\u00e9m p\u0159\u00edpad\u011b vl\u00e1du a zbav\u00ed se ostatn\u00edch prebend? \u00a0A padne-li vl\u00e1da, koho to pot\u011b\u0161\u00ed ?<\/p>\n<p>P\u0159ipom\u00edn\u00e1m, \u017ee \u00fastupky vyd\u011bra\u010d\u016fm se v\u011bt\u0161inou neosv\u011bd\u010duj\u00ed.<\/p>\n<p>Na z\u00e1v\u011br projevuji p\u0159\u00e1n\u00ed, aby \u010cesk\u00e1 televize vracela problematiku resortu spravedlnosti do Ot\u00e1zek VM \u010dast\u011bji ( kdy\u017e u\u017e nesmysln\u011b trv\u00e1 na jejich nepostradatelnosti) a zejm\u00e9na aby politici kone\u010dn\u011b pochopili, \u017ee resort je dlouhodob\u011b zanedban\u00fd a vy\u017eaduje celkovou renovaci. Ostatn\u011b ka\u017ed\u00fd politik se m\u016f\u017ee st\u00e1t \u201ez\u00e1kazn\u00edkem\u201c justice a poc\u00edtit d\u016fsledky zanedbanosti na sv\u00e9 k\u016f\u017ei, \u010dili p\u00e9\u010de o resort se m\u016f\u017ee jednou v budoucnosti vyplatit.<\/p>\n<p><strong>Zden\u011bk Jemel\u00edk<\/strong><\/p>\n<p><img decoding=\"async\" loading=\"lazy\" class=\"alignnone size-medium wp-image-357\" src=\"http:\/\/www.infokuryr.cz\/n\/wp-content\/uploads\/2021\/04\/Jemelik-u-soudu-300x145.jpeg\" alt=\"\" width=\"300\" height=\"145\" srcset=\"https:\/\/www.infokuryr.cz\/n\/wp-content\/uploads\/2021\/04\/Jemelik-u-soudu-300x145.jpeg 300w, https:\/\/www.infokuryr.cz\/n\/wp-content\/uploads\/2021\/04\/Jemelik-u-soudu.jpeg 320w\" sizes=\"(max-width: 300px) 100vw, 300px\" \/><\/p>\n<p>&nbsp;<\/p>\n<p>&nbsp;<\/p>\n","protected":false},"excerpt":{"rendered":"<p>V\u00e1clav Moravec a jeho \u201eOt\u00e1zky\u201c b\u00fdv\u00e1 \u010dasto p\u0159edm\u011btem kritiky a n\u00e1vrh\u016f na zru\u0161en\u00ed po\u0159adu a&#8230;<\/p>\n","protected":false},"author":2,"featured_media":20045,"comment_status":"closed","ping_status":"closed","sticky":false,"template":"","format":"standard","meta":[],"categories":[6],"tags":[47,29,122,5940,2737],"_links":{"self":[{"href":"https:\/\/www.infokuryr.cz\/n\/wp-json\/wp\/v2\/posts\/36574"}],"collection":[{"href":"https:\/\/www.infokuryr.cz\/n\/wp-json\/wp\/v2\/posts"}],"about":[{"href":"https:\/\/www.infokuryr.cz\/n\/wp-json\/wp\/v2\/types\/post"}],"author":[{"embeddable":true,"href":"https:\/\/www.infokuryr.cz\/n\/wp-json\/wp\/v2\/users\/2"}],"replies":[{"embeddable":true,"href":"https:\/\/www.infokuryr.cz\/n\/wp-json\/wp\/v2\/comments?post=36574"}],"version-history":[{"count":0,"href":"https:\/\/www.infokuryr.cz\/n\/wp-json\/wp\/v2\/posts\/36574\/revisions"}],"wp:featuredmedia":[{"embeddable":true,"href":"https:\/\/www.infokuryr.cz\/n\/wp-json\/wp\/v2\/media\/20045"}],"wp:attachment":[{"href":"https:\/\/www.infokuryr.cz\/n\/wp-json\/wp\/v2\/media?parent=36574"}],"wp:term":[{"taxonomy":"category","embeddable":true,"href":"https:\/\/www.infokuryr.cz\/n\/wp-json\/wp\/v2\/categories?post=36574"},{"taxonomy":"post_tag","embeddable":true,"href":"https:\/\/www.infokuryr.cz\/n\/wp-json\/wp\/v2\/tags?post=36574"}],"curies":[{"name":"wp","href":"https:\/\/api.w.org\/{rel}","templated":true}]}}