{"id":36572,"date":"2023-09-20T01:04:14","date_gmt":"2023-09-19T23:04:14","guid":{"rendered":"http:\/\/www.infokuryr.cz\/n\/?p=36572"},"modified":"2023-09-19T15:12:45","modified_gmt":"2023-09-19T13:12:45","slug":"jindrich-kulhavy-drzost-pekarove-prevysuje-i-jeji-hloupost","status":"publish","type":"post","link":"https:\/\/www.infokuryr.cz\/n\/2023\/09\/20\/jindrich-kulhavy-drzost-pekarove-prevysuje-i-jeji-hloupost\/","title":{"rendered":"Jind\u0159ich Kulhav\u00fd: Drzost Pekarov\u00e9 p\u0159evy\u0161uje i jej\u00ed hloupost"},"content":{"rendered":"<div id=\"fb-root\"><\/div>\n<p><span class=\"anotation\">P\u0159edsedkyn\u011b Sn\u011bmovny a Top09 \u00a0Pekarov\u00e1 Adamov\u00e1 op\u011bt projevila zna\u010dnou d\u00e1vku sv\u00e9 arogance, kdy\u017e lidi z\u00a0posledn\u00ed demonstrace na V\u00e1clavsk\u00e9m n\u00e1m\u011bst\u00ed ozna\u010dila jako obdivovatele Var\u0161avsk\u00e9 smlouvy, zat\u00edmco n\u00e1v\u0161t\u011bvn\u00edky Dn\u016f NATO vn\u00edm\u00e1 jako podporovatele politiky P\u011btikoalice. D\u00e1le si p\u0159e\u010detla pravd\u011bpodobn\u011b Seznam \u010di iDnes, kter\u00e9 ud\u00e1valy po\u010det \u00fa\u010dastn\u00edk\u016f sobotn\u00ed akce na 10-15 tis\u00edc, a srovnala to s\u00a0\u00fadajn\u00fdmi sto tis\u00edc\u00ed obdivovatel\u016f vojensk\u00e9 techniky v\u00a0Mo\u0161nov\u011b. Jaksi si nev\u0161imnula, \u017ee z\u00a0poloviny pln\u00fd V\u00e1clav\u00e1k byl pln\u00fd ob\u010dan\u016f \u010cesk\u00e9 republiky a \u010d\u00edslo je podhodnocen\u00e9, a na leti\u0161ti v\u00a0Ostrav\u011b bylo skute\u010dn\u011b hodn\u011b Pol\u00e1k\u016f a Slov\u00e1k\u016f nemaj\u00edc\u00edch o pl\u00e1nech a \u010dinnosti P\u011btikoalice v\u016fbec zd\u00e1n\u00ed. Nav\u00edc \u0159adu n\u00e1v\u0161t\u011bvn\u00edk\u016f skute\u010dn\u011b zaj\u00edmala sp\u00ed\u0161e technika a mo\u017enost si na n\u011bkter\u00e9 zabij\u00e1ck\u00e9 skvosty s\u00e1hnout, ne\u017e aby za t\u00edm vid\u011bli skute\u010dn\u011b kvalitn\u00ed politiku P\u011btikolky.<\/span><\/p>\n<div id=\"pagetext\">\n<p>\u00a0 V\u00a0televizn\u00edm studiu pot\u00e9 u Tom\u00e1nkov\u00e9 obhajovala n\u00e1kup st\u00edha\u010dek F-35, jejich\u017e cena i provoz jsou pro bohat\u00e9 zem\u011b astronomick\u00e9 a n\u00e1kup 24 stroj\u016f je naprosto mimo realitu i pot\u0159eby \u010cesk\u00e9 republiky. Zvl\u00e1\u0161t\u011b, kdy\u017e platit za n\u011b budeme nyn\u00ed, dodaj\u00ed je v\u00a0roce 2035, tedy prvn\u00ed kusy, mus\u00ed se k\u00a0nim vybudovat z\u00e1zem\u00ed a v\u00a0podstat\u011b n\u00e1s nijak na rozd\u00edl od argument\u016f MPA neochr\u00e1n\u00ed. Ostatn\u011b nen\u00ed ani p\u0159ed k\u00fdm, proto\u017ee Rusov\u00e9 maj\u00ed dostatek zbran\u00ed schopn\u00fdch z\u00a0na\u0161ich F-35 ud\u011blat nepou\u017eiteln\u00e9 v\u011btron\u011b a sami Ameri\u010dan\u00e9 moment\u00e1ln\u011b jednu st\u00edha\u010dku hledaj\u00ed, proto\u017ee jim sama od sebe n\u011bkam ulet\u011bla. Spol\u00e9hat se p\u0159i absenci arm\u00e1dy na 24 pilot\u016f letadel pova\u017eovan\u00fdch za p\u0159edra\u017een\u00fd \u0161rot i ve sv\u011bt\u011b je uk\u00e1zkou naivismu a hlouposti.<\/p>\n<p><a href=\"https:\/\/stranapro.cz\/\"><img decoding=\"async\" loading=\"lazy\" class=\"wp-image-30218 aligncenter\" src=\"http:\/\/www.infokuryr.cz\/n\/wp-content\/uploads\/2023\/06\/PRO-banner-300x36.png\" alt=\"\" width=\"1367\" height=\"164\" srcset=\"https:\/\/www.infokuryr.cz\/n\/wp-content\/uploads\/2023\/06\/PRO-banner-300x36.png 300w, https:\/\/www.infokuryr.cz\/n\/wp-content\/uploads\/2023\/06\/PRO-banner-768x93.png 768w, https:\/\/www.infokuryr.cz\/n\/wp-content\/uploads\/2023\/06\/PRO-banner.png 849w\" sizes=\"(max-width: 1367px) 100vw, 1367px\" \/><\/a><\/p>\n<p>Nen\u00ed to zdaleka poprv\u00e9, co prodava\u010dka mobil\u016f dostav\u0161\u00ed se do nadpozemsk\u00fdch v\u00fd\u0161in \u010desk\u00e9 politick\u00e9 sc\u00e9ny ur\u00e1\u017e\u00ed ob\u010dany nesouhlas\u00edc\u00ed se zp\u016fsobem veden\u00ed st\u00e1tu sou\u010dasnou vl\u00e1dn\u00ed koalic\u00ed. Arogantn\u00ed a hloup\u00e1 z\u00e1rove\u0148, tak velk\u00e1 \u010d\u00e1st \u010cech\u016f vn\u00edm\u00e1 tuto rychlokva\u0161ku. Spole\u010dn\u011b s\u00a0v\u011bt\u0161inou Pir\u00e1t\u016f v\u011bkov\u011b neschopn\u00fdch pochopit z\u00e1kout\u00ed politick\u00e9ho chov\u00e1n\u00ed a zodpov\u011bdnosti se \u0159ad\u00ed k\u00a0jist\u00e9 avantgard\u011b u n\u00e1s a doslova \u0161kod\u00ed spole\u010dnosti. Katapultov\u00e1ni okolnostmi do vysok\u00fdch funkc\u00ed jak u n\u00e1s, tak v\u00a0Evropsk\u00e9m parlamentu, tito ,,ml\u00e1de\u017en\u00edci\u201c bez zku\u0161enost\u00ed prosazuj\u00ed ideologick\u00e9 sl\u00e1taniny a jako podporu vlastn\u00edch ide\u00ed berou \u010dl\u00e1nky ze Seznamu, F\u00f3rum24 \u010di prohl\u00e1\u0161en\u00ed redaktor\u016f ze st\u00e1tn\u00edch pen\u011bz a neskute\u010dn\u00fdch koncesion\u00e1\u0159sk\u00fdch poplatk\u016f placen\u00e9 \u010cT.\u00a0 Komer\u010dn\u00ed kan\u00e1ly vlastn\u011bn\u00e9 p\u0159edev\u0161\u00edm zahrani\u010dn\u00edm proliber\u00e1ln\u00edm kapit\u00e1lem typu CNN-Prima \u010di Nova ob\u010das pust\u00ed lehkou kritiku, ov\u0161em takovou, aby moc neubl\u00ed\u017eila.<\/p>\n<p>Mark\u00e9ta Pekarov\u00e1 Adamov\u00e1 i Pir\u00e1ti by pro schopnou opozici byli snadn\u00fdm ter\u010dem. Naivita a hloupost jimi p\u0159edstavovan\u00e1 vynik\u00e1 i v\u00a0sdru\u017een\u00ed zvan\u00e9m P\u011btikoalice. Jestli\u017ee u Fialy vn\u00edm\u00e1me neschopnost, u Raku\u0161ana, Jure\u010dky \u010di Sikely jistou hami\u017enost, u ostatn\u00edch p\u0159eva\u017euje diletantstv\u00ed a idiotismus. Je smutn\u00e9 toto \u0159\u00edkat o vl\u00e1d\u011b, kter\u00e1 by m\u011bla b\u00fdt sestavena z\u00a0odborn\u00edk\u016f, a nikoliv z\u00a0naprost\u00fdch amat\u00e9r\u016f neschopn\u00fdch p\u0159iznat, \u017ee se pro sv\u00e9 posty opravdu nenarodili. Vynikat v\u00a0tomto spolku hloupost\u00ed je pot\u00e9 mistrovsk\u00e9 d\u00edlo a je paradoxem, \u017ee se to da\u0159\u00ed p\u0159edev\u0161\u00edm \u017een\u00e1m. I kdy\u017e Stanjura \u010di Lipavsk\u00fd jsou tak\u00e9 unik\u00e1ty, Pekarov\u00e1 Adamov\u00e1 s\u00a0\u010cernochovou a Richterovou v\u00fdrazn\u011b vy\u010duhuj\u00ed. Kde nen\u00ed rozum, p\u0159eva\u017euje ideologie nad logikou, t\u011b\u017eko najdeme n\u011bjak\u00e1 pozitiva. Drzost Pekarov\u00e9 Adamov\u00e9 na jedn\u00e9 stran\u011b a lhan\u00ed Fialy \u010di Raku\u0161ana na druh\u00e9, to v\u0161e dopln\u011bn\u00e9 destruk\u010dn\u00ed prac\u00ed Pir\u00e1t\u016f v\u00a0pozad\u00ed \u010di ekonomick\u00fdm analfabetismem Stanjury, n\u00e1m moc \u0161anc\u00ed na dobrou budoucnost ned\u00e1vaj\u00ed. Bohu\u017eel opozice zdaleka nevyu\u017e\u00edv\u00e1 v\u0161ech mo\u017enost\u00ed zv\u00fdraznit neschopnost P\u011btikoalice a je s\u00a0podivem, \u017ee se neanga\u017euje d\u016fsledn\u011b v\u00a0n\u011bjak\u00e9m m\u00e9diu, kter\u00e9 by bylo protiv\u00e1hou t\u011bm ovl\u00e1dan\u00fdm liber\u00e1ly. Ot\u00e1zkou tedy je, m\u00e1 li v\u016fbec P\u011btikoalice funk\u010dn\u00ed opozici. Zat\u00edm se to moc nezd\u00e1.<\/p>\n<p><a href=\"https:\/\/www.inadhled.live\/uvaha-dne\/drzost-pekarove-prevysuje-i-jeji-hloupost\/\">Jind\u0159ich Kulhav\u00fd<\/a><\/p>\n<p><img decoding=\"async\" loading=\"lazy\" class=\"alignnone size-medium wp-image-22653\" src=\"http:\/\/www.infokuryr.cz\/n\/wp-content\/uploads\/2023\/02\/jindra-kulhavy-221x300.jpg\" alt=\"\" width=\"221\" height=\"300\" srcset=\"https:\/\/www.infokuryr.cz\/n\/wp-content\/uploads\/2023\/02\/jindra-kulhavy-221x300.jpg 221w, https:\/\/www.infokuryr.cz\/n\/wp-content\/uploads\/2023\/02\/jindra-kulhavy.jpg 311w\" sizes=\"(max-width: 221px) 100vw, 221px\" \/><\/p>\n<\/div>\n<p>&nbsp;<\/p>\n<p>&nbsp;<\/p>\n","protected":false},"excerpt":{"rendered":"<p>P\u0159edsedkyn\u011b Sn\u011bmovny a Top09 \u00a0Pekarov\u00e1 Adamov\u00e1 op\u011bt projevila zna\u010dnou d\u00e1vku sv\u00e9 arogance, kdy\u017e lidi z\u00a0posledn\u00ed&#8230;<\/p>\n","protected":false},"author":2,"featured_media":36573,"comment_status":"closed","ping_status":"closed","sticky":false,"template":"","format":"standard","meta":[],"categories":[6],"tags":[5939,29,727,122,99],"_links":{"self":[{"href":"https:\/\/www.infokuryr.cz\/n\/wp-json\/wp\/v2\/posts\/36572"}],"collection":[{"href":"https:\/\/www.infokuryr.cz\/n\/wp-json\/wp\/v2\/posts"}],"about":[{"href":"https:\/\/www.infokuryr.cz\/n\/wp-json\/wp\/v2\/types\/post"}],"author":[{"embeddable":true,"href":"https:\/\/www.infokuryr.cz\/n\/wp-json\/wp\/v2\/users\/2"}],"replies":[{"embeddable":true,"href":"https:\/\/www.infokuryr.cz\/n\/wp-json\/wp\/v2\/comments?post=36572"}],"version-history":[{"count":0,"href":"https:\/\/www.infokuryr.cz\/n\/wp-json\/wp\/v2\/posts\/36572\/revisions"}],"wp:featuredmedia":[{"embeddable":true,"href":"https:\/\/www.infokuryr.cz\/n\/wp-json\/wp\/v2\/media\/36573"}],"wp:attachment":[{"href":"https:\/\/www.infokuryr.cz\/n\/wp-json\/wp\/v2\/media?parent=36572"}],"wp:term":[{"taxonomy":"category","embeddable":true,"href":"https:\/\/www.infokuryr.cz\/n\/wp-json\/wp\/v2\/categories?post=36572"},{"taxonomy":"post_tag","embeddable":true,"href":"https:\/\/www.infokuryr.cz\/n\/wp-json\/wp\/v2\/tags?post=36572"}],"curies":[{"name":"wp","href":"https:\/\/api.w.org\/{rel}","templated":true}]}}