{"id":36565,"date":"2023-09-20T01:13:43","date_gmt":"2023-09-19T23:13:43","guid":{"rendered":"http:\/\/www.infokuryr.cz\/n\/?p=36565"},"modified":"2023-09-19T14:48:25","modified_gmt":"2023-09-19T12:48:25","slug":"slovensko-madarsko-a-polsko-vystoupi-z-koordinacni-platformy-eu-pro-dovoz-obili-z-ukrajiny","status":"publish","type":"post","link":"https:\/\/www.infokuryr.cz\/n\/2023\/09\/20\/slovensko-madarsko-a-polsko-vystoupi-z-koordinacni-platformy-eu-pro-dovoz-obili-z-ukrajiny\/","title":{"rendered":"Slovensko, Ma\u010farsko a Polsko vystoup\u00ed z koordina\u010dn\u00ed platformy EU pro dovoz obil\u00ed z Ukrajiny"},"content":{"rendered":"<div id=\"fb-root\"><\/div>\n<p><span data-spm-anchor-id=\"0.0.0.i2\">Polsk\u00e1 tiskov\u00e1 agentura 18. z\u00e1\u0159\u00ed citovala slova dob\u0159e-informovan\u00e9ho \u010dlov\u011bka a ozn\u00e1mila, \u017ee Slovensko, Ma\u010farsko a Polsko se rozhodly vystoupit z platformy EU pro koordinaci dovozu ukrajinsk\u00e9ho obil\u00ed pot\u00e9, co Ukrajina podala \u017ealobu u Sv\u011btov\u00e9 obchodn\u00ed organizace, \u010d\u00edm\u017e Ukrajin\u011b zabr\u00e1n\u00ed vyu\u017e\u00edt informace poskytnut\u00e9 touto platformou proti t\u011bmto t\u0159em zem\u00edm. <\/span><\/p>\n<p><span data-spm-anchor-id=\"0.0.0.i2\">Vedouc\u00ed p\u0159edstavitel\u00e9 t\u011bchto t\u0159\u00ed zem\u00ed uvedli, \u017ee dovoz ukrajinsk\u00fdch zem\u011bd\u011blsk\u00fdch produkt\u016f stla\u010duje ceny dom\u00e1c\u00edch zem\u011bd\u011blsk\u00fdch produkt\u016f a ohro\u017euje \u017eivobyt\u00ed jejich vlastn\u00edch zem\u011bd\u011blc\u016f. Tyto t\u0159i zem\u011b ji\u017e d\u0159\u00edve prohl\u00e1sily, \u017ee budou pokra\u010dovat v omezen\u00ed ukrajinsk\u00fdch zem\u011bd\u011blsk\u00fdch produkt\u016f, aby chr\u00e1nily z\u00e1jmy sv\u00fdch vlastn\u00edch zem\u011bd\u011blc\u016f.<\/span><\/p>\n<p data-spm-anchor-id=\"0.0.0.i1\">V reakci na to 18. z\u00e1\u0159\u00ed ukrajinsk\u00fd obchodn\u00ed z\u00e1stupce Taras Kachka v rozhovoru pro novin\u00e1\u0159e uvedl, \u017ee ceny zem\u011bd\u011blsk\u00fdch produkt\u016f jsou glob\u00e1ln\u00ed a nen\u00ed t\u0159eba se znepokojovat.<\/p>\n<p data-spm-anchor-id=\"0.0.0.i1\"><img decoding=\"async\" loading=\"lazy\" class=\"alignnone size-full wp-image-1185\" src=\"http:\/\/www.infokuryr.cz\/n\/wp-content\/uploads\/2021\/04\/kuryr-podpis.png\" alt=\"\" width=\"84\" height=\"24\" \/><\/p>\n<p data-spm-anchor-id=\"0.0.0.i1\">\n<p data-spm-anchor-id=\"0.0.0.i1\"><a href=\"https:\/\/stranapro.cz\/\"><img decoding=\"async\" loading=\"lazy\" class=\"wp-image-30218 aligncenter\" src=\"http:\/\/www.infokuryr.cz\/n\/wp-content\/uploads\/2023\/06\/PRO-banner-300x36.png\" alt=\"\" width=\"1367\" height=\"164\" srcset=\"https:\/\/www.infokuryr.cz\/n\/wp-content\/uploads\/2023\/06\/PRO-banner-300x36.png 300w, https:\/\/www.infokuryr.cz\/n\/wp-content\/uploads\/2023\/06\/PRO-banner-768x93.png 768w, https:\/\/www.infokuryr.cz\/n\/wp-content\/uploads\/2023\/06\/PRO-banner.png 849w\" sizes=\"(max-width: 1367px) 100vw, 1367px\" \/><\/a><\/p>\n<p data-spm-anchor-id=\"0.0.0.i1\">\n<p data-spm-anchor-id=\"0.0.0.i1\">\n<p data-spm-anchor-id=\"0.0.0.i1\">\n","protected":false},"excerpt":{"rendered":"<p>Polsk\u00e1 tiskov\u00e1 agentura 18. z\u00e1\u0159\u00ed citovala slova dob\u0159e-informovan\u00e9ho \u010dlov\u011bka a ozn\u00e1mila, \u017ee Slovensko, Ma\u010farsko a&#8230;<\/p>\n","protected":false},"author":2,"featured_media":13593,"comment_status":"closed","ping_status":"closed","sticky":false,"template":"","format":"standard","meta":[],"categories":[7],"tags":[41,2023,26],"_links":{"self":[{"href":"https:\/\/www.infokuryr.cz\/n\/wp-json\/wp\/v2\/posts\/36565"}],"collection":[{"href":"https:\/\/www.infokuryr.cz\/n\/wp-json\/wp\/v2\/posts"}],"about":[{"href":"https:\/\/www.infokuryr.cz\/n\/wp-json\/wp\/v2\/types\/post"}],"author":[{"embeddable":true,"href":"https:\/\/www.infokuryr.cz\/n\/wp-json\/wp\/v2\/users\/2"}],"replies":[{"embeddable":true,"href":"https:\/\/www.infokuryr.cz\/n\/wp-json\/wp\/v2\/comments?post=36565"}],"version-history":[{"count":0,"href":"https:\/\/www.infokuryr.cz\/n\/wp-json\/wp\/v2\/posts\/36565\/revisions"}],"wp:featuredmedia":[{"embeddable":true,"href":"https:\/\/www.infokuryr.cz\/n\/wp-json\/wp\/v2\/media\/13593"}],"wp:attachment":[{"href":"https:\/\/www.infokuryr.cz\/n\/wp-json\/wp\/v2\/media?parent=36565"}],"wp:term":[{"taxonomy":"category","embeddable":true,"href":"https:\/\/www.infokuryr.cz\/n\/wp-json\/wp\/v2\/categories?post=36565"},{"taxonomy":"post_tag","embeddable":true,"href":"https:\/\/www.infokuryr.cz\/n\/wp-json\/wp\/v2\/tags?post=36565"}],"curies":[{"name":"wp","href":"https:\/\/api.w.org\/{rel}","templated":true}]}}