{"id":36560,"date":"2023-09-20T01:11:56","date_gmt":"2023-09-19T23:11:56","guid":{"rendered":"http:\/\/www.infokuryr.cz\/n\/?p=36560"},"modified":"2023-09-19T14:42:32","modified_gmt":"2023-09-19T12:42:32","slug":"polsky-ministr-se-pokusil-o-sebevrazdu-pote-co-policie-provedla-razii-na-ministerstvu-zahranici-kvuli-skandalu-s-uplacenim-viz","status":"publish","type":"post","link":"https:\/\/www.infokuryr.cz\/n\/2023\/09\/20\/polsky-ministr-se-pokusil-o-sebevrazdu-pote-co-policie-provedla-razii-na-ministerstvu-zahranici-kvuli-skandalu-s-uplacenim-viz\/","title":{"rendered":"Polsk\u00fd ministr se pokusil o sebevra\u017edu pot\u00e9, co policie provedla razii na ministerstvu zahrani\u010d\u00ed kv\u016fli skand\u00e1lu s upl\u00e1cen\u00edm v\u00edz"},"content":{"rendered":"<div id=\"fb-root\"><\/div>\n<p><span style=\"font-size: 18pt;\"><strong>V Polsku se schyluje k politick\u00e9 bou\u0159i kv\u016fli obvin\u011bn\u00ed, \u017ee ministr konzervativn\u00ed vl\u00e1dy p\u0159ij\u00edmal \u00faplatky od migrant\u016f v\u00fdm\u011bnou za v\u00edza, kter\u00e1 jim umo\u017e\u0148ovala neleg\u00e1ln\u00ed vstup do EU<\/strong><\/span><\/p>\n<p><span>Polsk\u00e1 liber\u00e1ln\u00ed m\u00e9dia tvrd\u00ed, \u017ee migranti dostali v\u00edza za \u00faplatky n\u00e1m\u011bstkovi polsk\u00e9ho ministra zahrani\u010d\u00ed, co\u017e je situace, kter\u00e1 by mohla po\u0161kodit zejm\u00e9na vl\u00e1dnouc\u00ed stranu Pr\u00e1vo a spravedlnost (PiS), zn\u00e1mou sv\u00fdm tvrd\u00fdm postojem k imigraci.<\/span><\/p>\n<p><span>Polsk\u00fd \u00dast\u0159edn\u00ed protikorup\u010dn\u00ed \u00fa\u0159ad (CBA) provedl koncem srpna policejn\u00ed p\u00e1tr\u00e1n\u00ed na ministerstvu zahrani\u010d\u00ed pot\u00e9, co obdr\u017eel varov\u00e1n\u00ed z jin\u00fdch st\u00e1t\u016f EU o neobvykle vysok\u00e9m po\u010dtu migrant\u016f vstupuj\u00edc\u00edch do schengensk\u00e9ho prostoru na polsk\u00e1 v\u00edza, kter\u00e1 dr\u017eitel\u016fm d\u00e1vaj\u00ed pr\u00e1vo pracovat. v cel\u00e9m bloku, v\u010detn\u011b zem\u00ed jako N\u011bmecko.<\/span><\/p>\n<p><span>Razie CBA na ministerstvu zahrani\u010d\u00ed vedla k odvol\u00e1n\u00ed n\u00e1m\u011bstka ministra zahrani\u010d\u00ed\u00a0<\/span><a class=\"ek-link\" href=\"https:\/\/rmx.news\/article\/barbaric-murder-comatose-polish-man-dies-in-uk-hospital-after-life-support-removed\/\"><span>Piotra Wawrzyka<\/span><\/a><span>\u00a0.\u00a0Ministerstvo uvedlo jako d\u016fvod jeho ukon\u010den\u00ed \u201enedostatek uspokojiv\u00e9 spolupr\u00e1ce\u201c.\u00a0N\u011bkolik dn\u00ed po v\u00fdst\u0159elu se Wawrzyk pokusil o sebevra\u017edu a byl hospitalizov\u00e1n s \u201er\u00e1nami na rukou\u201c, podle r\u00e1dia RMF FM.\u00a0Nyn\u00ed je stabilizovan\u00fd a ji\u017e nen\u00ed v ohro\u017een\u00ed \u017eivota.<\/span><\/p>\n<p><span>Od t\u00e9 doby N\u00e1rodn\u00ed prokuratura ozn\u00e1mila, \u017ee v t\u00e9to kauze bylo zat\u00edm obvin\u011bno sedm osob a t\u0159i z nich byli do\u010dasn\u011b zat\u010deni.<\/span><\/p>\n<p><span>P\u0159edn\u00ed liber\u00e1ln\u00ed noviny Gazeta Wyborcza uvedly, \u017ee Wawrzyk byl zodpov\u011bdn\u00fd za projekt, kter\u00fd by zm\u00edrnil v\u00edzov\u00e1 omezen\u00ed pro\u00a0<\/span><a class=\"ek-link\" href=\"https:\/\/rmx.news\/hungary\/hungary-to-welcome-up-to-300000-migrant-workers-under-strict-conditions-to-fill-gaps-in-labor-market\/\"><span>do\u010dasn\u00e9 pracovn\u00edky<\/span><\/a><span>\u00a0z p\u0159ibli\u017en\u011b 20 zem\u00ed, v\u010detn\u011b isl\u00e1msk\u00fdch n\u00e1rod\u016f.\u00a0Podle listu mohl syst\u00e9m umo\u017enit a\u017e 400 000 pracovn\u00edk\u016f naj\u00edt zam\u011bstn\u00e1n\u00ed v Polsku.<\/span><\/p>\n<p><span>\u201eNeofici\u00e1ln\u00ed informace nazna\u010duj\u00ed korup\u010dn\u00ed sch\u00e9ma, kter\u00e9 umo\u017enilo vstup des\u00edtek tis\u00edc imigrant\u016f do Evropy prost\u0159ednictv\u00edm mezin\u00e1rodn\u00edch n\u00e1borov\u00fdch agentur,\u201c p\u00ed\u0161e se ve zpr\u00e1v\u011b.<\/span><\/p>\n<p><span>V n\u00e1vaznosti na to zpravodajsk\u00fd port\u00e1l Onet odhalil, \u017ee \u201elid\u00e9, kter\u00e9 Wawrzyk\u016fv t\u00fdm p\u0159ivedl do Polska, vystupovali jako bollywoodsk\u00e9 filmov\u00e9 \u0161t\u00e1by\u201c, p\u0159i\u010dem\u017e ka\u017ed\u00fd zaplatil za dopravu do Spojen\u00fdch st\u00e1t\u016f mezi 25 000 a 40 000 dolary.\u00a0Jedna skupina \u00fadajn\u011b dorazila do Polska po n\u00e1tlaku n\u00e1m\u011bstka ministra, pozd\u011bji se p\u0159esunula do Mexika, kde se pokusila p\u0159ej\u00edt do Spojen\u00fdch st\u00e1t\u016f.<\/span><\/p>\n<p><span>To vedlo americk\u00e9 agentury k varov\u00e1n\u00ed polsk\u00fdch \u00fa\u0159ad\u016f p\u0159ed neleg\u00e1ln\u00edm imigra\u010dn\u00edm kan\u00e1lem operuj\u00edc\u00edm z jejich vlastn\u00edho \u00fazem\u00ed.<\/span><\/p>\n<p><span>Zat\u00edmco opozi\u010dn\u00ed politici to popisuj\u00ed jako \u201enejv\u011bt\u0161\u00ed skand\u00e1l v historii T\u0159et\u00ed polsk\u00e9 republiky\u201c, \u010dlenov\u00e9 vl\u00e1dnouc\u00ed strany tento probl\u00e9m minimalizuj\u00ed.<\/span><\/p>\n<p><span>Ministr spravedlnosti\u00a0<\/span><a class=\"ek-link\" href=\"https:\/\/rmx.news\/article\/poland-s-veto-of-eu-budget-over-rule-of-law-blackmail-is-necessary-says-justice-minister-ziobro\/\"><span>Zbigniew Ziobro<\/span><\/a><span>\u00a0o v\u00edkendu prohl\u00e1sil, \u017ee skand\u00e1l byl \u201emikrorozsahu ve srovn\u00e1n\u00ed s t\u00edm, co \u0159\u00edkaj\u00ed vyprav\u011b\u010di z Ob\u010dansk\u00e9 platformy\u201c, a tvrdil, \u017ee jej odhalily polsk\u00e9, nikoli zahrani\u010dn\u00ed agentury.<\/span><\/p>\n<p><span>L\u00eddr PiS\u00a0<\/span><a class=\"ek-link\" href=\"https:\/\/rmx.news\/poland\/jaroslaw-kaczynski-returns-to-polish-government-as-deputy-prime-minister\/\"><span>Jaros\u0142aw Kaczy\u0144ski<\/span><\/a><span>\u00a0d\u00e1le kalil vody prohl\u00e1\u0161en\u00edm na p\u0159edvolebn\u00edm shrom\u00e1\u017ed\u011bn\u00ed: \u201eNeexistuje \u017e\u00e1dn\u00fd skand\u00e1l;\u00a0nen\u00ed to ani miniskand\u00e1l.\u00a0Opakuji, je to le\u017e, nehor\u00e1zn\u00e1 le\u017e.&#8220;<\/span><\/p>\n<p><span>Zpr\u00e1va by tak\u00e9 mohla prosp\u011bt pravicov\u00e9 Konfedera\u010dn\u00ed stran\u011b, kter\u00e1 kritizovala PiS za to, co \u0159\u00edk\u00e1, \u017ee je to laxn\u00ed imigra\u010dn\u00ed politika, d\u00edky n\u00ed\u017e v posledn\u00edch letech prudce vzrostl po\u010det v\u00edz pro migranty z Bl\u00edzk\u00e9ho v\u00fdchodu a Afriky.<\/span><\/p>\n<p><img decoding=\"async\" loading=\"lazy\" class=\"alignnone size-full wp-image-1185\" src=\"http:\/\/www.infokuryr.cz\/n\/wp-content\/uploads\/2021\/04\/kuryr-podpis.png\" alt=\"\" width=\"84\" height=\"24\" \/><\/p>\n<p>&nbsp;<\/p>\n<p><a href=\"https:\/\/stranapro.cz\/\"><img decoding=\"async\" loading=\"lazy\" class=\"wp-image-30218 aligncenter\" src=\"http:\/\/www.infokuryr.cz\/n\/wp-content\/uploads\/2023\/06\/PRO-banner-300x36.png\" alt=\"\" width=\"1350\" height=\"162\" srcset=\"https:\/\/www.infokuryr.cz\/n\/wp-content\/uploads\/2023\/06\/PRO-banner-300x36.png 300w, https:\/\/www.infokuryr.cz\/n\/wp-content\/uploads\/2023\/06\/PRO-banner-768x93.png 768w, https:\/\/www.infokuryr.cz\/n\/wp-content\/uploads\/2023\/06\/PRO-banner.png 849w\" sizes=\"(max-width: 1350px) 100vw, 1350px\" \/><\/a><\/p>\n<p>&nbsp;<\/p>\n<p>&nbsp;<\/p>\n<p>&nbsp;<\/p>\n","protected":false},"excerpt":{"rendered":"<p>V Polsku se schyluje k politick\u00e9 bou\u0159i kv\u016fli obvin\u011bn\u00ed, \u017ee ministr konzervativn\u00ed vl\u00e1dy p\u0159ij\u00edmal \u00faplatky&#8230;<\/p>\n","protected":false},"author":2,"featured_media":36561,"comment_status":"closed","ping_status":"closed","sticky":false,"template":"","format":"standard","meta":[],"categories":[7],"tags":[458,31,695,490],"_links":{"self":[{"href":"https:\/\/www.infokuryr.cz\/n\/wp-json\/wp\/v2\/posts\/36560"}],"collection":[{"href":"https:\/\/www.infokuryr.cz\/n\/wp-json\/wp\/v2\/posts"}],"about":[{"href":"https:\/\/www.infokuryr.cz\/n\/wp-json\/wp\/v2\/types\/post"}],"author":[{"embeddable":true,"href":"https:\/\/www.infokuryr.cz\/n\/wp-json\/wp\/v2\/users\/2"}],"replies":[{"embeddable":true,"href":"https:\/\/www.infokuryr.cz\/n\/wp-json\/wp\/v2\/comments?post=36560"}],"version-history":[{"count":0,"href":"https:\/\/www.infokuryr.cz\/n\/wp-json\/wp\/v2\/posts\/36560\/revisions"}],"wp:featuredmedia":[{"embeddable":true,"href":"https:\/\/www.infokuryr.cz\/n\/wp-json\/wp\/v2\/media\/36561"}],"wp:attachment":[{"href":"https:\/\/www.infokuryr.cz\/n\/wp-json\/wp\/v2\/media?parent=36560"}],"wp:term":[{"taxonomy":"category","embeddable":true,"href":"https:\/\/www.infokuryr.cz\/n\/wp-json\/wp\/v2\/categories?post=36560"},{"taxonomy":"post_tag","embeddable":true,"href":"https:\/\/www.infokuryr.cz\/n\/wp-json\/wp\/v2\/tags?post=36560"}],"curies":[{"name":"wp","href":"https:\/\/api.w.org\/{rel}","templated":true}]}}