{"id":36542,"date":"2023-09-20T01:00:00","date_gmt":"2023-09-19T23:00:00","guid":{"rendered":"http:\/\/www.infokuryr.cz\/n\/?p=36542"},"modified":"2023-09-19T13:30:11","modified_gmt":"2023-09-19T11:30:11","slug":"sen-evropskych-elit-o-moci-se-hrouti-tvari-v-tvar-rostoucim-bezpecnostnim-hrozbam-z-ruska-afriky-a-blizkeho-vychodu","status":"publish","type":"post","link":"https:\/\/www.infokuryr.cz\/n\/2023\/09\/20\/sen-evropskych-elit-o-moci-se-hrouti-tvari-v-tvar-rostoucim-bezpecnostnim-hrozbam-z-ruska-afriky-a-blizkeho-vychodu\/","title":{"rendered":"Sen evropsk\u00fdch elit o moci se hrout\u00ed tv\u00e1\u0159\u00ed v tv\u00e1\u0159 rostouc\u00edm bezpe\u010dnostn\u00edm hrozb\u00e1m z Ruska, Afriky a Bl\u00edzk\u00e9ho v\u00fdchodu"},"content":{"rendered":"<div id=\"fb-root\"><\/div>\n<div class=\"elementor-element elementor-element-1fb4c2c elementor-widget elementor-widget-theme-post-content\" data-id=\"1fb4c2c\" data-element_type=\"widget\" data-widget_type=\"theme-post-content.default\">\n<div class=\"elementor-widget-container\">\n<p>P\u0159edn\u00ed hlavn\u00ed m\u011bsta z\u00e1padn\u00ed Evropy si dlouhou dobu p\u0159edstavovala, jak by se Evropsk\u00e1 unie po skon\u010den\u00ed studen\u00e9 v\u00e1lky mohla st\u00e1t dominantn\u00edm hr\u00e1\u010dem ve sv\u011bt\u011b bezpe\u010dnostn\u00ed politiky.\u00a0Podle t\u00e9to vize by Brit\u00e1nie m\u011bla b\u00fdt evropskou kotvou v transatlantick\u00fdch vztaz\u00edch.<\/p>\n<p>Na p\u0159echodu mezi prvn\u00edmi dv\u011bma desetilet\u00edmi 21. stolet\u00ed definovali francouzsk\u00fd prezident Nicolas Sarkozy a n\u011bmeck\u00e1 kancl\u00e9\u0159ka Angela Merkelov\u00e1 jasn\u00e9 rozd\u011blen\u00ed rol\u00ed.\u00a0Francie by m\u011bla zajistit bezpe\u010dnost St\u0159edomo\u0159\u00ed a z\u00e1padn\u00ed Afriky, zat\u00edmco N\u011bmecko, ovlivn\u011bn\u00e9 sv\u00fdmi vztahy s Ruskem, by m\u011blo garantovat bezpe\u010dnost v\u00fdchodn\u00ed Evropy a \u010dernomo\u0159sk\u00e9 oblasti.<\/p>\n<p><strong>Ned\u00e1vn\u00e1 historie v\u0161ak jasn\u011b uk\u00e1zala, \u017ee tyto my\u0161lenky byly myln\u00e9.\u00a0Brilantn\u00ed sen o moci se za\u010dal hroutit.<\/strong><\/p>\n<figure class=\"wp-block-embed is-type-video is-provider-youtube wp-block-embed-youtube wp-embed-aspect-4-3 wp-has-aspect-ratio\">\n<div class=\"wp-block-embed__wrapper\"><iframe loading=\"lazy\" title=\"Trumpovo varov\u00e1n\u00ed o energetick\u00e9 nez\u00e1vislosti bylo vtipem pro n\u011bmeckou delegaci v roce 2018\" src=\"https:\/\/www.youtube.com\/embed\/sp6pusNCUlA?feature=oembed\" width=\"800\" height=\"600\" frameborder=\"0\" allowfullscreen=\"allowfullscreen\" data-mce-fragment=\"1\"><\/iframe><\/div>\n<\/figure>\n<p>&nbsp;<\/p>\n<p>Brexit posunul Velkou Brit\u00e1nii z cesty evropsk\u00e9 integrace.\u00a0S ruskou agres\u00ed v\u016f\u010di Ukrajin\u011b se n\u011bmeck\u00e1 d\u016fv\u011b\u0159iv\u00e1 v\u00fdchodn\u00ed politika zhroutila.\u00a0Katastrof\u00e1ln\u00ed operace Francie v Libyi, po n\u00ed\u017e n\u00e1sledovaly vojensk\u00e9 p\u0159evraty v Mali, Burkin\u011b Faso a Nigeru, a rostouc\u00ed p\u0159\u00edtomnost rusk\u00fdch \u017eold\u00e1k\u016f z Wagnerovy skupiny na m\u00edst\u011b dokazuj\u00ed, \u017ee ambice Francie jako evropsk\u00e9ho bezpe\u010dnostn\u00edho v\u016fdce v Africe zcela selhaly.<\/p>\n<p>\u010clov\u011bk by si myslel, \u017ee tento v\u00fdvoj otev\u0159e evropsk\u00fdm l\u00eddr\u016fm o\u010di a p\u0159im\u011bje je p\u0159ehodnotit sv\u00e9 iluzorn\u00ed vize.<\/p>\n<p>Zd\u00e1 se v\u0161ak, \u017ee sou\u010dasnou reakc\u00ed na evropskou geopolitickou krizi je navrhnout v\u011bt\u0161inov\u00e9 rozhodnut\u00ed v zahrani\u010dn\u00ed a bezpe\u010dnostn\u00ed politice EU, kter\u00e9 nakonec znovu potvrd\u00ed dominanci Pa\u0159\u00ed\u017ee a Berl\u00edna.<\/p>\n<p>Evropa v\u0161ak \u010del\u00ed pot\u0159eb\u011b radik\u00e1ln\u00edho p\u0159eskupen\u00ed.\u00a0Ned\u00e1vno se diskutovalo o my\u0161lence Evropsk\u00e9 rady bezpe\u010dnosti.<\/p>\n<p>Mo\u017en\u00e1 by m\u011blo smysl tuto my\u0161lenku p\u0159ehodnotit, ale s mechanismem zalo\u017een\u00fdm na skute\u010dn\u00fdch vojensk\u00fdch kapacit\u00e1ch a diplomatick\u00fdch schopnostech \u010dlensk\u00fdch st\u00e1t\u016f.\u00a0Sou\u010dasn\u00fd pohled na evropskou bezpe\u010dnostn\u00ed politiku bohu\u017eel st\u00e1le odr\u00e1\u017e\u00ed p\u0159\u00edli\u0161 star\u00e9 imperialistick\u00e9 a koloni\u00e1ln\u00ed ambice.<\/p>\n<p>Tento pohled opom\u00edj\u00ed rostouc\u00ed potenci\u00e1l zem\u00ed st\u0159edn\u00ed a v\u00fdchodn\u00ed Evropy, zejm\u00e9na Polska, stejn\u011b jako pobaltsk\u00fdch a skandin\u00e1vsk\u00fdch n\u00e1rod\u016f.\u00a0A co je nejd\u016fle\u017eit\u011bj\u0161\u00ed, tento p\u0159\u00edstup se zat\u00edm uk\u00e1zal jako hluboce ne\u00fa\u010dinn\u00fd.<\/p>\n<\/div>\n<\/div>\n<div class=\"elementor-element elementor-element-8c57238 quelle dc-has-condition dc-condition-empty elementor-widget elementor-widget-heading\" data-id=\"8c57238\" data-element_type=\"widget\" data-widget_type=\"heading.default\">\n<div class=\"elementor-widget-container\">\n<h3 class=\"elementor-heading-title elementor-size-default\"><span style=\"font-size: 8pt;\"><a href=\"https:\/\/www.zerohedge.com\/geopolitical\/european-elites-dream-power-crumbles-security-threats-russia-africa-mid-east-grow\" target=\"_blank\" rel=\"nofollow noopener\">ZDROJ<\/a><\/span><\/h3>\n<\/div>\n<\/div>\n<p>&nbsp;<\/p>\n<p><a href=\"https:\/\/stranapro.cz\/\"><img decoding=\"async\" loading=\"lazy\" class=\"wp-image-30218 aligncenter\" src=\"http:\/\/www.infokuryr.cz\/n\/wp-content\/uploads\/2023\/06\/PRO-banner-300x36.png\" alt=\"\" width=\"1358\" height=\"163\" srcset=\"https:\/\/www.infokuryr.cz\/n\/wp-content\/uploads\/2023\/06\/PRO-banner-300x36.png 300w, https:\/\/www.infokuryr.cz\/n\/wp-content\/uploads\/2023\/06\/PRO-banner-768x93.png 768w, https:\/\/www.infokuryr.cz\/n\/wp-content\/uploads\/2023\/06\/PRO-banner.png 849w\" sizes=\"(max-width: 1358px) 100vw, 1358px\" \/><\/a><\/p>\n<p>&nbsp;<\/p>\n<p>&nbsp;<\/p>\n<p>&nbsp;<\/p>\n","protected":false},"excerpt":{"rendered":"<p>P\u0159edn\u00ed hlavn\u00ed m\u011bsta z\u00e1padn\u00ed Evropy si dlouhou dobu p\u0159edstavovala, jak by se Evropsk\u00e1 unie po&#8230;<\/p>\n","protected":false},"author":2,"featured_media":21272,"comment_status":"closed","ping_status":"closed","sticky":false,"template":"","format":"standard","meta":[],"categories":[7],"tags":[41,2181,276],"_links":{"self":[{"href":"https:\/\/www.infokuryr.cz\/n\/wp-json\/wp\/v2\/posts\/36542"}],"collection":[{"href":"https:\/\/www.infokuryr.cz\/n\/wp-json\/wp\/v2\/posts"}],"about":[{"href":"https:\/\/www.infokuryr.cz\/n\/wp-json\/wp\/v2\/types\/post"}],"author":[{"embeddable":true,"href":"https:\/\/www.infokuryr.cz\/n\/wp-json\/wp\/v2\/users\/2"}],"replies":[{"embeddable":true,"href":"https:\/\/www.infokuryr.cz\/n\/wp-json\/wp\/v2\/comments?post=36542"}],"version-history":[{"count":1,"href":"https:\/\/www.infokuryr.cz\/n\/wp-json\/wp\/v2\/posts\/36542\/revisions"}],"predecessor-version":[{"id":36543,"href":"https:\/\/www.infokuryr.cz\/n\/wp-json\/wp\/v2\/posts\/36542\/revisions\/36543"}],"wp:featuredmedia":[{"embeddable":true,"href":"https:\/\/www.infokuryr.cz\/n\/wp-json\/wp\/v2\/media\/21272"}],"wp:attachment":[{"href":"https:\/\/www.infokuryr.cz\/n\/wp-json\/wp\/v2\/media?parent=36542"}],"wp:term":[{"taxonomy":"category","embeddable":true,"href":"https:\/\/www.infokuryr.cz\/n\/wp-json\/wp\/v2\/categories?post=36542"},{"taxonomy":"post_tag","embeddable":true,"href":"https:\/\/www.infokuryr.cz\/n\/wp-json\/wp\/v2\/tags?post=36542"}],"curies":[{"name":"wp","href":"https:\/\/api.w.org\/{rel}","templated":true}]}}