{"id":36541,"date":"2023-09-20T00:59:03","date_gmt":"2023-09-19T22:59:03","guid":{"rendered":"http:\/\/www.infokuryr.cz\/n\/?p=36541"},"modified":"2023-09-19T13:27:30","modified_gmt":"2023-09-19T11:27:30","slug":"musk-utoci-na-sorose-zda-se-ze-nechce-nic-mensiho-nez-zniceni-zapadni-civilizace","status":"publish","type":"post","link":"https:\/\/www.infokuryr.cz\/n\/2023\/09\/20\/musk-utoci-na-sorose-zda-se-ze-nechce-nic-mensiho-nez-zniceni-zapadni-civilizace\/","title":{"rendered":"Musk \u00fato\u010d\u00ed na Sorose: &#8222;Zd\u00e1 se, \u017ee nechce nic men\u0161\u00edho ne\u017e ZNI\u010cEN\u00cd z\u00e1padn\u00ed civilizace&#8220;"},"content":{"rendered":"<div id=\"fb-root\"><\/div>\n<p><span>Starosta italsk\u00e9ho ostrova Lampedusa ve st\u0159edu vyhl\u00e1sil v\u00fdjime\u010dn\u00fd stav kv\u016fli p\u0159\u00edchodu n\u011bkolika tis\u00edc migrant\u016f.\u00a0Na mal\u00e9m ostrov\u011b, kter\u00fd m\u00e1 ve skute\u010dnosti m\u00edsto pro 400 lid\u00ed, v t\u00e9 dob\u011b \u017eilo t\u00e9m\u011b\u0159 7000 migrant\u016f.<\/span><\/p>\n<p><span>V dubnu vyhl\u00e1sil \u0158\u00edm kv\u016fli migra\u010dn\u00ed situaci n\u00e1rodn\u00ed stav nouze.\u00a0Lampedusa je u\u017e l\u00e9ta zaplavena migranty, kte\u0159\u00ed se sna\u017e\u00ed dostat do EU.\u00a0Do It\u00e1lie letos po mo\u0159i dorazilo t\u00e9m\u011b\u0159 130 000 migrant\u016f, t\u00e9m\u011b\u0159 dvakr\u00e1t v\u00edce ne\u017e ve stejn\u00e9m obdob\u00ed lo\u0148sk\u00e9ho roku.<\/span><\/p>\n<p><span>Italsk\u00fd ostrov v ned\u011bli nav\u0161t\u00edvila ministryn\u011b zahrani\u010d\u00ed EU Ursula von der Leyenov\u00e1.\u00a0Italsk\u00fd premi\u00e9r Meloni je pozval, aby si ud\u011blali p\u0159edstavu o \u201ev\u00e1\u017enosti situace\u201c.<\/span><\/p>\n<p><span>&#8222;D\u011bl\u00e1me, co m\u016f\u017eeme,&#8220; \u0159ekl Meloni v ned\u011bli obyvatel\u016fm Lampedusy.\u00a0Von der Leyenov\u00e1 vyzvala zem\u011b EU, aby \u010d\u00e1st migrant\u016f p\u0159ijaly.<\/span><\/p>\n<p><span>Elon Musk\u00a0<\/span><a href=\"https:\/\/twitter.com\/elonmusk\/status\/1703344891861115031?s=20\" target=\"_blank\" rel=\"noreferrer noopener\" data-type=\"link\" data-id=\"https:\/\/twitter.com\/elonmusk\/status\/1703344891861115031?s=20\"><span>reaguje na X<\/span><\/a><span>\u00a0, d\u0159\u00edve Twitteru, na zpr\u00e1vu u\u017eivatele Pelhama, kter\u00fd tvrd\u00ed, \u017ee invaze prosazovan\u00e1 Georgem Sorosem eskaluje.\u00a0\u201eZd\u00e1 se, \u017ee Sorosova organizace nechce nic men\u0161\u00edho ne\u017e zni\u010den\u00ed z\u00e1padn\u00ed civilizace,\u201c \u0159ekl Musk.<\/span><\/p>\n<div class=\"twitter-tweet twitter-tweet-rendered\"><iframe id=\"twitter-widget-0\" class=\"\" title=\"Twitter Tweet\" src=\"https:\/\/platform.twitter.com\/embed\/Tweet.html?creatorScreenName=uncutnewsCH&amp;dnt=false&amp;embedId=twitter-widget-0&amp;features=eyJ0ZndfdGltZWxpbmVfbGlzdCI6eyJidWNrZXQiOltdLCJ2ZXJzaW9uIjpudWxsfSwidGZ3X2ZvbGxvd2VyX2NvdW50X3N1bnNldCI6eyJidWNrZXQiOnRydWUsInZlcnNpb24iOm51bGx9LCJ0ZndfdHdlZXRfZWRpdF9iYWNrZW5kIjp7ImJ1Y2tldCI6Im9uIiwidmVyc2lvbiI6bnVsbH0sInRmd19yZWZzcmNfc2Vzc2lvbiI6eyJidWNrZXQiOiJvbiIsInZlcnNpb24iOm51bGx9LCJ0ZndfZm9zbnJfc29mdF9pbnRlcnZlbnRpb25zX2VuYWJsZWQiOnsiYnVja2V0Ijoib24iLCJ2ZXJzaW9uIjpudWxsfSwidGZ3X21peGVkX21lZGlhXzE1ODk3Ijp7ImJ1Y2tldCI6InRyZWF0bWVudCIsInZlcnNpb24iOm51bGx9LCJ0ZndfZXhwZXJpbWVudHNfY29va2llX2V4cGlyYXRpb24iOnsiYnVja2V0IjoxMjA5NjAwLCJ2ZXJzaW9uIjpudWxsfSwidGZ3X3Nob3dfYmlyZHdhdGNoX3Bpdm90c19lbmFibGVkIjp7ImJ1Y2tldCI6Im9uIiwidmVyc2lvbiI6bnVsbH0sInRmd19kdXBsaWNhdGVfc2NyaWJlc190b19zZXR0aW5ncyI6eyJidWNrZXQiOiJvbiIsInZlcnNpb24iOm51bGx9LCJ0ZndfdXNlX3Byb2ZpbGVfaW1hZ2Vfc2hhcGVfZW5hYmxlZCI6eyJidWNrZXQiOiJvbiIsInZlcnNpb24iOm51bGx9LCJ0ZndfdmlkZW9faGxzX2R5bmFtaWNfbWFuaWZlc3RzXzE1MDgyIjp7ImJ1Y2tldCI6InRydWVfYml0cmF0ZSIsInZlcnNpb24iOm51bGx9LCJ0ZndfbGVnYWN5X3RpbWVsaW5lX3N1bnNldCI6eyJidWNrZXQiOnRydWUsInZlcnNpb24iOm51bGx9LCJ0ZndfdHdlZXRfZWRpdF9mcm9udGVuZCI6eyJidWNrZXQiOiJvbiIsInZlcnNpb24iOm51bGx9fQ%3D%3D&amp;frame=false&amp;hideCard=false&amp;hideThread=false&amp;id=1703344891861115031&amp;lang=de&amp;origin=https%3A%2F%2Funcutnews.ch%2Fmusk-greift-soros-an-er-scheint-nichts-weniger-als-die-zerstoerung-der-westlichen-zivilisation-zu-wollen%2F&amp;sessionId=d54dcc8cf02697c2e5072298d65a5fb21a92a61c&amp;theme=light&amp;widgetsVersion=aaf4084522e3a%3A1674595607486&amp;width=550px\" frameborder=\"0\" scrolling=\"no\" allowfullscreen=\"allowfullscreen\" data-tweet-id=\"1703344891861115031\" data-mce-fragment=\"1\"><\/iframe><\/div>\n<p><span>D\u0159\u00edve ma\u010farsk\u00fd premi\u00e9r Viktor Orban\u00a0<\/span><a href=\"https:\/\/www.breitbart.com\/europe\/2015\/11\/02\/soros-admits-involvement-in-migrant-crisis-national-borders-are-the-obstacle\/\" target=\"_blank\" rel=\"noreferrer noopener\" data-type=\"link\" data-id=\"https:\/\/www.breitbart.com\/europe\/2015\/11\/02\/soros-admits-involvement-in-migrant-crisis-national-borders-are-the-obstacle\/\"><span>prohl\u00e1sil<\/span><\/a><span>\u00a0, \u017ee \u201etuto invazi vedou aktivist\u00e9 za lidsk\u00e1 pr\u00e1va, kte\u0159\u00ed cht\u011bj\u00ed oslabit n\u00e1rodn\u00ed st\u00e1t\u201c.\u00a0&#8222;Tv\u00e1\u0159\u00ed t\u00e9to s\u00edt\u011b aktivist\u016f je George Soros.&#8220;<\/span><\/p>\n<p><span>\u201eOchranu uprchl\u00edk\u016f vn\u00edm\u00e1me jako c\u00edl a st\u00e1tn\u00ed hranice jako p\u0159ek\u00e1\u017eku,\u201c \u0159ekl Soros.<\/span><\/p>\n<p><span>Orb\u00e1n kritizoval nevl\u00e1dn\u00ed organizace, kter\u00e9 na uprchlick\u00e9 krizi vyd\u011blaly hodn\u011b pen\u011bz.\u00a0Prim\u00e1rn\u011b odkazoval na organizace financovan\u00e9 Sorosem.<\/span><\/p>\n<p><img decoding=\"async\" loading=\"lazy\" class=\"alignnone size-full wp-image-1185\" src=\"http:\/\/www.infokuryr.cz\/n\/wp-content\/uploads\/2021\/04\/kuryr-podpis.png\" alt=\"\" width=\"84\" height=\"24\" \/><\/p>\n<p>&nbsp;<\/p>\n<p><a href=\"https:\/\/stranapro.cz\/\"><img decoding=\"async\" loading=\"lazy\" class=\"wp-image-30218 aligncenter\" src=\"http:\/\/www.infokuryr.cz\/n\/wp-content\/uploads\/2023\/06\/PRO-banner-300x36.png\" alt=\"\" width=\"1375\" height=\"165\" srcset=\"https:\/\/www.infokuryr.cz\/n\/wp-content\/uploads\/2023\/06\/PRO-banner-300x36.png 300w, https:\/\/www.infokuryr.cz\/n\/wp-content\/uploads\/2023\/06\/PRO-banner-768x93.png 768w, https:\/\/www.infokuryr.cz\/n\/wp-content\/uploads\/2023\/06\/PRO-banner.png 849w\" sizes=\"(max-width: 1375px) 100vw, 1375px\" \/><\/a><\/p>\n<p>&nbsp;<\/p>\n<p>&nbsp;<\/p>\n<p>&nbsp;<\/p>\n","protected":false},"excerpt":{"rendered":"<p>Starosta italsk\u00e9ho ostrova Lampedusa ve st\u0159edu vyhl\u00e1sil v\u00fdjime\u010dn\u00fd stav kv\u016fli p\u0159\u00edchodu n\u011bkolika tis\u00edc migrant\u016f.\u00a0Na mal\u00e9m&#8230;<\/p>\n","protected":false},"author":2,"featured_media":17456,"comment_status":"closed","ping_status":"closed","sticky":false,"template":"","format":"standard","meta":[],"categories":[7],"tags":[119,485,151],"_links":{"self":[{"href":"https:\/\/www.infokuryr.cz\/n\/wp-json\/wp\/v2\/posts\/36541"}],"collection":[{"href":"https:\/\/www.infokuryr.cz\/n\/wp-json\/wp\/v2\/posts"}],"about":[{"href":"https:\/\/www.infokuryr.cz\/n\/wp-json\/wp\/v2\/types\/post"}],"author":[{"embeddable":true,"href":"https:\/\/www.infokuryr.cz\/n\/wp-json\/wp\/v2\/users\/2"}],"replies":[{"embeddable":true,"href":"https:\/\/www.infokuryr.cz\/n\/wp-json\/wp\/v2\/comments?post=36541"}],"version-history":[{"count":0,"href":"https:\/\/www.infokuryr.cz\/n\/wp-json\/wp\/v2\/posts\/36541\/revisions"}],"wp:featuredmedia":[{"embeddable":true,"href":"https:\/\/www.infokuryr.cz\/n\/wp-json\/wp\/v2\/media\/17456"}],"wp:attachment":[{"href":"https:\/\/www.infokuryr.cz\/n\/wp-json\/wp\/v2\/media?parent=36541"}],"wp:term":[{"taxonomy":"category","embeddable":true,"href":"https:\/\/www.infokuryr.cz\/n\/wp-json\/wp\/v2\/categories?post=36541"},{"taxonomy":"post_tag","embeddable":true,"href":"https:\/\/www.infokuryr.cz\/n\/wp-json\/wp\/v2\/tags?post=36541"}],"curies":[{"name":"wp","href":"https:\/\/api.w.org\/{rel}","templated":true}]}}