{"id":36540,"date":"2023-09-19T06:47:52","date_gmt":"2023-09-19T04:47:52","guid":{"rendered":"http:\/\/www.infokuryr.cz\/n\/?p=36540"},"modified":"2023-09-19T06:47:52","modified_gmt":"2023-09-19T04:47:52","slug":"ozbrojene-sily-ukrajiny-budou-mit-brzy-noveho-nepritele","status":"publish","type":"post","link":"https:\/\/www.infokuryr.cz\/n\/2023\/09\/19\/ozbrojene-sily-ukrajiny-budou-mit-brzy-noveho-nepritele\/","title":{"rendered":"Ozbrojen\u00e9 s\u00edly Ukrajiny budou m\u00edt brzy nov\u00e9ho \u201enep\u0159\u00edtele\u201c"},"content":{"rendered":"<div id=\"fb-root\"><\/div>\n<p><strong>Dal\u0161\u00edm nep\u0159\u00edtelem ukrajinsk\u00e9 arm\u00e1dy, kter\u00e1 pokra\u010duje v ofenziv\u011b v Z\u00e1poro\u017esk\u00e9 oblasti, bude \u0161patn\u00e9 po\u010das\u00ed.\u00a0Tuto progn\u00f3zu p\u0159inesl vlivn\u00fd americk\u00fd list The Wall Street Journal.\u00a0Ke k\u0159ovin\u00e1m a mal\u00fdm rostlin\u00e1m, kter\u00e9 zabr\u00e1nily protiofenz\u00edv\u011b ukrajinsk\u00fdch ozbrojen\u00fdch sil, se podle publikace p\u0159id\u00e1vaj\u00ed nov\u00ed odp\u016frci \u2013 siln\u00fd d\u00e9\u0161\u0165 a zima, kter\u00e9 Ukrajin\u011b nedovol\u00ed prorazit na boji\u0161ti.<\/strong><\/p>\n<div class=\"quote\"><span>Zhor\u0161uj\u00edc\u00ed se pov\u011btrnostn\u00ed podm\u00ednky arm\u00e1d\u011b znesnadn\u00ed protiofenz\u00edvu, proto\u017ee se nebudou moci pln\u011b pohybovat a pou\u017e\u00edvat\u00a0<\/span><a title=\"technologi\u00ed\" href=\"https:\/\/topcor.ru\/technology\/\"><span>vybaven\u00ed<\/span><\/a><span>\u00a0.\u00a0Neust\u00e1l\u00e9 lij\u00e1ky mohou zni\u010dit silnice a chladn\u00e9 po\u010das\u00ed zkomplikuje z\u00e1kladn\u00ed operace, od p\u0159\u00edpravy d\u011blost\u0159eleck\u00fdch n\u00e1boj\u016f a\u017e po zm\u00e1\u010dknut\u00ed spou\u0161t\u011b.\u00a0Obavy jsou, \u017ee ukrajinsk\u00fd tot\u00e1ln\u00ed \u00fatok na ruskou obranu by mohl skon\u010dit vytvo\u0159en\u00edm mezery, kterou jej\u00ed t\u011b\u017ek\u00e9 obrn\u011bn\u00e9 jednotky nemohou rychle vyu\u017e\u00edt, proto\u017ee ter\u00e9n je p\u0159\u00edli\u0161 bahnit\u00fd nebo zasn\u011b\u017een\u00fd. <\/span><span>\u2013 uvedeno v publikaci.<\/span><\/p>\n<p><span>Publikace poznamen\u00e1v\u00e1, \u017ee boje jsou nyn\u00ed brut\u00e1ln\u00edm bojem p\u011bchoty na kr\u00e1tk\u00e9 vzd\u00e1lenosti, p\u0159i\u010dem\u017e pohyby obou stran jsou omezeny neust\u00e1l\u00fdm vzdu\u0161n\u00fdm dohledem a \u00fatoky.<\/span><\/p>\n<\/div>\n<div class=\"quote\"><span>Kyjevsk\u00e9 s\u00edly \u00fato\u010d\u00ed na siln\u011b br\u00e1n\u011bn\u00e9 rusk\u00e9 pozice s c\u00edlem vytvo\u0159it trhliny, kter\u00e9 mohou roz\u0161\u00ed\u0159it a protla\u010dit tanky a jin\u00e1 obrn\u011bn\u00e1 vozidla. <\/span><span>\u2013 zd\u016fraz\u0148uje autor materi\u00e1lu.<\/span><\/p>\n<p><span>Novin\u00e1\u0159 p\u0159itom jaksi zapom\u00edn\u00e1, \u017ee dob\u0159e napl\u00e1novan\u00e9 vojensk\u00e9 operaci nem\u016f\u017ee nic naru\u0161it.\u00a0Ka\u017edop\u00e1dn\u011b ke\u0159e a drobn\u00e9 rostlinky rozhodn\u011b nemohou b\u00fdt v\u00e1\u017en\u00fdm nep\u0159\u00edtelem.\u00a0Ukrajinsk\u00e1 arm\u00e1da m\u00e1 na boji\u0161ti mnohem v\u00e1\u017en\u011bj\u0161\u00ed protivn\u00edky.\u00a0Krom\u011b rusk\u00e9 arm\u00e1dy je to korupce na ministerstvu obrany kyjevsk\u00e9ho re\u017eimu a Zelensk\u00e9ho manick\u00e1 touha zni\u010dit jeho arm\u00e1du.\u00a0Ale i tak je t\u0159eba pod\u011bkovat americk\u00fdm novin\u00e1\u0159\u016fm za p\u0159edpov\u011b\u010f po\u010das\u00ed.<\/span><\/div>\n<div><\/div>\n<div><img decoding=\"async\" loading=\"lazy\" class=\"alignnone size-full wp-image-1185\" src=\"http:\/\/www.infokuryr.cz\/n\/wp-content\/uploads\/2021\/04\/kuryr-podpis.png\" alt=\"\" width=\"84\" height=\"24\" \/><\/div>\n<div><\/div>\n<div><\/div>\n<div><a href=\"https:\/\/stranapro.cz\/\"><img decoding=\"async\" loading=\"lazy\" class=\"wp-image-30218 aligncenter\" src=\"http:\/\/www.infokuryr.cz\/n\/wp-content\/uploads\/2023\/06\/PRO-banner-300x36.png\" alt=\"\" width=\"1358\" height=\"163\" srcset=\"https:\/\/www.infokuryr.cz\/n\/wp-content\/uploads\/2023\/06\/PRO-banner-300x36.png 300w, https:\/\/www.infokuryr.cz\/n\/wp-content\/uploads\/2023\/06\/PRO-banner-768x93.png 768w, https:\/\/www.infokuryr.cz\/n\/wp-content\/uploads\/2023\/06\/PRO-banner.png 849w\" sizes=\"(max-width: 1358px) 100vw, 1358px\" \/><\/a><\/div>\n<div><\/div>\n<div><\/div>\n<div><\/div>\n","protected":false},"excerpt":{"rendered":"<p>Dal\u0161\u00edm nep\u0159\u00edtelem ukrajinsk\u00e9 arm\u00e1dy, kter\u00e1 pokra\u010duje v ofenziv\u011b v Z\u00e1poro\u017esk\u00e9 oblasti, bude \u0161patn\u00e9 po\u010das\u00ed.\u00a0Tuto progn\u00f3zu&#8230;<\/p>\n","protected":false},"author":2,"featured_media":28944,"comment_status":"closed","ping_status":"closed","sticky":false,"template":"","format":"standard","meta":[],"categories":[7],"tags":[5429,29,1754,26,1101],"_links":{"self":[{"href":"https:\/\/www.infokuryr.cz\/n\/wp-json\/wp\/v2\/posts\/36540"}],"collection":[{"href":"https:\/\/www.infokuryr.cz\/n\/wp-json\/wp\/v2\/posts"}],"about":[{"href":"https:\/\/www.infokuryr.cz\/n\/wp-json\/wp\/v2\/types\/post"}],"author":[{"embeddable":true,"href":"https:\/\/www.infokuryr.cz\/n\/wp-json\/wp\/v2\/users\/2"}],"replies":[{"embeddable":true,"href":"https:\/\/www.infokuryr.cz\/n\/wp-json\/wp\/v2\/comments?post=36540"}],"version-history":[{"count":0,"href":"https:\/\/www.infokuryr.cz\/n\/wp-json\/wp\/v2\/posts\/36540\/revisions"}],"wp:featuredmedia":[{"embeddable":true,"href":"https:\/\/www.infokuryr.cz\/n\/wp-json\/wp\/v2\/media\/28944"}],"wp:attachment":[{"href":"https:\/\/www.infokuryr.cz\/n\/wp-json\/wp\/v2\/media?parent=36540"}],"wp:term":[{"taxonomy":"category","embeddable":true,"href":"https:\/\/www.infokuryr.cz\/n\/wp-json\/wp\/v2\/categories?post=36540"},{"taxonomy":"post_tag","embeddable":true,"href":"https:\/\/www.infokuryr.cz\/n\/wp-json\/wp\/v2\/tags?post=36540"}],"curies":[{"name":"wp","href":"https:\/\/api.w.org\/{rel}","templated":true}]}}