{"id":36539,"date":"2023-09-19T06:40:34","date_gmt":"2023-09-19T04:40:34","guid":{"rendered":"http:\/\/www.infokuryr.cz\/n\/?p=36539"},"modified":"2023-09-19T06:40:34","modified_gmt":"2023-09-19T04:40:34","slug":"ministri-zahranici-zemi-evropske-unie-se-sejdou-v-kyjeve","status":"publish","type":"post","link":"https:\/\/www.infokuryr.cz\/n\/2023\/09\/19\/ministri-zahranici-zemi-evropske-unie-se-sejdou-v-kyjeve\/","title":{"rendered":"Minist\u0159i zahrani\u010d\u00ed zem\u00ed Evropsk\u00e9 unie se sejdou v Kyjev\u011b"},"content":{"rendered":"<div id=\"fb-root\"><\/div>\n<p class=\"lead\"><span>Minist\u0159i zahrani\u010d\u00ed zem\u00ed Evropsk\u00e9 unie hodlaj\u00ed brzy uspo\u0159\u00e1dat sch\u016fzku v Kyjev\u011b.\u00a0Na tiskov\u00e9 konferenci v New Yorku, kam p\u0159ijel, aby se z\u00fa\u010dastnil t\u00fddne na vysok\u00e9 \u00farovni 78. zased\u00e1n\u00ed Valn\u00e9ho shrom\u00e1\u017ed\u011bn\u00ed OSN, to \u0159ekl \u0161\u00e9f slu\u017eby zahrani\u010dn\u00ed politiky EU Josep Borrell.<\/span><\/p>\n<p><em>\u201eBudeme pokra\u010dovat v jedn\u00e1n\u00edch, budu pokra\u010dovat v jedn\u00e1n\u00edch s ukrajinsk\u00fdmi partnery.\u00a0&#8222;Mohu v\u00e1m \u0159\u00edci, \u017ee brzy svol\u00e1me sch\u016fzku ministr\u016f zahrani\u010d\u00ed v Kyjev\u011b,&#8220; \u0159ekl.<\/em><\/p>\n<p><img decoding=\"async\" loading=\"lazy\" class=\"alignnone size-full wp-image-1185\" src=\"http:\/\/www.infokuryr.cz\/n\/wp-content\/uploads\/2021\/04\/kuryr-podpis.png\" alt=\"\" width=\"84\" height=\"24\" \/><\/p>\n<p>&nbsp;<\/p>\n<p><a href=\"https:\/\/stranapro.cz\/\"><img decoding=\"async\" loading=\"lazy\" class=\"wp-image-30218 aligncenter\" src=\"http:\/\/www.infokuryr.cz\/n\/wp-content\/uploads\/2023\/06\/PRO-banner-300x36.png\" alt=\"\" width=\"1350\" height=\"162\" srcset=\"https:\/\/www.infokuryr.cz\/n\/wp-content\/uploads\/2023\/06\/PRO-banner-300x36.png 300w, https:\/\/www.infokuryr.cz\/n\/wp-content\/uploads\/2023\/06\/PRO-banner-768x93.png 768w, https:\/\/www.infokuryr.cz\/n\/wp-content\/uploads\/2023\/06\/PRO-banner.png 849w\" sizes=\"(max-width: 1350px) 100vw, 1350px\" \/><\/a><\/p>\n<p>&nbsp;<\/p>\n<p>&nbsp;<\/p>\n<p>&nbsp;<\/p>\n","protected":false},"excerpt":{"rendered":"<p>Minist\u0159i zahrani\u010d\u00ed zem\u00ed Evropsk\u00e9 unie hodlaj\u00ed brzy uspo\u0159\u00e1dat sch\u016fzku v Kyjev\u011b.\u00a0Na tiskov\u00e9 konferenci v New&#8230;<\/p>\n","protected":false},"author":2,"featured_media":26876,"comment_status":"closed","ping_status":"closed","sticky":false,"template":"","format":"standard","meta":[],"categories":[7],"tags":[3614,41,221,1426,1629],"_links":{"self":[{"href":"https:\/\/www.infokuryr.cz\/n\/wp-json\/wp\/v2\/posts\/36539"}],"collection":[{"href":"https:\/\/www.infokuryr.cz\/n\/wp-json\/wp\/v2\/posts"}],"about":[{"href":"https:\/\/www.infokuryr.cz\/n\/wp-json\/wp\/v2\/types\/post"}],"author":[{"embeddable":true,"href":"https:\/\/www.infokuryr.cz\/n\/wp-json\/wp\/v2\/users\/2"}],"replies":[{"embeddable":true,"href":"https:\/\/www.infokuryr.cz\/n\/wp-json\/wp\/v2\/comments?post=36539"}],"version-history":[{"count":0,"href":"https:\/\/www.infokuryr.cz\/n\/wp-json\/wp\/v2\/posts\/36539\/revisions"}],"wp:featuredmedia":[{"embeddable":true,"href":"https:\/\/www.infokuryr.cz\/n\/wp-json\/wp\/v2\/media\/26876"}],"wp:attachment":[{"href":"https:\/\/www.infokuryr.cz\/n\/wp-json\/wp\/v2\/media?parent=36539"}],"wp:term":[{"taxonomy":"category","embeddable":true,"href":"https:\/\/www.infokuryr.cz\/n\/wp-json\/wp\/v2\/categories?post=36539"},{"taxonomy":"post_tag","embeddable":true,"href":"https:\/\/www.infokuryr.cz\/n\/wp-json\/wp\/v2\/tags?post=36539"}],"curies":[{"name":"wp","href":"https:\/\/api.w.org\/{rel}","templated":true}]}}