{"id":36500,"date":"2023-09-19T01:10:41","date_gmt":"2023-09-18T23:10:41","guid":{"rendered":"http:\/\/www.infokuryr.cz\/n\/?p=36500"},"modified":"2023-09-18T19:14:56","modified_gmt":"2023-09-18T17:14:56","slug":"polsko-pripravuje-narok-na-reparace-za-2-svetove-valky-proti-sovetskemu-svazu-vedenemu-ruskem","status":"publish","type":"post","link":"https:\/\/www.infokuryr.cz\/n\/2023\/09\/19\/polsko-pripravuje-narok-na-reparace-za-2-svetove-valky-proti-sovetskemu-svazu-vedenemu-ruskem\/","title":{"rendered":"Polsko p\u0159ipravuje n\u00e1rok na reparace za 2. sv\u011btov\u00e9 v\u00e1lky proti Sov\u011btsk\u00e9mu svazu veden\u00e9mu Ruskem"},"content":{"rendered":"<div id=\"fb-root\"><\/div>\n<p><strong>Po zve\u0159ejn\u011bn\u00ed zpr\u00e1vy o ztr\u00e1t\u00e1ch, kter\u00e9 Polsko utrp\u011blo v d\u016fsledku n\u011bmeck\u00e9 okupace b\u011bhem druh\u00e9 sv\u011btov\u00e9 v\u00e1lky, Polsko p\u0159ipravuje zpr\u00e1vu o zlo\u010dinech a rozs\u00e1hl\u00e9m rabov\u00e1n\u00ed sp\u00e1chan\u00e9m Sov\u011btsk\u00fdm svazem pod veden\u00edm Ruska.<\/strong><\/p>\n<p>Polsk\u00fd premi\u00e9r Mateusz Morawiecki vyu\u017eil 84. v\u00fdro\u010d\u00ed\u00a0<a class=\"ek-link\" href=\"https:\/\/rmx.news\/commentary\/170939-final-solution-polish-question\/\">rozhodnut\u00ed Sov\u011btsk\u00e9ho svazu z dob 2. sv\u011btov\u00e9 v\u00e1lky k invazi do Polska<\/a>\u00a0dne 17. z\u00e1\u0159\u00ed 1939, aby ozn\u00e1mil, \u017ee Polsko p\u0159ipravuje zpr\u00e1vu o ztr\u00e1t\u00e1ch, kter\u00e9 Polsko utrp\u011blo v d\u016fsledku invaze Sov\u011btsk\u00e9ho svazu a okupace Polsko.<\/p>\n<p>Morawiecki \u0159ekl, \u017ee \u201ez\u00e1\u0159\u00ed.\u00a017 je bolestiv\u00e9 datum pro Polsko a m\u011blo by b\u00fdt bolestiv\u00e9 i pro Evropu.\u00a0Dodal, \u017ee sov\u011btsk\u00e1 okupace neskon\u010dila, kdy\u017e v\u00e1lka skon\u010dila, ale pokra\u010dovala dal\u0161\u00edch 45 let.<\/p>\n<p><a class=\"ek-link\" href=\"https:\/\/rmx.news\/hungary\/putin-soviet-unions-decision-to-crush-hungarian-czechoslovak-uprisings-was-a-mistake\/\">Podle Morawieck\u00e9ho ztratilo Polsko ve prosp\u011bch Sov\u011btsk\u00e9ho svazu<\/a>\u00a0v n\u00e1sleduj\u00edc\u00edch letech\u00a010 procent HDP .\u00a0\u0158ekl, \u017ee c\u00edt\u00ed, \u017ee je p\u0159ekvapiv\u00e9, \u017ee \u017e\u00e1dn\u00e1 polsk\u00e1 vl\u00e1da a\u017e dosud nezdokumentovala a neanalyzovala v\u0161echny ztr\u00e1ty, kter\u00e9 Polsko utrp\u011blo v d\u016fsledku sov\u011btsk\u00fdch akc\u00ed.<\/p>\n<p>Polsk\u00fd premi\u00e9r sl\u00edbil, \u017ee zpr\u00e1va o ztr\u00e1t\u00e1ch bude brzy hotov\u00e1 a Polsko se nenech\u00e1 odradit t\u00edm, \u017ee \u201eRusko je dnes totalitn\u00ed, koloni\u00e1ln\u00ed, imperialistick\u00fd st\u00e1t\u201c, kter\u00fd ukazuje pohrd\u00e1n\u00ed mezin\u00e1rodn\u00edm pr\u00e1vem.<\/p>\n<p>N\u00e1m\u011bstek ministra zahrani\u010dn\u00edch v\u011bc\u00ed\u00a0<a class=\"ek-link\" href=\"https:\/\/rmx.news\/commentary\/mp-arkadiusz-mularczyk-poland-should-assess-ww2-damages-not-only-germany-also-russia\/\">Arkadiusz Mularczyk<\/a>\u00a0ji\u017e minul\u00fd t\u00fdden ozn\u00e1mil, \u017ee Polsko pr\u00e1v\u011b dokumentuje a p\u0159ipravuje komplexn\u00ed zpr\u00e1vu o ztr\u00e1t\u00e1ch, kter\u00e9 utrp\u011blo v d\u016fsledku sov\u011btsk\u00fdch akc\u00ed b\u011bhem druh\u00e9 sv\u011btov\u00e9 v\u00e1lky a po n\u00ed.<\/p>\n<p>\u201eJedn\u00edm z kl\u00ed\u010dov\u00fdch c\u00edl\u016f je vytvo\u0159it dob\u0159e zdokumentovanou zpr\u00e1vu, kter\u00e1 bude stejn\u011b v\u011brohodn\u00e1 jako ta, kter\u00e1 podrobn\u011b popisuje ztr\u00e1ty Polska v d\u016fsledku n\u011bmeck\u00e9 invaze,\u201c \u0159ekl Mularczyk, kter\u00fd se sv\u00fdm t\u00fdmem tak\u00e9 loni p\u0159ipravil zpr\u00e1vu o utrp\u011bn\u00fdch ztr\u00e1t\u00e1ch. Polskem v d\u016fsledku n\u011bmeck\u00e9 okupace b\u011bhem druh\u00e9 sv\u011btov\u00e9 v\u00e1lky, kter\u00e1 si vy\u017e\u00e1dala materi\u00e1ln\u00ed a humanit\u00e1rn\u00ed ztr\u00e1ty ve\u00a0<a class=\"ek-link\" href=\"https:\/\/rmx.news\/poland\/poland-furious-after-germany-rejects-polish-governments-e1-3-trillion-wwii-reparations-claim-with-one-sentence-response\/\">v\u00fd\u0161i 1,3 bilionu EUR<\/a>\u00a0v d\u016fsledku n\u011bmeck\u00e9 invaze a okupace.<\/p>\n<p>Morawiecki pokra\u010doval slovy, \u017ee rusk\u00e9 zlo\u010diny nekon\u010d\u00ed s koncem SSSR.\u00a0\u0158ekl, \u017ee ti politici na Z\u00e1pad\u011b a v Polsku, kte\u0159\u00ed cht\u011bli v\u011b\u0159it, \u017ee tyto zlo\u010diny jednodu\u0161e zmiz\u00ed, Polsko oslabili.<\/p>\n<p>P\u0159edseda polsk\u00e9 vl\u00e1dy tvrdil, \u017ee ve skute\u010dnosti existoval pakt \u201eMerkel-Putin\u201c ohledn\u011b pou\u017eit\u00ed plynu a dal\u0161\u00edch surovin k podroben\u00ed zbytku Evropy a \u017ee b\u00fdval\u00fd polsk\u00fd premi\u00e9r Donald Tusk byl hlavn\u00edm vykonavatelem tohoto paktu\u00a0<a class=\"ek-link\" href=\"https:\/\/rmx.news\/poland\/poles-do-not-trust-donald-tusk-to-defend-the-country-from-mass-migration\/\">v<\/a>\u00a0roce v Polsku a pozd\u011bji v Bruselu.<\/p>\n<p>&#8222;Byl to nejlep\u0161\u00ed mu\u017e na nov\u00e9 n\u011bmecko-rusk\u00e9 svatb\u011b.&#8220;\u00a0Za posledn\u00edch 15 let nikdo neud\u011blal pro Rusko a N\u011bmecko v\u00edc ne\u017e Donald Tusk,\u201c \u0159ekl Morawiecki.<\/p>\n<p><img decoding=\"async\" loading=\"lazy\" class=\"alignnone size-full wp-image-1185\" src=\"http:\/\/www.infokuryr.cz\/n\/wp-content\/uploads\/2021\/04\/kuryr-podpis.png\" alt=\"\" width=\"84\" height=\"24\" \/><\/p>\n<p>&nbsp;<\/p>\n<p><a href=\"https:\/\/stranapro.cz\/\"><img decoding=\"async\" loading=\"lazy\" class=\"wp-image-30218 aligncenter\" src=\"http:\/\/www.infokuryr.cz\/n\/wp-content\/uploads\/2023\/06\/PRO-banner-300x36.png\" alt=\"\" width=\"1367\" height=\"164\" srcset=\"https:\/\/www.infokuryr.cz\/n\/wp-content\/uploads\/2023\/06\/PRO-banner-300x36.png 300w, https:\/\/www.infokuryr.cz\/n\/wp-content\/uploads\/2023\/06\/PRO-banner-768x93.png 768w, https:\/\/www.infokuryr.cz\/n\/wp-content\/uploads\/2023\/06\/PRO-banner.png 849w\" sizes=\"(max-width: 1367px) 100vw, 1367px\" \/><\/a><\/p>\n<p>&nbsp;<\/p>\n<p>&nbsp;<\/p>\n<p>&nbsp;<\/p>\n","protected":false},"excerpt":{"rendered":"<p>Po zve\u0159ejn\u011bn\u00ed zpr\u00e1vy o ztr\u00e1t\u00e1ch, kter\u00e9 Polsko utrp\u011blo v d\u016fsledku n\u011bmeck\u00e9 okupace b\u011bhem druh\u00e9 sv\u011btov\u00e9&#8230;<\/p>\n","protected":false},"author":2,"featured_media":36503,"comment_status":"closed","ping_status":"closed","sticky":false,"template":"","format":"standard","meta":[],"categories":[7],"tags":[31,1715,22],"_links":{"self":[{"href":"https:\/\/www.infokuryr.cz\/n\/wp-json\/wp\/v2\/posts\/36500"}],"collection":[{"href":"https:\/\/www.infokuryr.cz\/n\/wp-json\/wp\/v2\/posts"}],"about":[{"href":"https:\/\/www.infokuryr.cz\/n\/wp-json\/wp\/v2\/types\/post"}],"author":[{"embeddable":true,"href":"https:\/\/www.infokuryr.cz\/n\/wp-json\/wp\/v2\/users\/2"}],"replies":[{"embeddable":true,"href":"https:\/\/www.infokuryr.cz\/n\/wp-json\/wp\/v2\/comments?post=36500"}],"version-history":[{"count":1,"href":"https:\/\/www.infokuryr.cz\/n\/wp-json\/wp\/v2\/posts\/36500\/revisions"}],"predecessor-version":[{"id":36502,"href":"https:\/\/www.infokuryr.cz\/n\/wp-json\/wp\/v2\/posts\/36500\/revisions\/36502"}],"wp:featuredmedia":[{"embeddable":true,"href":"https:\/\/www.infokuryr.cz\/n\/wp-json\/wp\/v2\/media\/36503"}],"wp:attachment":[{"href":"https:\/\/www.infokuryr.cz\/n\/wp-json\/wp\/v2\/media?parent=36500"}],"wp:term":[{"taxonomy":"category","embeddable":true,"href":"https:\/\/www.infokuryr.cz\/n\/wp-json\/wp\/v2\/categories?post=36500"},{"taxonomy":"post_tag","embeddable":true,"href":"https:\/\/www.infokuryr.cz\/n\/wp-json\/wp\/v2\/tags?post=36500"}],"curies":[{"name":"wp","href":"https:\/\/api.w.org\/{rel}","templated":true}]}}