{"id":36499,"date":"2023-09-19T01:09:48","date_gmt":"2023-09-18T23:09:48","guid":{"rendered":"http:\/\/www.infokuryr.cz\/n\/?p=36499"},"modified":"2023-09-18T19:07:28","modified_gmt":"2023-09-18T17:07:28","slug":"orbanuv-vzkaz-bruselu-co-je-treba-zmenit","status":"publish","type":"post","link":"https:\/\/www.infokuryr.cz\/n\/2023\/09\/19\/orbanuv-vzkaz-bruselu-co-je-treba-zmenit\/","title":{"rendered":"Orb\u00e1n\u016fv vzkaz Bruselu: \u201eCo je t\u0159eba zm\u011bnit?"},"content":{"rendered":"<div id=\"fb-root\"><\/div>\n<p><strong>Ma\u010farsk\u00fd premi\u00e9r na sv\u00e9 ma\u010farsk\u00e9 facebookov\u00e9 str\u00e1nce uvedl, co je t\u0159eba v EU zm\u011bnit: EU by m\u011bla up\u0159ednost\u0148ovat m\u00edr, rodiny, omezov\u00e1n\u00ed neleg\u00e1ln\u00ed migrace a zru\u0161en\u00ed dvoj\u00edho metru v\u016f\u010di Polsku a Ma\u010farsku.<\/strong><\/p>\n<p><span>&#8222;1.\u00a0<\/span><em><span>Mus\u00edme vytvo\u0159it m\u00edr na hranic\u00edch Evropy!<\/span><\/em><\/p>\n<p><em><span>2. \u00dakolem bruselsk\u00e9ho veden\u00ed nen\u00ed propagovat genderovou propagandu a migraci, ale zastupovat obyvatele Evropy.<\/span><\/em><\/p>\n<p><em><span>3. Je t\u0159eba chr\u00e1nit spole\u010dn\u00e9 hranice a podporovat rodiny!<\/span><\/em><\/p>\n<p><em><span>4. Je t\u0159eba zru\u0161it dvoj\u00ed metr Bruselu v\u016f\u010di Polsku a Ma\u010farsku!\u00a0<\/span><\/em><span>\u201c<\/span><\/p>\n<p><span>Viktor Orb\u00e1n ve \u010dtvrtek v po\u0159adu \u201eDobr\u00e9 r\u00e1no, Ma\u010farsko\u201c na \u201eKossuth Radio\u201c \u0159ekl, \u017ee \u201ebruselsk\u00fd obrat\u201c po volb\u00e1ch do EU v roce 2024 vid\u00ed jako rostouc\u00ed a re\u00e1lnou mo\u017enost.<\/span><\/p>\n<p><img decoding=\"async\" loading=\"lazy\" class=\"alignnone size-full wp-image-1185\" src=\"http:\/\/www.infokuryr.cz\/n\/wp-content\/uploads\/2021\/04\/kuryr-podpis.png\" alt=\"\" width=\"84\" height=\"24\" \/><\/p>\n<p>&nbsp;<\/p>\n<p><a href=\"https:\/\/stranapro.cz\/\"><img decoding=\"async\" loading=\"lazy\" class=\"wp-image-30218 aligncenter\" src=\"http:\/\/www.infokuryr.cz\/n\/wp-content\/uploads\/2023\/06\/PRO-banner-300x36.png\" alt=\"\" width=\"1375\" height=\"165\" srcset=\"https:\/\/www.infokuryr.cz\/n\/wp-content\/uploads\/2023\/06\/PRO-banner-300x36.png 300w, https:\/\/www.infokuryr.cz\/n\/wp-content\/uploads\/2023\/06\/PRO-banner-768x93.png 768w, https:\/\/www.infokuryr.cz\/n\/wp-content\/uploads\/2023\/06\/PRO-banner.png 849w\" sizes=\"(max-width: 1375px) 100vw, 1375px\" \/><\/a><\/p>\n<p>&nbsp;<\/p>\n<p>&nbsp;<\/p>\n<p>&nbsp;<\/p>\n","protected":false},"excerpt":{"rendered":"<p>Ma\u010farsk\u00fd premi\u00e9r na sv\u00e9 ma\u010farsk\u00e9 facebookov\u00e9 str\u00e1nce uvedl, co je t\u0159eba v EU zm\u011bnit: EU&#8230;<\/p>\n","protected":false},"author":2,"featured_media":1927,"comment_status":"closed","ping_status":"closed","sticky":false,"template":"","format":"standard","meta":[],"categories":[7],"tags":[41,439,855,2101],"_links":{"self":[{"href":"https:\/\/www.infokuryr.cz\/n\/wp-json\/wp\/v2\/posts\/36499"}],"collection":[{"href":"https:\/\/www.infokuryr.cz\/n\/wp-json\/wp\/v2\/posts"}],"about":[{"href":"https:\/\/www.infokuryr.cz\/n\/wp-json\/wp\/v2\/types\/post"}],"author":[{"embeddable":true,"href":"https:\/\/www.infokuryr.cz\/n\/wp-json\/wp\/v2\/users\/2"}],"replies":[{"embeddable":true,"href":"https:\/\/www.infokuryr.cz\/n\/wp-json\/wp\/v2\/comments?post=36499"}],"version-history":[{"count":0,"href":"https:\/\/www.infokuryr.cz\/n\/wp-json\/wp\/v2\/posts\/36499\/revisions"}],"wp:featuredmedia":[{"embeddable":true,"href":"https:\/\/www.infokuryr.cz\/n\/wp-json\/wp\/v2\/media\/1927"}],"wp:attachment":[{"href":"https:\/\/www.infokuryr.cz\/n\/wp-json\/wp\/v2\/media?parent=36499"}],"wp:term":[{"taxonomy":"category","embeddable":true,"href":"https:\/\/www.infokuryr.cz\/n\/wp-json\/wp\/v2\/categories?post=36499"},{"taxonomy":"post_tag","embeddable":true,"href":"https:\/\/www.infokuryr.cz\/n\/wp-json\/wp\/v2\/tags?post=36499"}],"curies":[{"name":"wp","href":"https:\/\/api.w.org\/{rel}","templated":true}]}}