{"id":36498,"date":"2023-09-19T01:08:43","date_gmt":"2023-09-18T23:08:43","guid":{"rendered":"http:\/\/www.infokuryr.cz\/n\/?p=36498"},"modified":"2023-09-18T19:02:27","modified_gmt":"2023-09-18T17:02:27","slug":"omezeni-poctu-pokoju-maximalni-velikost-failed-state-berlin-zavadi-bytovy-socialismus","status":"publish","type":"post","link":"https:\/\/www.infokuryr.cz\/n\/2023\/09\/19\/omezeni-poctu-pokoju-maximalni-velikost-failed-state-berlin-zavadi-bytovy-socialismus\/","title":{"rendered":"Omezen\u00ed po\u010dtu pokoj\u016f, maxim\u00e1ln\u00ed velikost: Failed State Berl\u00edn zav\u00e1d\u00ed bytov\u00fd socialismus"},"content":{"rendered":"<div id=\"fb-root\"><\/div>\n<p><strong><span>\u017divotn\u00ed prostor je v Berl\u00edn\u011b vz\u00e1cn\u00fd a drah\u00fd \u2013 masov\u00e1 migrace a rostouc\u00ed cena a obt\u00ed\u017enost nov\u00fdch stavebn\u00edch projekt\u016f situaci neust\u00e1le zhor\u0161uje.\u00a0M\u00edsto nov\u00e9 stavebn\u00ed ofenz\u00edvy nyn\u00ed Sen\u00e1t pod veden\u00edm CDU pl\u00e1nuje drastickou regulaci bydlen\u00ed: P\u0159i pronaj\u00edm\u00e1n\u00ed st\u00e1tn\u00edch byt\u016f by v budoucnu mohli b\u00fdt n\u00e1jemn\u00edci povinni stanovit maxim\u00e1ln\u00ed velikost.\u00a0Liber\u00e1lov\u00e9 popisuj\u00ed tento masivn\u00ed z\u00e1sah do trhu s bydlen\u00edm jako \u201ebytov\u00fd socialismus\u201c a je\u0161t\u011b tvrd\u0161\u00ed kritika p\u0159ich\u00e1z\u00ed ze strany AfD.<\/span><\/strong><\/p>\n<p><span>V N\u011bmecku je nedostatek \u017eivotn\u00edho prostoru a nov\u00e1 v\u00fdstavba u\u017e roky nepokro\u010dila.\u00a0Jen v Berl\u00edn\u011b se odhaduje, \u017ee ji\u017e nyn\u00ed chyb\u00ed 100 000 byt\u016f a pot\u0159eba st\u00e1le roste.\u00a0Nyn\u00ed chce \u010derno-\u010derven\u00fd Sen\u00e1t z\u0159ejm\u011b p\u0159istoupit k razantn\u00edm opat\u0159en\u00edm.<\/span><\/p>\n<p><span>V n\u00e1vrhu, kter\u00fd m\u00e1\u00a0<\/span><a href=\"https:\/\/www.bz-berlin.de\/berlin\/fuer-singles-nur-noch-eine-ein-zimmer-wohnung-zulaessig\"><span>BZ<\/span><\/a><span>\u00a0k dispozici, se uv\u00e1d\u00ed:\u00a0<\/span><strong><span>\u201e\u00a0<\/span><em><span>P\u0159i p\u0159en\u00e1jmu v\u0161ech st\u00e1tn\u00edch byt\u016f by obecn\u011b m\u011bla b\u00fdt k dispozici maxim\u00e1ln\u011b jedna obytn\u00e1 plocha na osobu v dom\u00e1cnosti.\u00a0<\/span><\/em><\/strong><span>Poprv\u00e9\u00a0<\/span><a href=\"https:\/\/www.tagesspiegel.de\/berlin\/neue-regeln-fur-landeseigene-wohnungsvergabe-in-berlin-soll-sich-starker-nach-haushaltsgrosse-richten-10472497.html\"><span>o<\/span><\/a><span>\u00a0tom informoval\u00a0<strong>Tagesspiegel .<\/strong><\/span><\/p>\n<p><span>Pl\u00e1nuje se \u201edohoda o spolupr\u00e1ci\u201c se \u0161esti st\u00e1tn\u00edmi bytov\u00fdmi dru\u017estvy a st\u00e1tn\u00edm spr\u00e1vcem nemovitost\u00ed Berlinovo.\u00a0V p\u0159\u00edpad\u011b realizace n\u00e1vrhu by svobodn\u00ed lid\u00e9 m\u011bli v budoucnu n\u00e1rok pouze na jednopokojov\u00fd byt a p\u00e1ry na dvoupokojov\u00fd byt.<\/span><\/p>\n<h3 class=\"wp-block-heading\"><span style=\"font-size: 18pt;\">Maxim\u00e1ln\u00ed velikost pro n\u00e1jemn\u00edky p\u0159ijde<\/span><\/h3>\n<p><span>V p\u00e1tek jsme asi zase veslovali zp\u00e1tky.\u00a0Mluv\u010d\u00ed stavebn\u00edho \u00fa\u0159adu BZ sd\u011blila, \u017ee n\u00e1vrh je mimo st\u016fl a jde\u00a0<\/span><span>pouze o \u201e\u0161ablonu k diskusi\u201c.\u00a0<\/span><strong><span>Pl\u00e1n Sen\u00e1tu up\u0159esnit maxim\u00e1ln\u00ed velikost jejich bytu pro budouc\u00ed n\u00e1jemn\u00edky v\u0161ak z\u016fst\u00e1v\u00e1 zachov\u00e1n.\u00a0<\/span><\/strong><span>&#8222;S ohledem na diskusi o p\u0159\u00edli\u0161 velk\u00fdch bytech chceme vhodn\u00fd pom\u011br mezi velikost\u00ed rodiny a velikost\u00ed bytu.&#8220;\u00a0\u201eSpot\u0159eba p\u016fdy\u201c ob\u010dany byla v\u017edy\u00a0<\/span><a href=\"https:\/\/report24.news\/wohnungsmangel-in-deutschland-alte-menschen-sollen-aus-ihren-wohnungen-vertrieben-werden\/\"><span>kritizov\u00e1na<\/span><\/a><span>\u00a0\u010derven\u00fdmi a zelen\u00fdmi socialisty : Ka\u017ed\u00fd, kdo si m\u016f\u017ee dovolit v\u011bt\u0161\u00ed byt, proto\u017ee pracuje nebo tvrd\u011b pracoval, by\u00a0<\/span><a href=\"https:\/\/report24.news\/nun-auch-forderungen-auf-bundesebene-rentner-sollen-haeuser-fuer-familien-raeumen\/\"><span>jej m\u011bl v p\u0159\u00edpad\u011b pochybnost\u00ed d\u00e1t rodin\u00e1m s v\u00edce d\u011btmi.<\/span><\/a><span>.\u00a0Je z\u0159ejm\u00e9, kter\u00e1 klientela z toho, jak u\u017e to tak \u010dasto b\u00fdv\u00e1, t\u011b\u017e\u00ed.<\/span><\/p>\n<p><span>Jak budou p\u0159edpisy implementov\u00e1ny, z\u016fst\u00e1v\u00e1 nejasn\u00e9.\u00a0Vyvol\u00e1v\u00e1 mnoho ot\u00e1zek: Jak pronaj\u00edmatel\u00e9 ov\u011b\u0159\u00ed, zda je n\u011bkdo skute\u010dn\u011b svobodn\u00fd nebo m\u00e1 partnera?\u00a0Mus\u00ed se nejd\u0159\u00edve narodit miminko nebo maj\u00ed p\u00e1ry, kter\u00e9 \u010dekaj\u00ed d\u00edt\u011b, n\u00e1rok na v\u011bt\u0161\u00ed byt?\u00a0Budou sd\u00edlen\u00e9 byty v budoucnu tabu nebo budou spolubydl\u00edc\u00ed pova\u017eov\u00e1ni za dom\u00e1cnost?\u00a0Prob\u00edhaj\u00ed kontroly, zda v\u011bt\u0161\u00ed byt ob\u00fdv\u00e1 p\u00e1r?\u00a0Spol\u00e9h\u00e1te na sousedy, kte\u0159\u00ed jsou ochotni udat, nebo se do toho zapojuj\u00ed \u00fa\u0159ady?\u00a0Co se stane s p\u00e1ry, kdy\u017e se rozejdou?<\/span><\/p>\n<p><span>Administrativa sen\u00e1tora za budovy Christiana Gaeblera (58, SPD) na tyto ot\u00e1zky nem\u00e1 odpov\u011bdi.\u00a0Mluv\u010d\u00ed \u00fa\u0159adu se k tomu vyj\u00e1d\u0159ila vyh\u00fdbav\u011b.\u00a0<\/span><strong><span>&#8222;Jak bude p\u0159esn\u00e9 zn\u011bn\u00ed smlouvy o spolupr\u00e1ci vypadat, v\u00e1m m\u016f\u017eeme sd\u011blit a\u017e pot\u00e9, co budou dokon\u010dena jedn\u00e1n\u00ed o dohod\u011b o spolupr\u00e1ci.&#8220;\u00a0<\/span><\/strong><span>Pl\u00e1ny maj\u00ed b\u00fdt p\u0159edstaveny na konci z\u00e1\u0159\u00ed.<\/span><\/p>\n<p><span>Prob\u00edhaj\u00edc\u00ed jedn\u00e1n\u00ed necht\u011bj\u00ed komentovat ani st\u00e1tn\u00ed podniky, necht\u011bj\u00ed poskytovat ani informace o tom, kolik jedno a dvoupokojov\u00fdch byt\u016f maj\u00ed v portfoliu firem.\u00a0<\/span><strong><span>Existuj\u00ed obavy z napomenut\u00ed ze strany Sen\u00e1tu<\/span><\/strong><span> ?<\/span><\/p>\n<h3 class=\"wp-block-heading\"><span style=\"font-size: 18pt;\">Zaveden\u00ed bytov\u00e9ho socialismu<\/span><\/h3>\n<p><span>Pochybnosti o pl\u00e1nech vyj\u00e1d\u0159ila i SPD.\u00a0\u201eNev\u00edm, jestli to lze regulovat plo\u0161n\u011b.\u00a0Chceme rozhodnout o pr\u00e1vu na pr\u00e1ci z domova, co\u017e by pak mohlo v\u00e9st k probl\u00e9mu v mal\u00fdch bytech,\u201c \u0159ekla mluv\u010d\u00ed parlamentn\u00edho klubu pro stavebn\u00ed politiku Sevim Aydin (51).<\/span><\/p>\n<p><span>FDP pl\u00e1ny d\u016frazn\u011b odsoudila.\u00a0<\/span><strong><span>\u201eZav\u00e1d\u00ed tady bytov\u00fd socialismus \u010dernorud\u00e1 koalice?\u00a0Nov\u00e9 stavebn\u00ed c\u00edle se po desetilet\u00ed m\u00edjely a nyn\u00ed za to mus\u00ed platit Berl\u00ed\u0148an\u00e9?\u201c\u00a0<\/span><\/strong><span>byla legitimn\u00ed ot\u00e1zka Larse Lindemanna (52), berl\u00ednsk\u00e9ho gener\u00e1ln\u00edho tajemn\u00edka FDP.\u00a0M\u011bl na mysli skute\u010dnost, \u017ee v NDR p\u0159id\u011blovaly byty z velk\u00e9 \u010d\u00e1sti st\u00e1tn\u00ed podniky, p\u0159i\u010dem\u017e mnoh\u00e9 musely na p\u0159id\u011blen\u00ed \u010dekat roky.\u00a0Pon\u011bkud lep\u0161\u00ed byly vyhl\u00eddky pro rodiny s d\u011btmi a v\u00fdrazn\u011b hor\u0161\u00ed pro samo\u017eivitele bez d\u011bt\u00ed.<\/span><\/p>\n<p><span>Kritika p\u0159i\u0161la i od stavebn\u00edho experta kapit\u00e1lov\u00e9 frakce AfD Haralda Laatsche (66):<\/span><\/p>\n<p><em>\u201eNyn\u00ed se berl\u00ednsk\u00fd trh s byty, alespo\u0148 mezi t\u011bmi st\u00e1tn\u00edmi, kone\u010dn\u011b vr\u00e1til k \u0159\u00edzen\u00ed nedostatku.\u00a0Naposledy existovaly vl\u00e1dn\u00ed p\u0159edpisy o tom, kolik pokoj\u016f si n\u011bkdo m\u016f\u017ee pronajmout, v Berl\u00edn\u011b v roce 1989.\u00a0Nyn\u00ed jsou zp\u011bt a s nimi i groteskn\u00ed efekty.<\/em><\/p>\n<p><em>P\u0159\u00edkladem jsou mlad\u00e9 p\u00e1ry, kter\u00e9 budou m\u00edt brzy n\u00e1rok jen na dvoupokojov\u00e9 byty: Sm\u011bj\u00ed za\u010d\u00edt hledat v\u011bt\u0161\u00ed byt, kdy\u017e vyj\u00e1d\u0159\u00ed p\u0159\u00e1n\u00ed m\u00edt d\u011bti, mus\u00ed \u010dekat na potvrzen\u00ed t\u011bhotenstv\u00ed l\u00e9ka\u0159em, pop\u0159. i do narozen\u00ed potomka?<\/em><\/p>\n<p><em><strong>Berl\u00ednsk\u00e9 zemsk\u00e9 vl\u00e1dy nebyly po l\u00e9ta schopny vytvo\u0159it dostatek nov\u00e9ho \u017eivotn\u00edho prostoru.\u00a0Sleduj\u00ed, jak do Berl\u00edna p\u0159ich\u00e1z\u00ed st\u00e1le v\u00edce lid\u00ed a jak lid\u00e9, kte\u0159\u00ed by u\u017e d\u00e1vno museli zemi opustit, nad\u00e1le okupuj\u00ed \u017eivotn\u00ed prostor.\u00a0<\/strong>A nyn\u00ed nech\u00e1vaj\u00ed Berl\u00ed\u0148any trp\u011bt za vlastn\u00ed neschopnost.\u00a0Zjevn\u011b ani Sen\u00e1t veden\u00fd CDU nem\u016f\u017ee zastavit socialismus v jeho stop\u00e1ch.\u00a0Voli\u010di by si to m\u011bli pamatovat p\u0159i ka\u017ed\u00e9 p\u0159\u00edle\u017eitosti.\u201c<\/em><\/p>\n<p><span>Politik AfD je jako v\u017edy jedin\u00fd, kdo jako p\u0159\u00ed\u010dinu probl\u00e9m\u016f jednozna\u010dn\u011b \u0159e\u0161\u00ed nekontrolovanou masovou migraci (ale N\u011bmci si tuto skute\u010dnost i tak uv\u011bdomuj\u00ed).\u00a0Situaci si pravd\u011bpodobn\u011b budou p\u0159\u00e1t politicky odpov\u011bdn\u00ed.\u00a0Nav\u00e1d\u011bn\u00ed a omezov\u00e1n\u00ed ob\u010dan\u016f se zd\u00e1 b\u00fdt obl\u00edben\u00fdm sportem kasty politik\u016f: Skute\u010dnost, \u017ee tuto hru hraje \u00fadajn\u011b konzervativn\u00ed CDU, by nyn\u00ed m\u011bla mnoha lidem stydliv\u00fdm za AfD objasnit, kam by za \u017e\u00e1dn\u00fdch okolnost\u00ed nem\u011bli v p\u0159\u00ed\u0161t\u00edch volb\u00e1ch d\u00e1vat k\u0159\u00ed\u017eek. .\u00a0<\/span><strong><span>Nakonec z toho budou m\u00edt prosp\u011bch Blues \u2013 i socialistick\u00e1 Wagenknechtova strana tento kurz st\u011b\u017e\u00ed zastav\u00ed, sp\u00ed\u0161e v n\u011bm bude pokra\u010dovat.<\/span><\/strong><\/p>\n<p><img decoding=\"async\" loading=\"lazy\" class=\"alignnone size-full wp-image-1185\" src=\"http:\/\/www.infokuryr.cz\/n\/wp-content\/uploads\/2021\/04\/kuryr-podpis.png\" alt=\"\" width=\"84\" height=\"24\" \/><\/p>\n<p>&nbsp;<\/p>\n<p><a href=\"https:\/\/stranapro.cz\/\"><img decoding=\"async\" loading=\"lazy\" class=\"wp-image-30218 aligncenter\" src=\"http:\/\/www.infokuryr.cz\/n\/wp-content\/uploads\/2023\/06\/PRO-banner-300x36.png\" alt=\"\" width=\"1358\" height=\"163\" srcset=\"https:\/\/www.infokuryr.cz\/n\/wp-content\/uploads\/2023\/06\/PRO-banner-300x36.png 300w, https:\/\/www.infokuryr.cz\/n\/wp-content\/uploads\/2023\/06\/PRO-banner-768x93.png 768w, https:\/\/www.infokuryr.cz\/n\/wp-content\/uploads\/2023\/06\/PRO-banner.png 849w\" sizes=\"(max-width: 1358px) 100vw, 1358px\" \/><\/a><\/p>\n<p>&nbsp;<\/p>\n<p>&nbsp;<\/p>\n<p>&nbsp;<\/p>\n","protected":false},"excerpt":{"rendered":"<p>\u017divotn\u00ed prostor je v Berl\u00edn\u011b vz\u00e1cn\u00fd a drah\u00fd \u2013 masov\u00e1 migrace a rostouc\u00ed cena a&#8230;<\/p>\n","protected":false},"author":2,"featured_media":26935,"comment_status":"closed","ping_status":"closed","sticky":false,"template":"","format":"standard","meta":[],"categories":[7],"tags":[233,2245,371,84,4948],"_links":{"self":[{"href":"https:\/\/www.infokuryr.cz\/n\/wp-json\/wp\/v2\/posts\/36498"}],"collection":[{"href":"https:\/\/www.infokuryr.cz\/n\/wp-json\/wp\/v2\/posts"}],"about":[{"href":"https:\/\/www.infokuryr.cz\/n\/wp-json\/wp\/v2\/types\/post"}],"author":[{"embeddable":true,"href":"https:\/\/www.infokuryr.cz\/n\/wp-json\/wp\/v2\/users\/2"}],"replies":[{"embeddable":true,"href":"https:\/\/www.infokuryr.cz\/n\/wp-json\/wp\/v2\/comments?post=36498"}],"version-history":[{"count":0,"href":"https:\/\/www.infokuryr.cz\/n\/wp-json\/wp\/v2\/posts\/36498\/revisions"}],"wp:featuredmedia":[{"embeddable":true,"href":"https:\/\/www.infokuryr.cz\/n\/wp-json\/wp\/v2\/media\/26935"}],"wp:attachment":[{"href":"https:\/\/www.infokuryr.cz\/n\/wp-json\/wp\/v2\/media?parent=36498"}],"wp:term":[{"taxonomy":"category","embeddable":true,"href":"https:\/\/www.infokuryr.cz\/n\/wp-json\/wp\/v2\/categories?post=36498"},{"taxonomy":"post_tag","embeddable":true,"href":"https:\/\/www.infokuryr.cz\/n\/wp-json\/wp\/v2\/tags?post=36498"}],"curies":[{"name":"wp","href":"https:\/\/api.w.org\/{rel}","templated":true}]}}