{"id":36492,"date":"2023-09-19T01:06:13","date_gmt":"2023-09-18T23:06:13","guid":{"rendered":"http:\/\/www.infokuryr.cz\/n\/?p=36492"},"modified":"2023-09-18T18:50:08","modified_gmt":"2023-09-18T16:50:08","slug":"dr-mcculloughuv-projev-v-evropskem-parlamentu","status":"publish","type":"post","link":"https:\/\/www.infokuryr.cz\/n\/2023\/09\/19\/dr-mcculloughuv-projev-v-evropskem-parlamentu\/","title":{"rendered":"Dr. McCullough\u016fv projev v Evropsk\u00e9m parlamentu"},"content":{"rendered":"<div id=\"fb-root\"><\/div>\n<p><span>Dr.\u00a0Peter McCullough, MD, hovo\u0159\u00ed v Evropsk\u00e9m parlamentu ve prosp\u011bch z\u00e1kazu o\u010dkov\u00e1n\u00ed proti covidu.\u00a0D\u011blal to od za\u010d\u00e1tku.\u00a0Ve sv\u00e9m projevu pojedn\u00e1v\u00e1 o \u0159ad\u011b nemoc\u00ed a poruch zp\u016fsoben\u00fdch injekc\u00ed.\u00a0Dr.\u00a0McCullough jmenoval jm\u00e9na a popsal koordinovan\u00e9 \u00fasil\u00ed nevl\u00e1dn\u00edch organizac\u00ed a vl\u00e1d zakr\u00fdt zlo\u010diny a br\u00e1nit l\u00e9ka\u0159\u016fm ve schopnosti l\u00e9\u010dit pacienty, v\u010detn\u011b odm\u00edtnut\u00ed v\u010dasn\u00e9 l\u00e9\u010dby C19.\u00a0Dr.\u00a0McCullough prosazoval, aby kl\u00ed\u010dov\u00e9 zainteresovan\u00e9 strany vystoupily z WHO.<\/span><\/p>\n<p><span>Podle Dr.\u00a0McCullough, 2\/3 sv\u011btov\u00e9 populace a 75 % Ameri\u010dan\u016f byly l\u00e9\u010deny C19.\u00a0McCullough \u0159ekl, \u017ee to byl nejhor\u0161\u00ed n\u00e1pad na sv\u011bt\u011b vpravit do lid\u00ed genetick\u00fd k\u00f3d pro protein spike.\u00a0\u0160pi\u010dkov\u00fd protein bude nad\u00e1le cirkulovat v t\u011ble po dobu nejm\u00e9n\u011b 6 m\u011bs\u00edc\u016f po injekci.\u00a0Dr.\u00a0McCullough vysv\u011btlil, \u017ee injekce C19 vedou ke kardiovaskul\u00e1rn\u00edm onemocn\u011bn\u00edm, neurologick\u00fdm onemocn\u011bn\u00edm, imunologick\u00fdm poruch\u00e1m a krevn\u00edm sra\u017eenin\u00e1m.\u00a0Tak\u00e9 uvedl, \u017ee z\u00e1stava srdce byla pozorov\u00e1na 2 roky po injekc\u00edch C19.\u00a0A \u017ee nejv\u011bt\u0161\u00ed pitevn\u00ed studie na sv\u011bt\u011b odhalila \u0161okuj\u00edc\u00ed statistiku, \u017ee 73,9 % \u00famrt\u00ed mezi \u201eo\u010dkovan\u00fdmi\u201c bylo zp\u016fsobeno vakc\u00ednou.\u00a0Kdy\u017e o\u010dkovan\u00ed lid\u00e9 zem\u0159ou na myokarditidu, je to ve 100 % p\u0159\u00edpad\u016f zp\u016fsobeno o\u010dkov\u00e1n\u00edm C19.\u00a0Dne 23<\/span><\/p>\n<p><span>Dr.\u00a0McCullough tak\u00e9 pouk\u00e1zal na nepravdiv\u00e1 tvrzen\u00ed, \u017ee C19 je nenapadnuteln\u00fd a vy\u017eaduje blok\u00e1du, \u017ee injekce C19 jsou bezpe\u010dn\u00e9 a \u00fa\u010dinn\u00e9 a \u017ee zdravotn\u00ed probl\u00e9my a \u00famrt\u00ed jsou zp\u016fsobeny dlouhou l\u00e9\u010dbou Covid a nikoli injekcemi C19.<\/span><\/p>\n<p><span>Va\u0161e \u00fasil\u00ed m\u00e1 dopad.\u00a0V minulosti Dr.\u00a0McCullough se zm\u00ednil o vl\u00e1dn\u00edch organizac\u00edch Florida County a Idaho, kter\u00e9 prohl\u00e1sily injekce za biologick\u00e9 zbran\u011b.\u00a0Asi po 16 minut\u00e1ch sv\u00e9ho vystoupen\u00ed Dr.\u00a0McCullough p\u0159edpov\u011bd\u011bl, \u017ee m\u00edstn\u00ed a st\u00e1tn\u00ed vl\u00e1dy za\u010dnou zakazovat injekce C19.\u00a0M\u00edstem, kde se to m\u016f\u017ee st\u00e1t, jsou st\u00e1tn\u00ed a m\u00edstn\u00ed \u00fa\u0159ady.<\/span><\/p>\n<p><span>Kompletn\u00ed projev v angli\u010dtin\u011b:<\/span><\/p>\n<p>&nbsp;<\/p>\n<div class='videoWrapper'>\r\n\t            <iframe src='https:\/\/rumble.com\/embed\/pj.v3fay8w\/' frameborder='0' allowfullscreen><\/iframe>\r\n\t        <\/div>\n<p>&nbsp;<\/p>\n<p>&nbsp;<\/p>\n<p>&nbsp;<\/p>\n<p><a href=\"https:\/\/stranapro.cz\/\"><img decoding=\"async\" loading=\"lazy\" class=\"wp-image-30218 aligncenter\" src=\"http:\/\/www.infokuryr.cz\/n\/wp-content\/uploads\/2023\/06\/PRO-banner-300x36.png\" alt=\"\" width=\"1358\" height=\"163\" srcset=\"https:\/\/www.infokuryr.cz\/n\/wp-content\/uploads\/2023\/06\/PRO-banner-300x36.png 300w, https:\/\/www.infokuryr.cz\/n\/wp-content\/uploads\/2023\/06\/PRO-banner-768x93.png 768w, https:\/\/www.infokuryr.cz\/n\/wp-content\/uploads\/2023\/06\/PRO-banner.png 849w\" sizes=\"(max-width: 1358px) 100vw, 1358px\" \/><\/a><\/p>\n<p>&nbsp;<\/p>\n<p>&nbsp;<\/p>\n<p>&nbsp;<\/p>\n","protected":false},"excerpt":{"rendered":"<p>Dr.\u00a0Peter McCullough, MD, hovo\u0159\u00ed v Evropsk\u00e9m parlamentu ve prosp\u011bch z\u00e1kazu o\u010dkov\u00e1n\u00ed proti covidu.\u00a0D\u011blal to od&#8230;<\/p>\n","protected":false},"author":2,"featured_media":36493,"comment_status":"closed","ping_status":"closed","sticky":false,"template":"","format":"standard","meta":[],"categories":[7],"tags":[23,41,651,889,21],"_links":{"self":[{"href":"https:\/\/www.infokuryr.cz\/n\/wp-json\/wp\/v2\/posts\/36492"}],"collection":[{"href":"https:\/\/www.infokuryr.cz\/n\/wp-json\/wp\/v2\/posts"}],"about":[{"href":"https:\/\/www.infokuryr.cz\/n\/wp-json\/wp\/v2\/types\/post"}],"author":[{"embeddable":true,"href":"https:\/\/www.infokuryr.cz\/n\/wp-json\/wp\/v2\/users\/2"}],"replies":[{"embeddable":true,"href":"https:\/\/www.infokuryr.cz\/n\/wp-json\/wp\/v2\/comments?post=36492"}],"version-history":[{"count":1,"href":"https:\/\/www.infokuryr.cz\/n\/wp-json\/wp\/v2\/posts\/36492\/revisions"}],"predecessor-version":[{"id":36494,"href":"https:\/\/www.infokuryr.cz\/n\/wp-json\/wp\/v2\/posts\/36492\/revisions\/36494"}],"wp:featuredmedia":[{"embeddable":true,"href":"https:\/\/www.infokuryr.cz\/n\/wp-json\/wp\/v2\/media\/36493"}],"wp:attachment":[{"href":"https:\/\/www.infokuryr.cz\/n\/wp-json\/wp\/v2\/media?parent=36492"}],"wp:term":[{"taxonomy":"category","embeddable":true,"href":"https:\/\/www.infokuryr.cz\/n\/wp-json\/wp\/v2\/categories?post=36492"},{"taxonomy":"post_tag","embeddable":true,"href":"https:\/\/www.infokuryr.cz\/n\/wp-json\/wp\/v2\/tags?post=36492"}],"curies":[{"name":"wp","href":"https:\/\/api.w.org\/{rel}","templated":true}]}}