{"id":36475,"date":"2023-09-18T08:38:04","date_gmt":"2023-09-18T06:38:04","guid":{"rendered":"http:\/\/www.infokuryr.cz\/n\/?p=36475"},"modified":"2023-09-18T08:38:04","modified_gmt":"2023-09-18T06:38:04","slug":"michael-svatos-putin-zase-vsechny-prelstil-a-tajne-skoupil-vetsinu-evropskych-namornich-tankeru-na-prepravu-ropy","status":"publish","type":"post","link":"https:\/\/www.infokuryr.cz\/n\/2023\/09\/18\/michael-svatos-putin-zase-vsechny-prelstil-a-tajne-skoupil-vetsinu-evropskych-namornich-tankeru-na-prepravu-ropy\/","title":{"rendered":"Michael Svato\u0161: Putin zase v\u0161echny p\u0159elstil, a tajn\u011b skoupil v\u011bt\u0161inu evropsk\u00fdch n\u00e1mo\u0159n\u00edch tanker\u016f na p\u0159epravu ropy"},"content":{"rendered":"<div id=\"fb-root\"><\/div>\n<h2 class=\"post-title entry-title\"><span style=\"font-size: 18pt;\">Putin zase v\u0161echny p\u0159elstil, a tajn\u011b skoupil v\u011bt\u0161inu evropsk\u00fdch n\u00e1mo\u0159n\u00edch tanker\u016f na p\u0159epravu ropy. Te\u010f se hloup\u00fdm Eurokrat\u016fm sm\u011bje!<\/span><\/h2>\n<p>Nejlep\u0161\u00ed ameri\u010dt\u00ed vojensko-politi\u010dt\u00ed analytici o Putinovi r\u00e1di \u0159\u00edkaj\u00ed, \u017ee kl\u00ed\u010dem k jeho pochopen\u00ed, je hled\u011bt na n\u011bj jako na \u0161pi\u010dkov\u00e9ho \u0161achistu, kter\u00fd nep\u0159em\u00fd\u0161l\u00ed o n\u011bkolik des\u00edtek tah\u016f dop\u0159edu, ale o n\u011bkolik \u0161achov\u00fdch parti\u00ed nap\u0159ed. A p\u0159ed p\u00e1r dny se op\u011bt potvrdilo, \u017ee tomu tak je.<\/p>\n<p>Rafinovan\u00fd Putin, jak se zjistilo minul\u00fd t\u00fdden, u\u017e od za\u010d\u00e1tku lo\u0148sk\u00e9ho roku, po cel\u00e9m sv\u011bt\u011b skupoval nov\u00e9 a star\u00e9 tankery na p\u0159epravu ropy. Nejprve\u00a0<a href=\"https:\/\/itfa.org\/russian-shadow-shipping-emerging-new-owners\/\">Putin zalo\u017eil 894<\/a>\u00a0n\u00e1mo\u0159n\u00edch p\u0159epravn\u00edch spole\u010dnost\u00ed specializovan\u00fdch na p\u0159epravu ropy, kter\u00e9 s\u00eddl\u00ed po cel\u00e9m sv\u011bt\u011b, a tak\u0159ka se ned\u00e1 dok\u00e1zat, komu vlastn\u011b pat\u0159\u00ed.<\/p>\n<p>Z\u00e1rove\u0148 za\u010dal Putin po cel\u00e9m sv\u011bt\u011b skupovat v\u0161echny vyroben\u00e9 tankery velikostn\u00edch t\u0159\u00edd\u00a0 SuezMax a AfraMax, kter\u00e9 se pro svou men\u0161\u00ed velikost pou\u017e\u00edvaj\u00ed tak\u0159ka v\u00fdlu\u010dn\u011b v Evropsk\u00fdch, Rusk\u00fdch a Africk\u00fdch p\u0159\u00edstavech, a bez kter\u00fdch nen\u00ed mo\u017en\u00e9 z\u00e1sobovat EU ropou p\u0159es Suezsk\u00fd pr\u016fplav.\u00a0<a href=\"https:\/\/www.merkur.de\/politik\/griechenland-verkauft-schiffe-russland-verdient-vermoegen-zr-92525631.html\">Putin na cen\u00e1ch tanker\u016f ne\u0161kudlil, a ka\u017ed\u00fd p\u0159epravce ropy si hned spo\u010d\u00edtal, \u017ee s Putinem k n\u011bmu p\u0159i\u0161el k\u0161eft stolet\u00ed<\/a>! Nap\u0159\u00edklad \u0159eck\u00fd prodejce tankeru t\u0159\u00eddy AfraMax, kter\u00fd jej p\u0159ed 8 lety koupil za 12 milion\u016f dolar\u016f, jej Putinovi letos st\u0159elil za 35 milion\u016f, a je\u0161t\u011b si rval vlasy, kdy\u017e zjistil, \u017ee Putin se nerozpakuje platit i v\u00edc! Putin jen v \u0158ecku loni nakoupil 125 n\u00e1mo\u0159n\u00edch tanker\u016f za 4 miliardy dolar\u016f, a letos u\u017e dal\u0161\u00edch 97! Podle specializovan\u00fdch spole\u010dnost\u00ed Putin pro sv\u00e9 tajn\u00e9 n\u00e1mo\u0159n\u00ed operace s ropou nakoupil od za\u010d\u00e1tku v\u00e1lky v \u0158ecku 290 tanker\u016f, v \u010c\u00edn\u011b 221, a dal\u0161\u00ed stovky po cel\u00e9m sv\u011bt\u011b. \u010c\u00edsla obvykl\u00fdch ro\u010dn\u00edch prodej\u016f t\u011bchto tanker\u016f za posledn\u00ed desetilet\u00ed dokazuj\u00ed, \u017ee po\u010dty prodan\u00fdch pou\u017e\u00edvan\u00fdch tanker\u016f loni vzrostly o dvojn\u00e1sobek! Putin pr\u00fd tak u\u017e ovl\u00e1d\u00e1 a\u017e 25% n\u00e1mo\u0159n\u00edho trhu s ropou v kategorii mal\u00fdch tanker\u016f SuezMax a AfraMax!<\/p>\n<p>Z\u00e1padn\u00edm analytik\u016fm se poda\u0159ilo malou \u010d\u00e1st t\u011bchto Putinov\u00fdch tajn\u00fdch n\u00e1mo\u0159n\u00edch p\u0159eprav ropy u\u017e odhalit. Mno\u017estv\u00ed takto Putinem na \u010derno, proti sankc\u00edm, rozv\u00e1\u017een\u00e9 ropy je astronomick\u00e9, a jen v minul\u00e9m \u010dtvrtlet\u00ed dos\u00e1hlo 35 milion\u016f barel\u016f. Pro srovn\u00e1n\u00ed,\u00a0<a href=\"https:\/\/en.wikipedia.org\/wiki\/Deadweight_tonnage\">jedn\u00e1 se o polovinu t\u011b\u017eby v\u0161\u00ed ropy ve Venezuele<\/a>, za stejn\u00e9 obdob\u00ed. A Venezuela je 22 nejv\u011bt\u0161\u00ed t\u011b\u017ea\u0159 ropy na sv\u011bt\u011b!<\/p>\n<p><span style=\"font-size: 18pt;\"><strong>Co je na odhalen\u00fdch Putinov\u00fdch tajn\u00fdch n\u00e1mo\u0159n\u00edch p\u0159eprav\u00e1ch ropy nejzaj\u00edmav\u011bj\u0161\u00ed?<\/strong><\/span><\/p>\n<ul>\n<li>45% v\u0161ech t\u011bchto tajn\u00fdch p\u0159eprav Putinovy ropy bylo od dubna do \u010dervence organizov\u00e1no a poji\u0161t\u011bno specializovan\u00fdmi anglick\u00fdmi spole\u010dnostmi v Lond\u00fdn\u011b! (<a href=\"https:\/\/www.spglobal.com\/commodityinsights\/en\/market-insights\/latest-news\/shipping\/091123-russia-oil-in-dark-sts-triples-in-q2-as-western-sanctions-come-into-full-force\">Odkaz<\/a>)<\/li>\n<li>Do tajn\u00fdch p\u0159evoz\u016f rusk\u00e9 ropy se nev\u00e1hali zapojit ani D\u00e1nov\u00e9. Jejich mamut\u00ed glob\u00e1ln\u00ed logistick\u00e1 spole\u010dnost Maersk vozila ruskou ropu tajn\u011b do \u0160pan\u011blska! (<a href=\"https:\/\/www.spglobal.com\/commodityinsights\/en\/market-insights\/latest-news\/shipping\/091123-russia-oil-in-dark-sts-triples-in-q2-as-western-sanctions-come-into-full-force\">Odkaz<\/a>)<\/li>\n<li>Ani \u0158ekov\u00e9 nez\u016fstali pozadu, a jejich zbyl\u00e9 tankery, kter\u00e9 neprodali Putinovi, rozv\u00e1\u017eely embargovanou ruskou ropu jako o \u017eivot! (<a href=\"https:\/\/www.merkur.de\/politik\/griechenland-verkauft-schiffe-russland-verdient-vermoegen-zr-92525631.html\">Odkaz<\/a>)<\/li>\n<li>I tureck\u00fd Erdogan, zn\u00e1m\u00fd, \u017ee nevynech\u00e1 jedinou p\u0159\u00edle\u017eitost, aby Turk\u016fm vyd\u011blal n\u011bjak\u00fd ten dolar nav\u00edc, a nap\u00e1lil p\u0159itom EU. Se letos rychle rozkoukal, a nechal tak\u00e9 nakoupit p\u00e1r p\u0159edra\u017een\u00fdch \u0159eck\u00fdch tanker\u016f, a za\u010dal s nimi p\u0159ev\u00e1\u017eet ruskou ropu z \u010dernomo\u0159sk\u00fdch p\u0159\u00edstav\u016f do Evropy!\u00a0(<a href=\"https:\/\/www.merkur.de\/politik\/griechenland-verkauft-schiffe-russland-verdient-vermoegen-zr-92525631.html\">Odkaz<\/a>)<\/li>\n<li>Poh\u00e1dkov\u00e9 zisky obchodn\u00edk\u016f obch\u00e1zej\u00edc\u00edch evropsk\u00e9 i americk\u00e9 sankce na Rusko jsou tak obrovsk\u00e9, \u017ee se Dubaji, i Hong-Kongu, kde se v\u011bt\u0161ina Gosudarov\u00fdch tajn\u00fdch obchod\u016f sjedn\u00e1v\u00e1 a propl\u00e1c\u00ed, za\u010dalo \u0159\u00edkat \u201cNov\u00e1 \u017deneva\u201d, proto\u017ee \u0161v\u00fdcarsk\u00e1 metropole a jej\u00ed bank\u00e9\u0159i byli zn\u00e1m\u00ed t\u00edm, \u017ee si od za\u010d\u00e1tku druh\u00e9 sv\u011btov\u00e9 v\u00e1lky do konce studen\u00e9 v\u00e1lky nahrabali na tajn\u00fdch obchodech v\u0161ech znep\u0159\u00e1telen\u00fdch stran neuv\u011b\u0159iteln\u00e9 bohatstv\u00ed! (<a href=\"https:\/\/www.merkur.de\/politik\/griechenland-verkauft-schiffe-russland-verdient-vermoegen-zr-92525631.html\">Odkaz<\/a>)<\/li>\n<li>Odkud se berou miliardy dolar\u016f zisk\u016f do kapes Putinov\u00fdm tajn\u00fdm rejda\u0159\u016fm v Lond\u00fdn\u011b, Ath\u00e9n\u00e1ch, Istanbulu, Dubaji a Hong-Kongu, je jasn\u00e9 jako facka \u2013 z kapes prost\u00fdch Evropan\u016f! D\u00edky sankc\u00edm na ruskou ropu ji rafinerie v EU nesm\u011bj\u00ed nakupovat. Jen\u00a0<a href=\"https:\/\/www.politico.eu\/article\/india-has-russia-kremlin-over-crude-oil-barrel\/\">Indie letos vyd\u011blala miliardy dolar\u016f<\/a>\u00a0na dovozu milion\u016f barel\u016f embargovan\u00e9 rusk\u00e9 ropy do sv\u00fdch rafineri\u00ed. V nich se rusk\u00e1 ropa p\u0159i rafinaci zm\u011bn\u00ed na indickou naftu, benz\u00edn a oleje, a ty se odvezou tankery do Evropy. Evropan\u00e9 plat\u00ed jako mourovat\u00ed, proto\u017ee si nesm\u00ed, a\u017e na mal\u00e9 a do\u010dasn\u00e9 v\u00fdjimky kupovat levnou ruskou ropu, ani rusk\u00e9 produkty z n\u00ed. Evropan\u00e9 chudnou, Rusov\u00e9, Indov\u00e9, Arabov\u00e9, \u010c\u00ed\u0148an\u00e9 a Z\u00e1padn\u00ed Globalist\u00e9 a finan\u010dn\u00edci bohatnou! Sankce na Rusko, tak jsou vlastn\u011b jen sankcemi na oby\u010dejn\u00e9 Evropany!<\/li>\n<\/ul>\n<p><span style=\"font-size: 18pt;\"><strong>A bude h\u016f\u0159, v\u010dera bruselsk\u00e1 Ursula, italsk\u00e1 Georgie, a \u0161v\u00e9dsk\u00e1 Ylwa, provedly spole\u010dnou inspekci masy neleg\u00e1ln\u00edch imigrant\u016f na ostrov\u011b Lampedusa. Inspekce m\u011bla typicky pot\u011bmkinovsk\u00fd pr\u016fb\u011bh:<\/strong><\/span><\/p>\n<ol>\n<li><a href=\"https:\/\/www.ansa.it\/sito\/notizie\/politica\/2023\/09\/17\/meloni-da-von-der-leyen-parole-mai-usate-da-ue-su-migranti_51415ff9-f4b9-45aa-a92a-72af315bacca.html\">Nejd\u0159\u00edv se po trase kr\u00e1tk\u00e9 inspekce muselo d\u016fkladn\u011b uklidit<\/a>, aby m\u00e9dia neukazovala na fotk\u00e1ch se t\u0159emi nejvlivn\u011bj\u0161\u00edmi pro-imigra\u010dn\u00edmi politi\u010dkami sou\u010dasn\u00e9 Evropy d\u011bsiv\u00fd bordel a hory odpadk\u016f, kter\u00fdmi neleg\u00e1ln\u00ed imigranti cel\u00fd p\u0159\u00edstav, kde prob\u00edhala inspekce, prom\u011bnili v jednu velkou skl\u00e1dku odpadk\u016f.<\/li>\n<li>Potom, aby se v\u0161echny t\u0159i Eurokratky dostaly auty do p\u0159\u00edstavu, bylo t\u0159eba rozehnat m\u00edstn\u00ed starousedl\u00edky,\u00a0<a href=\"https:\/\/www.ansa.it\/sito\/notizie\/politica\/2023\/09\/17\/meloni-da-von-der-leyen-parole-mai-usate-da-ue-su-migranti_51415ff9-f4b9-45aa-a92a-72af315bacca.html\">kte\u0159\u00ed se je blok\u00e1dou sna\u017eili donutit k diskusi<\/a>\u00a0o d\u016fsledc\u00edch jimi vyvolan\u00e9 neleg\u00e1ln\u00ed imigrace!<\/li>\n<li>A nakonec, v p\u0159\u00edstavu, za\u010daly v\u0161echny t\u0159i n\u00e1v\u0161t\u011bvnice sborem do p\u0159ipraven\u00fdch kamer halekat pomaten\u00e1 hesla, jak se chystaj\u00ed neleg\u00e1ln\u00ed imigraci 6000 Afri\u010dan\u016f denn\u011b zastavit!<\/li>\n<\/ol>\n<p><span style=\"font-size: 18pt;\"><strong>Co mil\u00e9 d\u00e1my v\u010dera na ostrov\u011b Lampedusa vytroubily do sv\u011bta, vejde do d\u011bjin:<\/strong><\/span><\/p>\n<ol>\n<li><em>K zastaven\u00ed ileg\u00e1ln\u00ed imigrace do Evropy vede jedin\u00e1 cesta. A to vytvo\u0159it masivn\u00ed koridory pro leg\u00e1ln\u00ed imigraci do Evropy<\/em>!\u00a0<em>A ty rychle vytvo\u0159\u00edme, abychom p\u0159elstily pa\u0161er\u00e1ky<\/em>!\u00a0 (<a href=\"https:\/\/ec.europa.eu\/commission\/presscorner\/detail\/en\/STATEMENT_23_4502\">Viz bod 8 vyhl\u00e1\u0161en\u00ed<\/a>.) Ka\u017ed\u00fd norm\u00e1ln\u011b mysl\u00edc\u00ed \u010dlov\u011bk snadno pochop\u00ed, \u017ee leg\u00e1ln\u00ed imigrant \u2013 se mus\u00ed vyzna\u010dovat vzd\u011bl\u00e1n\u00edm, znalost\u00ed jazyka, \u010dist\u00fdm trestn\u00edm rejst\u0159\u00edkem, chut\u00ed pracovat, a nesm\u00ed b\u00fdt v\u00e1\u017en\u011b du\u0161evn\u011b nemocen, aby zn\u00e1sil\u0148oval a vra\u017edil, a m\u011bl by poch\u00e1zet z \u201cnebezpe\u010dn\u00e9 zem\u011b\u201d. Proto\u017ee zna\u010dn\u00e1 \u010d\u00e1st ileg\u00e1ln\u00edch imigrant\u016f n\u011bkterou z t\u011bchto podm\u00ednek evidentn\u011b nespl\u0148uje, proto\u017ee se je chyst\u00e1 Ursula vyhostit, je z\u0159ejm\u00e9, \u017ee ileg\u00e1ln\u00ed imigraci opat\u0159en\u00ed z Lampedusy nejen nesn\u00ed\u017e\u00ed, ale jen otev\u0159e br\u00e1ny pro dal\u0161\u00ed masu leg\u00e1ln\u00edch imigrant\u016f, kte\u0159\u00ed zaval\u00ed Evropu! Byty tak budou je\u0161t\u011b dra\u017e\u0161\u00ed, a d\u011bt\u00ed se bude rodit je\u0161t\u011b m\u00e9n\u011b!\u00a0<a href=\"https:\/\/www.statista.com\/statistics\/612074\/fertility-rates-in-european-countries\/\">Podle t\u00e9to statistiky<\/a>\u00a0je z\u0159ejm\u00e9, \u017ee jedin\u00e1 zem\u011b v Evrop\u011b, kter\u00e1 dosahuje p\u0159irozen\u00e9 reprodukce obyvatel plozen\u00edm, je zem\u011b milion\u00e1\u0159\u016f Monako! V\u0161echny ostatn\u00ed zem\u011b EU se od vyhl\u00e1\u0161en\u00ed sankc\u00ed, zp\u016fsoben\u00ed drahoty, a od za\u010d\u00e1tku druh\u00e9 vlny masov\u00e9 imigrace, propadaj\u00ed hluboko pod hranici p\u0159irozen\u00e9 reprodukce, na 50 a\u017e 80% pot\u0159ebn\u00fdch porod\u016f! Podle prost\u00e9 rovnice: nejsou byty + nejsou pen\u00edze + do zem\u011b p\u0159i\u0161la zna\u010dn\u00e1 \u010d\u00e1st imigrant\u016f = nejsou po\u010d\u00edn\u00e1ny d\u011bti! Tato rovnice plat\u00ed i pro rodiny imigrant\u016f, kte\u0159\u00ed pracuj\u00ed! I oni se rychle st\u00e1vaj\u00ed ob\u011bt\u00ed drahoty.<\/li>\n<li><em>Zv\u00fd\u0161\u00edme na\u0161i podporu p\u0159esunu imigrant\u016f z Lampedusy. Vyz\u00fdv\u00e1me ostatn\u00ed \u010dlensk\u00e9 st\u00e1ty EU, aby vyu\u017eily dobrovoln\u00fd mechanismus solidarity, a p\u0159em\u00edstily imigranty z It\u00e1lie na sv\u00e1 \u00fazem\u00ed! Komise EU chce usnadnit p\u0159esun lid\u00ed p\u0159iplouvaj\u00edc\u00edch na Lampedusu \u2013 kte\u0159\u00ed jsou obvykle odvezeni na lod\u00edch na Sic\u00edlii nebo italsk\u00fd kontinent \u2013<a href=\"https:\/\/fr.euronews.com\/2023\/09\/17\/migrants-a-lampedusa-ursula-von-der-leyen-et-giorgia-meloni-sont-arrivees-sur-lile\">\u00a0\u200b\u200ba to i do jin\u00fdch evropsk\u00fdch zem\u00ed<\/a>.\u00a0<\/em>Cel\u00fd pl\u00e1n naraz\u00ed na tich\u00fd odpor, proto\u017ee Raku\u0161an\u016fv pakt,<a href=\"https:\/\/www.michalapetr.com\/map-1776-berlin-vcera-nad-evropou-vyhlasil-nemecky-pakt-a-nemecti-politici-zacali-ihned-hromadne-jasat-cesko-i-slovensko-tak-opet-cekaji-chmurne-casy\/\">\u00a0kter\u00fd umo\u017e\u0148uje Bruselu imigranty pos\u00edlat do libovoln\u00e9 zem\u011b EU<\/a>, mus\u00ed b\u00fdt je\u0161t\u011b schv\u00e1len posledn\u00ed instituc\u00ed \u2013 Parlamentem EU! 13 zem\u00ed EU se letos od \u010dervna do srpna podle reloka\u010dn\u00edch pravidel dobrovoln\u011b zav\u00e1zalo z It\u00e1lie odebrat 8 289 ileg\u00e1ln\u00edch imigrant\u016f. Akce zkrachovala.\u00a0<a href=\"https:\/\/www.ansa.it\/sito\/notizie\/cronaca\/2023\/09\/13\/su-4mila-richieste-a-ue-solo-22-migranti-via-dallitalia_2302e1c2-1d34-412e-9cd2-d8599e29df1d.html\">Bylo p\u0159em\u00edst\u011bno pouze 1 159 imigrant\u016f<\/a>! It\u00e1lie m\u011bla za stejn\u00e9 obdob\u00ed odebrat ze zem\u00ed EU 23 220 imigrant\u016f, kte\u0159\u00ed podle Dublinsk\u00fdch pravidel pat\u0159\u00ed do It\u00e1lie, proto\u017ee tam byli registrov\u00e1ni, a odtud utekli.\u00a0<a href=\"https:\/\/www.ansa.it\/sito\/notizie\/cronaca\/2023\/09\/13\/su-4mila-richieste-a-ue-solo-22-migranti-via-dallitalia_2302e1c2-1d34-412e-9cd2-d8599e29df1d.html\">It\u00e1lie odebrala jen 22 za cel\u00fd leto\u0161n\u00ed rok<\/a>. V\u010dera vysok\u00e1 italsk\u00e1 politi\u010dka\u00a0<a href=\"https:\/\/it.wikipedia.org\/wiki\/Elly_Schlein\">Elly Schlein\u00a0<\/a>vyzvala<a href=\"https:\/\/www.ansa.it\/sito\/notizie\/politica\/2023\/09\/17\/meloni-da-von-der-leyen-parole-mai-usate-da-ue-su-migranti_51415ff9-f4b9-45aa-a92a-72af315bacca.html\">\u00a0k opu\u0161t\u011bn\u00ed dublinsk\u00fdch imigra\u010dn\u00edch pravidel, a jejich nahrazen\u00ed de facto Raku\u0161anov\u00fdm paktem o spravedliv\u00e9m rozd\u011blov\u00e1n\u00ed imigrant\u016f po cel\u00e9 EU<\/a>.\u00a0<a href=\"https:\/\/www.michalapetr.com\/map-1776-berlin-vcera-nad-evropou-vyhlasil-nemecky-pakt-a-nemecti-politici-zacali-ihned-hromadne-jasat-cesko-i-slovensko-tak-opet-cekaji-chmurne-casy\/\">Stejn\u011b vyzval u\u017e 6. z\u00e1\u0159\u00ed evropsk\u00e9 poslance<\/a>\u00a0i Manfred Weber, kter\u00fd stoj\u00ed v \u010dele nejmocn\u011bj\u0161\u00ed celo-evropsk\u00e9 politick\u00e9 politick\u00e9 lobby EPP,\u00a0<a href=\"https:\/\/en.wikipedia.org\/wiki\/European_People%27s_Party_Group\">se \u010dleny TOP-09, STAN, a KD\u00da-\u010cSL<\/a>. Tak\u00e9 bruselsk\u00e1 Ursula je v\u011brnou \u010dlenkou EPP!<\/li>\n<li>Snad nejkomi\u010dt\u011bj\u0161\u00ed \u010d\u00e1st pl\u00e1nu, kter\u00fd v\u010dera vyhl\u00e1sila Ursula, obsahuje ozn\u00e1men\u00ed pl\u00e1nu na ni\u010den\u00ed pa\u0161er\u00e1ck\u00fdch lod\u00ed, aby u\u017e nemohly pa\u0161ovat imigranty! Jen\u017ee v\u0161echny ze t\u0159\u00ed verz\u00ed na\u0159\u00edzen\u00ed \u2013 Italsk\u00e1, N\u011bmeck\u00e1 a Anglick\u00e1, jsou naprosto protich\u016fdn\u00e9, a dohromady nesmysln\u00e9. \u010ceskou ani Slovenskou verzi vyhl\u00e1\u0161en\u00ed se Brusel v\u010dera je\u0161t\u011b ner\u00e1\u010dil ani vydat!\u00a0 (la distruzione delle imbarcazioni usate dagli scafisti \u2013\u00a0<a href=\"https:\/\/www.ansa.it\/sito\/notizie\/politica\/2023\/09\/17\/meloni-da-von-der-leyen-parole-mai-usate-da-ue-su-migranti_51415ff9-f4b9-45aa-a92a-72af315bacca.html\">podle italsk\u00e9 st\u00e1tn\u00ed agentury ANSA<\/a>!) Ofici\u00e1ln\u00ed v\u010derej\u0161\u00ed ozn\u00e1men\u00ed bruselsk\u00e9 komise jde je\u0161t\u011b d\u00e1l, a oznamuje \u2013\u00a0<em>Podnikneme akce proti pa\u0161er\u00e1ck\u00e9 logistice, a zajist\u00edme zni\u010den\u00ed ztracen\u00fdch a opraven\u00fdch pa\u0161er\u00e1ck\u00fdch lod\u00ed a \u010dlun\u016f<\/em>! (V origin\u00e1le anglick\u00e9ho ozn\u00e1men\u00ed komise Ursula toti\u017e pou\u017eila slova\u00a0<em><a href=\"https:\/\/ec.europa.eu\/commission\/presscorner\/detail\/en\/STATEMENT_23_4502\">destruction of recuperated boats and dinghies<\/a>,\u00a0<\/em>ale tento v\u00fdraz je dvojsmysln\u00fd, proto\u017ee ni\u010den\u00e9 \u010dluny maj\u00ed b\u00fdt bu\u010f pa\u0161er\u00e1ky ztracen\u00e9, a nebo pa\u0161er\u00e1ky opraven\u00e9<em>.\u00a0<\/em>N\u011bmeck\u00fd text naopak obsahuje term\u00edn\u00a0<a href=\"https:\/\/ec.europa.eu\/commission\/presscorner\/detail\/de\/STATEMENT_23_4502\"><em>Vernichtung von\u00a0<\/em><\/a><em>sichergestellten Booten,\u00a0<\/em>kter\u00fd jednozna\u010dn\u011b na\u0159izuje evropsk\u00fdm \u00fa\u0159ad\u016fm zni\u010dit pouze ty \u010dluny, kter\u00e9 se jim poda\u0159\u00ed p\u0159ed zni\u010den\u00edm zajistit!) Jak vid\u00edte Brusel na\u0159izuje v Ital\u0161tin\u011b, zni\u010den\u00ed v\u0161ech pa\u0161er\u00e1ck\u00fdch \u010dlun\u016f. V Angli\u010dtin\u011b zni\u010den\u00ed bu\u010f ztracen\u00fdch pa\u0161er\u00e1ck\u00fdch \u010dlun\u016f, a nebo opraven\u00fdch \u010dlun\u016f pa\u0161er\u00e1ky. A v N\u011bm\u010din\u011b zni\u010den\u00ed pouze zabaven\u00fdch pa\u0161er\u00e1ck\u00fdch \u010dlun\u016f! P\u0159ipom\u00edn\u00e1 mi to bitvu mezi arm\u00e1dou CK mocn\u00e1\u0159e a arm\u00e1dou posledn\u00edho rusk\u00e9ho Imper\u00e1tora o m\u011bsto Lvov. M\u00edstn\u00ed CK velitelstv\u00ed vyd\u00e1valo rozkazy sv\u00fdm vojsk\u016fm ve 27 jazyc\u00edch, kde\u017eto Rusov\u00e9 v Ru\u0161tin\u011b, a na nejvy\u0161\u0161\u00edm stupni ve Francouz\u0161tin\u011b, aby se \u017e\u00e1dn\u00fd gener\u00e1l nemohl vymlouvat, \u017ee rozkazu nerozum\u011bl. Obdobn\u011b ve Francouz\u0161tin\u011b se velelo ve stejn\u00e9 dob\u011b i na nejvy\u0161\u0161\u00edch stupn\u00edch prusk\u00e9 arm\u00e1dy, proto\u017ee si Bavo\u0159i, Prusov\u00e9 a dal\u0161\u00ed n\u011bmeck\u00e9 n\u00e1rody vykl\u00e1daly N\u011bm\u010dinu ka\u017ed\u00fd po sv\u00e9m, a hlavn\u011b jak se jim to hodilo! Brusel je prost\u011b Babylon, kter\u00fd v ka\u017ed\u00e9m jazyce na\u0159izuje jin\u00fd postup! O bitv\u011b o Lvov na za\u010d\u00e1tku 1. sv\u011btov\u00e9 v\u00e1lky se s posm\u011b\u0161n\u011b \u0159\u00edk\u00e1, \u017ee kdy\u017e CK p\u0159ekladatel\u00e9 kone\u010dn\u011b p\u0159elo\u017eily v\u0161echny rozkazy, CK arm\u00e1da se poslu\u0161n\u011b roze\u0161la v\u0161emi sm\u011bry, a zm\u00e1tla rusk\u00e9 gener\u00e1ly tak dokonale, \u017ee pr\u00e1zdn\u00e9 m\u011bsto rad\u011bji neobsadili, proto\u017ee v tom CK man\u00e9vru \u010duli n\u011bjakou \u010dertovinu!<\/li>\n<li>Von der Leyen, Meloni a Johansson v\u010dera ozn\u00e1mily, \u017ee EU podnikne akce proti pa\u0161er\u00e1ck\u00e9 logistice! Salvini a Le Pen, v\u010dera v severn\u00ed It\u00e1lii ozn\u00e1mili p\u0159ed 100 tis\u00edci sv\u00fdmi p\u0159\u00edvr\u017eenci, \u017ee zah\u00e1j\u00ed Blok\u00e1du p\u0159\u00edstav\u016f proti pa\u0161ov\u00e1n\u00ed imigrant\u016f!\u00a0<a href=\"https:\/\/www.repubblica.it\/politica\/2023\/09\/17\/news\/pontida_salvini_marine_le_pen_zaia_lega-414791025\/\">V It\u00e1lii se \u0159\u00edk\u00e1<\/a>, \u017ee Meloni pozvala Ursulu i Ilwu na Lampedusu, aby zast\u00ednila vyhl\u00e1\u0161en\u00ed blok\u00e1dy p\u0159\u00edstav\u016f p\u0159ed imigranty Le Pen a Salvini ve stejn\u00fd den. Meloni prov\u00e1d\u00ed v It\u00e1lii ost\u0159e protilidovou politiku ve prosp\u011bch bank\u00e9\u0159\u016f a finan\u010dn\u00edk\u016f, a p\u0159es slib zastaven\u00ed Imigrace, a vyplacen\u00ed tu\u010dn\u00fdch dar\u016f klice vl\u00e1dnouc\u00edho tunisk\u00e9ho dikt\u00e1tora, imigrace den za dnem trh\u00e1 dal\u0161\u00ed rekordy! Salvini za\u010dmuchal \u0161anci pos\u00edlit na \u00fakor Meloni,\u00a0<a href=\"https:\/\/www.politico.eu\/europe-poll-of-polls\/italy\/\">co\u017e se mu p\u0159es l\u00e9to zat\u00edm neda\u0159\u00ed<\/a>,\u00a0 ale v p\u0159\u00ed\u0161t\u00edch volb\u00e1ch do parlamentu EU by se to mohlo d\u00edky protiimigra\u010dn\u00ed r\u00e9torice poda\u0159it, a to by mohlo znamenat nedostatek hlas\u016f pro Ursulu, a mo\u017en\u00e9 p\u0159esuny na italsk\u00e9 sc\u00e9n\u011b!<\/li>\n<li>Samotn\u00e9 pl\u00e1ny na ni\u010den\u00ed pa\u0161er\u00e1ck\u00fdch lod\u00ed a akce proti pa\u0161er\u00e1ck\u00e9 logistice jsou nejasn\u00e9, stejn\u011b jako blok\u00e1da p\u0159\u00edstav\u016f p\u0159ed pa\u0161ov\u00e1n\u00edm imigrant\u016f. V \u010cesku byl za podobn\u00e9 pl\u00e1ny, by\u0165 ost\u0159e formulovan\u00e9, a p\u0159edpokl\u00e1daj\u00edc\u00ed pot\u00e1p\u011bn\u00ed lod\u00ed s imigranty, aby se utopili,\u00a0\u00a0<a href=\"https:\/\/www.sosp.cz\/wp-content\/uploads\/Kraft-RozsudekOdv.pdf\">odsouzen Michal Kraft<\/a>, asistent poslance Foldyny. Pl\u00e1ny Ursuly, Meloni a Johansson, stejn\u011b jako pl\u00e1ny Salviniho a Le Pen, nehovo\u0159\u00ed jasn\u011b, jak\u00fdmi prost\u0159edky, a za jak\u00fdch podm\u00ednek, m\u00e1 b\u00fdt c\u00edl\u016f zni\u010den\u00ed pa\u0161er\u00e1ck\u00fdch lod\u00ed, rozvr\u00e1cen\u00ed pa\u0161er\u00e1ck\u00e9 logistiky, a blok\u00e1dy p\u0159\u00edstav\u016f, dosa\u017eeno. Obecn\u011b plat\u00ed, \u017ee logistika tunisk\u00fdch pa\u0161er\u00e1k\u016f prob\u00edh\u00e1 v Africe, a \u010dluny pro Africk\u00e9 imigranty nearabsk\u00e9ho p\u016fvodu se sva\u0159uj\u00ed p\u0159\u00edmo na pl\u00e1\u017e\u00edch a v mal\u00fdch p\u0159\u00edstavech na pob\u0159e\u017e\u00ed St\u0159edozemn\u00edho mo\u0159e. Prov\u00e1d\u011bt n\u011bjak\u00e9 akce proti t\u011bmto c\u00edl\u016fm, tak nutn\u011b znamen\u00e1 vysl\u00e1n\u00ed vojsk, a nebo siln\u00fdch policejn\u00edch jednotek na ciz\u00ed \u00fazem\u00ed, a plavbu v teritori\u00e1ln\u00edch vod\u00e1ch Tunisu. Uplatit tuniskou vl\u00e1dnouc\u00ed kliku, aby proti pa\u0161er\u00e1k\u016f \u00fa\u010dinn\u011b zas\u00e1hla, bude t\u011b\u017ek\u00e9, proto\u017ee vl\u00e1da se dr\u017e\u00ed z posledn\u00edch sil, a bohat\u00ed pa\u0161er\u00e1ci, kte\u0159\u00ed maj\u00ed dobr\u00e9 kontakty, jak na d\u017eih\u00e1disty, tak na Putinova vojska rozm\u00edst\u011bn\u00e1 pod rou\u0161kou b\u00fdval\u00fdch kucha\u0159\u016f po velk\u00e9 \u010d\u00e1sti severn\u00ed Afriky, by snadno mohli rozpoutat nepokoje. Tunisko je p\u0159etopen\u00fd Papin\u016fv hrnec a ka\u017edou chv\u00edli m\u016f\u017ee explodovat. Jak\u00fdkoli ozbrojen\u00fd z\u00e1sah pod hlavi\u010dkou EU proti pa\u0161er\u00e1k\u016fm zbav\u00ed zna\u010dnou \u010d\u00e1st Tunisan\u016f p\u0159\u00edjm\u016f ze stavby lod\u00ed, p\u0159ev\u00e1\u017een\u00ed imigrant\u016f, a dal\u0161\u00edch obchod\u016f. I mal\u00fd \u00fatok b\u00fdval\u00fdch koloni\u00e1ln\u00edch mocnost\u00ed proti Tunisu se m\u016f\u017ee st\u00e1t pov\u011bstnou jiskrou, kter\u00e1 op\u011bt za\u017eehne Arabsk\u00e9 bou\u0159e, vyprovokovan\u00e9 p\u0159ed lety naivn\u00ed politikou Obamy. Pokud tento sc\u00e9n\u00e1\u0159 nastane, a \u0159ada analytik\u016f se ho ob\u00e1v\u00e1, m\u016f\u017ee doj\u00edt k mnohem v\u011bt\u0161\u00ed vln\u011b imigrant\u016f, ne\u017e v letech 2015-16! Zku\u0161enosti v\u0161ak ukazuj\u00ed, \u017ee Bruxelae st\u00e1le hlasit\u011b kd\u00e1k\u00e1, ale nikdy nic, co by ne\u0161kodilo Evropan\u016fm, neuskute\u010dn\u00ed. Ostatn\u011b pr\u00e1v\u011b proto soud\u00edm, \u017ee Bruxeale mus\u00ed b\u00fdt zni\u010deno, je\u0161t\u011b ne\u017e n\u00e1s zni\u010d\u00ed! Proto cho\u010fte k volb\u00e1m, \u00fa\u010dastn\u011bte se demonstrac\u00ed, a hlavn\u011b se sta\u0148te nov\u00fdmi politiky, a\u017e na p\u00e1r ti dne\u0161n\u00ed, zat\u00edm na sv\u016fj \u00fakol zajistit \u010cR bezpe\u010dnost a blahobyt a modern\u00ed ekonomiku evidentn\u011b nesta\u010d\u00ed! Mus\u00edte je nahradit sami!<\/li>\n<li>Kdy\u017e v p\u0159\u00ed\u0161t\u00edch Eurovolb\u00e1ch zv\u00edt\u011bz\u00ed p\u0159\u00edznivci imigrace, m\u016f\u017ee to v \u010cR rychle dopadnou jako ve \u0160v\u00e9dsku. Tam minulou st\u0159edu \u0161\u00e9f policie Anders Thornberg ozn\u00e1mil,\u00a0<a href=\"https:\/\/www.magyarhirlap.hu\/kulfold\/20230913-sved-rendorseg-peldanelkuli-veres-bandahaboru-zajlik-az-orszagban\"><em>\u017ee ve \u0160v\u00e9dsku se nyn\u00ed odehr\u00e1v\u00e1 bezprecedentn\u00ed, krvav\u00e1 v\u00e1lka gang\u016f a vlna z\u00fa\u010dtov\u00e1n\u00ed.<\/em><\/a>\u00a0Thornberg tak reagoval na p\u0159est\u0159elky, a bombov\u00e9 atent\u00e1ty, kter\u00e9 jen b\u011bhem minul\u00e9ho t\u00fddne zabili, a nebo t\u011b\u017ece zranili n\u011bkolik nevinn\u00fdch lid\u00ed! P\u0159esto \u017ee nov\u00e1 \u0161v\u00e9dsk\u00e1 vl\u00e1da p\u0159ed volbami sl\u00edbila, \u017ee n\u00e1sil\u00ed imigrantsk\u00fdch gang\u016f ukon\u010d\u00ed, po roce je jasn\u00e9,\u00a0<a href=\"https:\/\/rmx.news\/sweden\/sweden-hit-with-wave-of-shootings-national-police-chief-warns-of-unprecedented-level-of-gang-warfare\/\">\u017ee vl\u00e1da op\u011bt selhal<\/a>a, a \u00fatoky st\u0159elnou zbran\u00ed a bombov\u00e9 atent\u00e1ty jen rostou. \u0160v\u00e9dsko se d\u00edky sv\u00e9 imigra\u010dn\u00ed politice stalo nejnebezpe\u010dn\u011bj\u0161\u00ed zem\u00ed v Evrop\u011b! Je tak na V\u00e1s jestli chcete opakovat \u0160v\u00e9dsk\u00fd omyl!<\/li>\n<\/ol>\n<p>(<a href=\"https:\/\/en.wikipedia.org\/wiki\/Deadweight_tonnage\">Odkaz pro p\u0159epo\u010det kapacity tankeru DWT na po\u010det barel\u016f ropy<\/a>.)<\/p>\n<p><a href=\"https:\/\/www.michalapetr.com\/map-1786-putin-zase-vsechny-prelstil-a-tajne-skoupil-vetsinu-evropskych-namornich-tankeru-na-prepravu-ropy-ted-se-hloupym-eurokratum-smeje\/\">Michael Svato\u0161<\/a><\/p>\n<p><img decoding=\"async\" loading=\"lazy\" class=\"alignnone size-full wp-image-27204\" src=\"http:\/\/www.infokuryr.cz\/n\/wp-content\/uploads\/2023\/05\/Michael_Svatos.png\" alt=\"\" width=\"180\" height=\"180\" srcset=\"https:\/\/www.infokuryr.cz\/n\/wp-content\/uploads\/2023\/05\/Michael_Svatos.png 180w, https:\/\/www.infokuryr.cz\/n\/wp-content\/uploads\/2023\/05\/Michael_Svatos-150x150.png 150w\" sizes=\"(max-width: 180px) 100vw, 180px\" \/><\/p>\n<p>&nbsp;<\/p>\n<p><a href=\"https:\/\/stranapro.cz\/\"><img decoding=\"async\" loading=\"lazy\" class=\"wp-image-30218 aligncenter\" src=\"http:\/\/www.infokuryr.cz\/n\/wp-content\/uploads\/2023\/06\/PRO-banner-300x36.png\" alt=\"\" width=\"1358\" height=\"163\" srcset=\"https:\/\/www.infokuryr.cz\/n\/wp-content\/uploads\/2023\/06\/PRO-banner-300x36.png 300w, https:\/\/www.infokuryr.cz\/n\/wp-content\/uploads\/2023\/06\/PRO-banner-768x93.png 768w, https:\/\/www.infokuryr.cz\/n\/wp-content\/uploads\/2023\/06\/PRO-banner.png 849w\" sizes=\"(max-width: 1358px) 100vw, 1358px\" \/><\/a><\/p>\n<p>&nbsp;<\/p>\n<p>&nbsp;<\/p>\n<p>&nbsp;<\/p>\n","protected":false},"excerpt":{"rendered":"<p>Putin zase v\u0161echny p\u0159elstil, a tajn\u011b skoupil v\u011bt\u0161inu evropsk\u00fdch n\u00e1mo\u0159n\u00edch tanker\u016f na p\u0159epravu ropy. Te\u010f&#8230;<\/p>\n","protected":false},"author":2,"featured_media":8638,"comment_status":"closed","ping_status":"closed","sticky":false,"template":"","format":"standard","meta":[],"categories":[6],"tags":[1042,41,1095,102,310,979],"_links":{"self":[{"href":"https:\/\/www.infokuryr.cz\/n\/wp-json\/wp\/v2\/posts\/36475"}],"collection":[{"href":"https:\/\/www.infokuryr.cz\/n\/wp-json\/wp\/v2\/posts"}],"about":[{"href":"https:\/\/www.infokuryr.cz\/n\/wp-json\/wp\/v2\/types\/post"}],"author":[{"embeddable":true,"href":"https:\/\/www.infokuryr.cz\/n\/wp-json\/wp\/v2\/users\/2"}],"replies":[{"embeddable":true,"href":"https:\/\/www.infokuryr.cz\/n\/wp-json\/wp\/v2\/comments?post=36475"}],"version-history":[{"count":0,"href":"https:\/\/www.infokuryr.cz\/n\/wp-json\/wp\/v2\/posts\/36475\/revisions"}],"wp:featuredmedia":[{"embeddable":true,"href":"https:\/\/www.infokuryr.cz\/n\/wp-json\/wp\/v2\/media\/8638"}],"wp:attachment":[{"href":"https:\/\/www.infokuryr.cz\/n\/wp-json\/wp\/v2\/media?parent=36475"}],"wp:term":[{"taxonomy":"category","embeddable":true,"href":"https:\/\/www.infokuryr.cz\/n\/wp-json\/wp\/v2\/categories?post=36475"},{"taxonomy":"post_tag","embeddable":true,"href":"https:\/\/www.infokuryr.cz\/n\/wp-json\/wp\/v2\/tags?post=36475"}],"curies":[{"name":"wp","href":"https:\/\/api.w.org\/{rel}","templated":true}]}}