{"id":36474,"date":"2023-09-18T08:34:42","date_gmt":"2023-09-18T06:34:42","guid":{"rendered":"http:\/\/www.infokuryr.cz\/n\/?p=36474"},"modified":"2023-09-18T08:34:42","modified_gmt":"2023-09-18T06:34:42","slug":"pavel-havelka-pohled-demonstrujiciho-dezolata","status":"publish","type":"post","link":"https:\/\/www.infokuryr.cz\/n\/2023\/09\/18\/pavel-havelka-pohled-demonstrujiciho-dezolata\/","title":{"rendered":"Pavel Havelka: Pohled demonstruj\u00edc\u00edho dezol\u00e1ta"},"content":{"rendered":"<div id=\"fb-root\"><\/div>\n<section class=\"perex\">B\u011bhem tohoto roku prob\u011bhly a budou prob\u00edhat dal\u0161\u00ed demonstrace nespokojen\u00fdch ob\u010dan\u016f na V\u00e1clavsk\u00e9m n\u00e1m\u011bst\u00ed i jinde. N\u011bkte\u0159\u00ed novin\u00e1\u0159i a politici naz\u00fdvaj\u00ed tyto demonstrace demonstrac\u00ed dezol\u00e1t\u016f a maj\u00ed v mainstreamov\u00fdch m\u00e9di\u00edch negativn\u00ed dozvuk. Mezi \u201edezol\u00e1ty\u201c jsem byl i j\u00e1 a r\u00e1d bych napsal, jak situaci vid\u00edm, co tato m\u00e9dia nenapsala a nikdy nenap\u00ed\u0161\u00ed. Bylo t\u011b\u017ek\u00e9 shrnout v\u0161e hlavn\u00ed do jednoho \u010dl\u00e1nku. Jeho \u010dten\u00ed nemus\u00ed b\u00fdt v\u0161em p\u0159\u00edjemn\u00e9. Pravda sice bol\u00ed, ale tak\u00e9 l\u00e9\u010d\u00ed. V tomto p\u0159\u00edpad\u011b jde o l\u00e9\u010den\u00ed na\u0161\u00ed budoucnosti.<\/p>\n<\/section>\n<section class=\"clanek-obsah\">\n<h2>a) Jedna povolen\u00e1 pravda jako projev demokracie?<\/h2>\n<p>Od za\u010d\u00e1tku covidu byli v\u0161ichni, kte\u0159\u00ed si dovolili odklonit se od ofici\u00e1ln\u00edho postoje, ozna\u010dov\u00e1ni za hlup\u00e1ky a \u0161kodnou (nap\u0159. Ji\u0159\u00ed Beran). Nebylo mo\u017en\u00e9 zpochyb\u0148ovat o\u010dkov\u00e1n\u00ed nebo no\u0161en\u00ed rou\u0161ek v lese. Pot\u00e9 nastala invaze Ruska na Ukrajinu. Op\u011bt byli v\u0161ichni, kte\u0159\u00ed si dovolili pochybovat o ofici\u00e1ln\u00edm pohledu na konflikt, ozna\u010dov\u00e1n\u00ed r\u016fzn\u00fdmi n\u00e1lepkami. Jde nap\u0159\u00edklad o Petra Drul\u00e1ka, kter\u00fd popisoval a popisuje konflikt bez ideologie. Dovolil si vyp\u00edchnout, \u017ee z\u00e1jmy na\u0161ich spojenc\u016f a na\u0161eho st\u00e1tu se ob\u010das li\u0161\u00ed. Projevem demokracie je voln\u00e1 demokratick\u00e1 diskuze, proto\u017ee z n\u00ed vzejde nejlep\u0161\u00ed rozhodnut\u00ed. Novin\u00e1\u0159i \u010dasto aktivn\u011b \u00fato\u010d\u00ed na lidi, kte\u0159\u00ed se od \u201ejedin\u00e9\u201c pravdy odch\u00fdl\u00ed a t\u00edm blokuj\u00ed volnou diskuzi. V\u00fdsledkem je prost\u0159ed\u00ed, kdy se p\u0159\u00e1tel\u00e9 p\u0159est\u00e1vaj\u00ed p\u0159\u00e1telit jen proto, \u017ee maj\u00ed jin\u00fd n\u00e1zor. D\u011bti vyhro\u017euj\u00ed sv\u00fdm rodi\u010d\u016fm, \u017ee je p\u0159estanou nav\u0161t\u011bvovat, jestli\u017ee hod\u00ed hlas Babi\u0161ovi v prezidentsk\u00e9 volb\u011b. P\u0159es \u201etlamu\u201c dostanou n\u011bkdy i ne\u017eiv\u00e9 bytosti. Nap\u0159\u00edklad Amnesty International si dovolila upozornit, \u017ee ukrajinsk\u00e1 arm\u00e1da pou\u017e\u00edv\u00e1 Ukrajince jako \u017eiv\u00e9 \u0161t\u00edty, dostala do \u201edr\u017eky\u201c a p\u0159\u00ed\u0161t\u011b si d\u00e1 pozor.<\/p>\n<h2>b) U\u017eite\u010dn\u00fd idiot je st\u00e1le idiot<\/h2>\n<p>Za minul\u00e9ho re\u017eimu jsme byli satelity Sov\u011btsk\u00e9ho Svazu. Tedy ofici\u00e1ln\u011b v\u0161e, co p\u0159i\u0161lo z V\u00fdchodu bylo v po\u0159\u00e1dku a v\u0161e ze Z\u00e1padu \u0161patn\u011b. Dnes se op\u011bt stejn\u00e9, jenom strany se oto\u010dily. Ikonou tohoto obratu je nov\u011b zvolen\u00fd prezident. Nov\u00e9 ideologie p\u0159ich\u00e1zej\u00edc\u00ed ze Z\u00e1padu jsou v po\u0159\u00e1dku, v\u00e1lky veden\u00e9 na\u0161imi spojenci tak\u00e9. Ve v\u0161ech oblastech \u017eivota se pod\u0159izujeme postoj\u016fm a z\u00e1jm\u016fm na\u0161ich spojenc\u016f \u2013 \u010dasto na \u00fakor na\u0161ich z\u00e1jm\u016f. Na to poukazuj\u00ed lid\u00e9 jako Ilona \u0160vihl\u00edvkov\u00e1, Andor \u0160\u00e1ndor, Petru Drul\u00e1k, Erik Best a dal\u0161\u00ed. Jak\u00e9koli (i pravdiv\u00e9 argumenty) novin\u00e1\u0159i st\u00edraj\u00ed t\u00edm, \u017ee slou\u017e\u00edte Putinovi \u010di podobn\u00fdmi neargumenty. M\u00e9dia aktivn\u011b formuj\u00ed \u010dten\u00e1\u0159e tak, aby m\u011bly postoje a chov\u00e1n\u00ed u\u017eite\u010dn\u00e9 pro na\u0161e spojence, ale u\u017e ne pro n\u011b samotn\u00e9 \u010di pro jejich d\u011bti. Jsou m\u00e9dia st\u00e1le hl\u00eddac\u00ed psi demokracie, nebo sp\u00ed\u0161 ov\u010d\u00e1\u010dt\u00ed psi trhaj\u00edc\u00ed ovce na pastv\u011b? Maskotem t\u00e9to kapitoly je pan Mitrofanov. Doporu\u010duji \u010dten\u00e1\u0159\u016fm, aby si zjistili, co tento p\u00e1n d\u011blal p\u0159ed cink\u00e1n\u00edm kl\u00ed\u010d\u016f.<\/p>\n<h2>c) Neziskovky nikdo nevolil<\/h2>\n<p>V Evrop\u011b i \u010cech\u00e1ch p\u016fsob\u00ed spousta politick\u00fdch neziskov\u00fdch organizac\u00ed. Nikdo je nevolil, a p\u0159esto dost\u00e1vaj\u00ed pen\u00edze bu\u010f z ciziny \u010di ze zahrani\u010d\u00ed a ovliv\u0148uj\u00ed na\u0161i politiku. Nen\u00ed toto n\u00e1hodou by-pass demokracie? N\u011bkte\u0159\u00ed novin\u00e1\u0159i jsou na tyto politick\u00e9 neziskovky napojen\u00ed. Sta\u010d\u00ed se pod\u00edvat na slo\u017een\u00ed americk\u00e9ho Aspen Institutu \u2013 je to p\u0159ehled vlivov\u00fdch lid\u00ed, zvl\u00e1\u0161\u0165 politik\u016f.Dok\u00e1\u017eete si p\u0159edstavit, \u017ee by hlavn\u00ed ameri\u010dt\u00ed politici byly \u010dleny neziskov\u00e9 organizaci, kter\u00e1 s\u00eddl\u00ed v \u010c\u00edn\u011b?<\/p>\n<h2>d) Politicky \u0161patn\u00fd a dobr\u00fd postoj<\/h2>\n<p>Ur\u010dit\u00e9 t\u00e9mata jsou v na\u0161em mainstremu tabu a jedin\u00fd, kdo o nich p\u00ed\u0161e jsou tzv. \u201edezinforma\u010dn\u00ed weby\u201c. Do stejn\u00e9 skupiny pat\u0159\u00ed t\u00e9mata, kter\u00e1 jsou hlavn\u00edmi bagatelizov\u00e1na \u010di p\u0159ekrucov\u00e1na.<\/p>\n<p>Pro\u010d Nordstream nemohly odbouchnout USA i p\u0159esto, \u017ee prezident Biden t\u00edmto ve\u0159ejn\u011b vyhro\u017eoval? Organizov\u00e1n\u00ed barevn\u00fdch revoluc\u00ed z\u00e1padn\u00edmi zem\u011bmi nen\u00ed tolik obl\u00edben\u00e9 t\u00e9ma jako nap\u0159\u00edklad \u010cap\u00ed hn\u00edzdo. T\u00fdk\u00e1 se to zem\u00ed jako ke B\u011blorusko, Kazachst\u00e1n \u010di Turecko. L\u00edbilo se by Anglii \u010di USA, kdy tam ciz\u00ed st\u00e1t ud\u011blal p\u0159evrat? Mezi neobl\u00edben\u00e1 t\u00e9mata pat\u0159\u00ed tak\u00e9 zab\u00edjen\u00ed v\u00fdchodn\u00edch Ukrajinc\u016f nacionalistick\u00fdmi Ukrajinci. Smutn\u00fdmi p\u0159\u00edklady jsou Alej And\u011bl\u016f \u010di D\u016fm odbor\u016f. Kolik t\u011bch mrtv\u00fdch vlastn\u011b bylo? N\u011bkter\u00e9 zdroje hovo\u0159\u00ed o d\u011bsiv\u00fdch 14 000 mrtv\u00fdch. \u017d\u00e1dn\u00fd politicky uv\u011bdom\u011bl\u00fd novin\u00e1\u0159 nesrovn\u00e1v\u00e1 ruskou agres\u00ed na Ukrajin\u011b s americkou agres\u00ed v Ir\u00e1ku. Nem\u011bl by Haagsk\u00fd tribun\u00e1l vydat zatyka\u010d\u016f v\u00edce? N\u00e1hodnou, ne\u0161kod\u00ed protirusk\u00e9 sankce v\u00edc EU nebo Rusku? St\u0159elil by n\u011bkdo 2x do sebe, aby jednou zas\u00e1hl nep\u0159\u00edtele? N\u011bkter\u00e9 jelita takto uva\u017euj\u00ed.<\/p>\n<p>Pom\u016f\u017ee Velk\u00e9 Brit\u00e1nie Ukrajin\u011b t\u00edm, \u017ee dod\u00e1 munici s ochuzen\u00fdm uranem? Jestli\u017ee se v m\u00edst\u011b pou\u017eit\u00ed, tedy na Ukrajin\u011b, bude \u010dasem v\u00edce rodit znetvo\u0159en\u00e9 d\u011bti a stoupne po\u010det n\u00e1dorov\u00fdch onemocn\u011bn\u00ed? Aby nebylo \u0161lap\u00e1n\u00ed na ku\u0159\u00ed oka tak snadn\u00e9, tak doch\u00e1z\u00ed k omezov\u00e1n\u00ed svobody slova (d\u011bkujeme soudru\u017ece Jourov\u00e9). Ta \u201espr\u00e1vn\u00e1\u201c m\u00e9dia fialov\u00e9mu vypnut\u00ed nepohodln\u00fdch web\u016f tleskala. Skoro to vypad\u00e1, \u017ee nejd\u016fle\u017eit\u011bj\u0161\u00ed je to, o \u010dem se nemluv\u00ed.<\/p>\n<h2>e) Nen\u00ed propaganda jako propaganda<\/h2>\n<p>V novin\u00e1ch se \u010dasto om\u00edl\u00e1 pojem rusk\u00e1 propaganda. Propaganda stejn\u011b jako jej\u00ed sestra ideologie vyp\u00edn\u00e1 rozum a vede obyvatelstvo ke \u0161patn\u00fdm rozhodnut\u00edm koho volit a komu fandit. Polo\u017eil si n\u011bkdo ot\u00e1zku, zda v na\u0161\u00ed oblasti nep\u016fsob\u00ed mnohem siln\u011bj\u0161\u00ed propaganda, ne\u017e je ta rusk\u00e1? Ti sam\u00ed novin\u00e1\u0159i, kte\u0159\u00ed varuj\u00ed p\u0159ed ruskou propagandou do sv\u00fdch \u010dten\u00e1\u0159\u016f val\u00ed propagandu, kter\u00e1 podporuje z\u00e1jmy USA a tlum\u00ed hlouposti p\u0159ich\u00e1zej\u00edc\u00ed z EU a dokonce \u00fato\u010d\u00ed na vybran\u00e9 politiky. \u010cl\u00e1nky ohledn\u011b Ruska \u010di \u010c\u00edny jsou v t\u011bchto m\u00e9di\u00edch tradi\u010dn\u011b negativn\u00ed. Je to kr\u00e1sn\u00e1 uk\u00e1zka \u017eidovsk\u00e9ho term\u00ednu chucpe.<\/p>\n<p>N\u011bkte\u0159\u00ed \u010dten\u00e1\u0159i si \u010dasem polo\u017e\u00ed ot\u00e1zku typu jak to, \u017ee Rus\u00e1ci je\u0161t\u011b neprohr\u00e1li, kdy\u017e u\u017e jim p\u0159es p\u016fl roku doch\u00e1z\u00ed munice a Ukrajinci je dle zpr\u00e1v neust\u00e1le drt\u00ed? Pro\u010d Putin a Zeman st\u00e1le \u017eij\u00ed, kdy\u017e se objevilo tolik \u010dl\u00e1nk\u016f o tom, \u017ee jsou na smrt nemocn\u00ed? Po l\u00e9tech \u010dten\u00ed mainstreamu m\u00e1 \u010dlov\u011bk dojem, \u017ee v Rusku \u017eij\u00ed jen o\u017eralci a sadisti. No a v \u010c\u00edn\u011b je zaru\u010den\u011b komunismus i p\u0159esto, \u017ee tam maj\u00ed \u00fasp\u011b\u0161n\u00e9 tr\u017en\u00ed hospod\u00e1\u0159stv\u00ed. Z\u00edsk\u00e1 \u010dten\u00e1\u0159 po takov\u00fdch zpr\u00e1v\u00e1ch kompletn\u00ed a pravdiv\u00fd obr\u00e1zek situace? Nebo maj\u00ed snad m\u00e9dia vy\u0161\u0161\u00ed c\u00edl, ne\u017e objektivn\u011b informovat? M\u016f\u017ee chov\u00e1n\u00ed m\u00e9di\u00ed ovliv\u0148ovat volby?<\/p>\n<h2>f) Velk\u00e1 \u010dty\u0159ka<\/h2>\n<p>Nen\u00ed nutn\u00e9 b\u00fdt analytik, aby \u010dlov\u011bk z\u00edskal dojem, \u017ee sou\u010dasn\u00ed politici, m\u00e9dia hlavn\u00edho proudu a soudy jsou propojeny a slou\u017e\u00ed ur\u010dit\u00fdm z\u00e1jm\u016fm. P\u0159\u00edkladem je odsouzen\u00ed lid\u00ed za nen\u00e1vistn\u00e9 v\u00fdroky o Ukrajinc\u00edch. Byl odsouzen n\u011bkdo za nen\u00e1vistn\u00e9 v\u00fdroky v\u016f\u010di Rus\u016fm? Maskotem t\u00e9to kapiloty je b\u00fdval\u00fd komunistick\u00fd vojensk\u00fd prokur\u00e1tor Igor St\u0159\u00ed\u017e. Ten je op\u011bt ve funkci a nechal se sly\u0161et, \u017ee za schvalov\u00e1n\u00ed rusk\u00e9 invaze hroz\u00ed a\u017e 3 roky v\u011bzen\u00ed. R\u00e1d bych se ho jednou zeptal, zda to stejn\u00e9 plat\u00ed pro schvalov\u00e1n\u00ed jin\u00e9 invaze, nap\u0159. do Ir\u00e1ku. Kdypak naposledy byla velk\u00e1 trojka (politici+m\u00e9dia+soudy) tak hezky v ruku v ruce spojen\u00e1? Bylo to za p\u0159ede\u0161l\u00e9ho re\u017eimu. Dnes k velk\u00e9 trojice p\u0159ibyly politick\u00e9 neziskovky a vznikla t\u00edm velk\u00e1 \u010dty\u0159ka.Nezb\u00fdv\u00e1 ne\u017e pop\u0159\u00e1t kup\u0159edu lev\u00e1.<\/p>\n<h2>g) Geopolika, Ukrajina a 3. sv\u011btov\u00e1<\/h2>\n<p>Posledn\u00ed a nejsmutn\u011bj\u0161\u00ed odstavec chci v\u011bnovat utrpen\u00ed ukrajinsk\u00e9ho lidu.<\/p>\n<p>Mainstreamov\u00fd novin\u00e1\u0159i popisovali podhoub\u00ed vzniku t\u00e9to v\u00e1lky poh\u00e1dkov\u00fdm zp\u016fsobem, aby ka\u017ed\u00fd \u010dten\u00e1\u0159 hned poznal, kde je zlo a kde dobro. Tedy p\u0159\u00ed\u010dinou v\u00e1lky podle mainstreamu jsou: \u0161\u00edlen\u00fd Putina, zl\u00ed Rusov\u00e9 a rusk\u00fd imperialismus. O to radostn\u011bji se tito novin\u00e1\u0159i pod\u00edlej\u00ed na odst\u0159elov\u00e1n\u00ed \u010dlov\u011bka, kter\u00fd ud\u011blal pr\u00e1ci za n\u011b a kter\u00fd konflikt popisuje jako geopolitick\u00fd st\u0159et (Petr Drul\u00e1k). P\u0159i v\u011bdom\u00ed obrovsk\u00e9ho utrpen\u00ed, kter\u00e9 v\u00e1lka p\u0159in\u00e1\u0161\u00ed, se \u010dlov\u011bk t\u011b\u017eko br\u00e1n\u00ed n\u011bkter\u00fdm kl\u00ed\u010dov\u00fdm ot\u00e1zk\u00e1m.<\/p>\n<p>Byla by v\u00e1lka na Ukrajin\u011b, kdyby Z\u00e1padem podporovan\u00fd a mo\u017en\u00e1 i organizovan\u00fd p\u0159evrat jm\u00e9nem Majdan neprob\u011bhl? Kolik rusky mluv\u00edc\u00edch spoluob\u010dan\u016f zavra\u017edili ukrajin\u0161t\u00ed nacionalist\u00e9 na v\u00fdchod\u011b zem\u011b p\u0159i vra\u017ed\u00edc\u00edch akc\u00edch typu D\u016fm odbor\u016f na Od\u011bse \u010di tam, kde pozd\u011bji vznikla Alej And\u011bl\u016f? M\u00e9dia vra\u017ed\u011bn\u00ed \u201erusk\u00fdch\u201c Ukrajinc\u016f nacionalistick\u00fdmi Ukrajinci moc nerozmaz\u00e1vala, sp\u00ed\u0161 ml\u017eila. Ke mn\u011b se dostalo hroziv\u00e9 \u010d\u00edslo 14 000 mrtv\u00fdch. Um\u00edrali by lid\u00e9 na Ukrajin\u011b, kdyby tam Nulandov\u00e1 nedosazovala sv\u00e9 protirusk\u00e9 politiky bez ohledu na n\u00e1zory EU (viz unikl\u00fd telefon\u00e1t)?<\/p>\n<p>Bylo nutn\u00e9 p\u0159es nelibost Ruska roz\u0161i\u0159ovat z\u00e1kladny NATO k Rusku? Pro\u010d USA m\u00e1lem rozpoutaly 3. sv\u011btovou v\u00e1lku b\u011bhem Karibsk\u00e9 krize? Tehdy Sov\u011btsk\u00fd Svaz pouze um\u00edstil rakety na Kub\u011b. O\u010dek\u00e1valy snad USA, \u017ee Rusko bude tleskat roz\u0161\u00ed\u0159en\u00ed NATO k jejich hranic\u00edm? Merkelov\u00e1 ned\u00e1vno odhalila, \u017ee Minsk\u00e9 dohody byly jen pl\u00e1n na vyzbrojen\u00ed Ukrajiny proti Rusku. Jak\u00fd z\u00e1v\u011br z toho Rusko m\u016f\u017ee vyvodit? \u010cetl n\u011bkdo knihu od \u0161ed\u00e9 eminence americk\u00e9 politiky Brzezinsk\u00e9ho s n\u00e1zvem Velk\u00e1 \u0161achovnice? Na v\u00edce m\u00edstech Brezinski p\u00ed\u0161e, \u017ee USA mus\u00ed za ka\u017edou cenu zabr\u00e1nit spolupr\u00e1ci Evropy a Ruska \u2013 ano, za ka\u017edou cenu, jinak by USA ztratili hegemonii. Stejn\u00fd d\u016fraz na hegemonii USA i na \u00fakor ostatn\u00edch potvrzuje tak\u00e9 doktr\u00edna Wolfowitze.<\/p>\n<p>V b\u0159eznu 2022 byla m\u00edrov\u00e1 jedn\u00e1n\u00ed v Istanbulu. Ukrajina pod tlakem USA odm\u00edtla m\u00edrov\u00e1 jedn\u00e1n\u00ed a proto dnes pokra\u010duje zab\u00edjen\u00ed lid\u00ed a ni\u010den\u00ed Ukrajiny. Pro koho bylo toto odm\u00edtnut\u00ed m\u00edru dobr\u00e9? Pro\u010d jsou v sou\u010dasn\u00e9 atmosf\u00e9\u0159e \u00favahy o m\u00edru mezi Ruskem a Ukrajinou trestan\u00e9 a vysm\u00edvan\u00e9, jak se to stalo nap\u0159. Kissingerovi? Uv\u011bdomuj\u00ed si tito vysm\u00edva\u010di, \u017ee t\u00edm prodlu\u017euj\u00ed utrpen\u00ed Ukrajinsk\u00e9ho lid a de facto m\u00e1 ka\u017ed\u00fd z nic na rukou krev? Je snad jin\u00fd vy\u0161\u0161\u00ed z\u00e1jem ne\u017e \u017eivot oby\u010dejn\u00fdch lid\u00ed, kter\u00e9 v\u00e1lka zabije a t\u011bch, kte\u0159\u00ed je oplak\u00e1vaj\u00ed? Po dopadu ukrajinsk\u00fdch raket v Polsku se n\u011bkte\u0159\u00ed \u201edemokrati\u010dt\u00ed\u201c politici nechali sly\u0161et: \u201e1. Rusk\u00e9 rakety zas\u00e1hly Polsko. 2. Polsko je \u010dlenem NATO! 3. NATO mus\u00ed reagovat. A to tvrd\u011b a nekompromisn\u011b! Jedin\u011b tomu Putin rozum\u00ed\u201c. Pol\u00e1ci v\u011bd\u011bli, \u017ee rakety jsou ukrajinsk\u00e9. P\u0159esto \u010dekaly na povolen\u00ed USA, \u017ee mohou \u0159\u00edct pravdu. Mezit\u00edm hodiny dal\u0161\u00ed sv\u011btov\u00e9 v\u00e1lky za\u010daly rychle tikat \u2013 ono je lep\u0161\u00ed prov\u00e9st preventivn\u00ed jadern\u00fd \u00fader, ne\u017e \u010dekat na akci protistrany. Pak se uk\u00e1zalo, \u017ee to byly ukrajinsk\u00e9 rakety. Mainstream tento p\u0159e\u0161lap, kter\u00fd smrd\u011bl dal\u0161\u00ed sv\u011btovou v\u00e1lkou a miliony mrtv\u00fdch, velkoryse p\u0159ehl\u00eddl. V tomto p\u0159\u00edpad\u011b byla velkorysost nejvy\u0161\u0161\u00ed idioci\u00ed. Nevydr\u017eel to Nohavica a slo\u017eil p\u00edsni\u010dku, \u010d\u00edm\u017e si vyslou\u017eil trest od \u201euv\u011bdom\u011bl\u00fdch\u201c novin\u00e1\u0159\u016f. Konflikt se st\u00e1le hrot\u00ed a stup\u0148uje. Po\u010dty mrtv\u00fdch nar\u016fstaj\u00ed a \u010d\u00edm v\u00edc mrtv\u00fdch, t\u00edm h\u016f\u0159e se jedn\u00e1 o m\u00edru. T\u00edm se bl\u00ed\u017e\u00edme 3. sv\u011btov\u00e9 v\u00e1lce. Jestli nastane, pak n\u00e1lepkova\u010di \u201em\u00edrov\u00fdch \u0161tv\u00e1\u010d\u016f\u201c a \u201echcim\u00edr\u016f\u201c napln\u00ed v\u00fdznam souslov\u00ed \u201eu\u017eite\u010dn\u00fd idiot\u201c. Mezi uv\u011bdom\u011bl\u00fdmi politiky a novin\u00e1\u0159i by jich bylo v\u00edce. V\u00e1lka je smete stejn\u011b jako ostatn\u00ed i s rodinami. Tato (j)elita si neuv\u011bdomuj\u00ed, \u017ee jsou na stejn\u00e9 lodi, jak lid\u00e9, kter\u00fdm \u0161kod\u00ed.<\/p>\n<p>* * *<\/p>\n<p>Mil\u00ed \u010dten\u00e1\u0159i, p\u0159em\u00fd\u0161lej\u00edc\u00ed dezol\u00e1t m\u00e1 spoustu ot\u00e1zek. D\u016fvod je jednoduch\u00fd, hlavn\u00ed m\u00e9dia nejsou svobodn\u00e1 a objektivn\u00ed. Lidem vad\u00ed tak\u00e9 chov\u00e1n\u00ed sou\u010dasn\u00e9 vl\u00e1dy, kter\u00e9 potla\u010duje svobodu slova a demokratickou diskuzi opro\u0161t\u011bnou bez ideologie a patol\u00edzalstv\u00ed. Politici zadlu\u017euj\u00ed na\u0161e d\u011bti proto, aby na Ukrajin\u011b nebyl uzav\u0159en m\u00edr, zem\u0159elo tam co nejv\u00edce lid\u00ed a abychom se p\u0159ibli\u017eovali k dal\u0161\u00ed evropsk\u00e9 sv\u011btov\u00e9 v\u00e1lce.<\/p>\n<p>Sta\u010d\u00ed tyto d\u016fvody, aby byli \u201edezol\u00e1ti\u201c nespokojen\u00ed?<\/p>\n<p><strong><em>Dezol\u00e1t Pavel<\/em><\/strong><\/p>\n<\/section>\n<p>&nbsp;<\/p>\n<p><a href=\"https:\/\/stranapro.cz\/\"><img decoding=\"async\" loading=\"lazy\" class=\"wp-image-30218 aligncenter\" src=\"http:\/\/www.infokuryr.cz\/n\/wp-content\/uploads\/2023\/06\/PRO-banner-300x36.png\" alt=\"\" width=\"1375\" height=\"165\" srcset=\"https:\/\/www.infokuryr.cz\/n\/wp-content\/uploads\/2023\/06\/PRO-banner-300x36.png 300w, https:\/\/www.infokuryr.cz\/n\/wp-content\/uploads\/2023\/06\/PRO-banner-768x93.png 768w, https:\/\/www.infokuryr.cz\/n\/wp-content\/uploads\/2023\/06\/PRO-banner.png 849w\" sizes=\"(max-width: 1375px) 100vw, 1375px\" \/><\/a><\/p>\n<p>&nbsp;<\/p>\n<p>&nbsp;<\/p>\n<p>&nbsp;<\/p>\n","protected":false},"excerpt":{"rendered":"<p>B\u011bhem tohoto roku prob\u011bhly a budou prob\u00edhat dal\u0161\u00ed demonstrace nespokojen\u00fdch ob\u010dan\u016f na V\u00e1clavsk\u00e9m n\u00e1m\u011bst\u00ed i&#8230;<\/p>\n","protected":false},"author":2,"featured_media":36386,"comment_status":"closed","ping_status":"closed","sticky":false,"template":"","format":"standard","meta":[],"categories":[6],"tags":[29,122,815],"_links":{"self":[{"href":"https:\/\/www.infokuryr.cz\/n\/wp-json\/wp\/v2\/posts\/36474"}],"collection":[{"href":"https:\/\/www.infokuryr.cz\/n\/wp-json\/wp\/v2\/posts"}],"about":[{"href":"https:\/\/www.infokuryr.cz\/n\/wp-json\/wp\/v2\/types\/post"}],"author":[{"embeddable":true,"href":"https:\/\/www.infokuryr.cz\/n\/wp-json\/wp\/v2\/users\/2"}],"replies":[{"embeddable":true,"href":"https:\/\/www.infokuryr.cz\/n\/wp-json\/wp\/v2\/comments?post=36474"}],"version-history":[{"count":0,"href":"https:\/\/www.infokuryr.cz\/n\/wp-json\/wp\/v2\/posts\/36474\/revisions"}],"wp:featuredmedia":[{"embeddable":true,"href":"https:\/\/www.infokuryr.cz\/n\/wp-json\/wp\/v2\/media\/36386"}],"wp:attachment":[{"href":"https:\/\/www.infokuryr.cz\/n\/wp-json\/wp\/v2\/media?parent=36474"}],"wp:term":[{"taxonomy":"category","embeddable":true,"href":"https:\/\/www.infokuryr.cz\/n\/wp-json\/wp\/v2\/categories?post=36474"},{"taxonomy":"post_tag","embeddable":true,"href":"https:\/\/www.infokuryr.cz\/n\/wp-json\/wp\/v2\/tags?post=36474"}],"curies":[{"name":"wp","href":"https:\/\/api.w.org\/{rel}","templated":true}]}}