{"id":36455,"date":"2023-09-18T07:43:49","date_gmt":"2023-09-18T05:43:49","guid":{"rendered":"http:\/\/www.infokuryr.cz\/n\/?p=36455"},"modified":"2023-09-18T07:43:49","modified_gmt":"2023-09-18T05:43:49","slug":"jiz-od-roku-1993-desitky-vlad-agentur-a-organizaci-volaji-po-zakazu-bezdratovych-technologii","status":"publish","type":"post","link":"https:\/\/www.infokuryr.cz\/n\/2023\/09\/18\/jiz-od-roku-1993-desitky-vlad-agentur-a-organizaci-volaji-po-zakazu-bezdratovych-technologii\/","title":{"rendered":"Ji\u017e od roku 1993 des\u00edtky vl\u00e1d, agentur a organizac\u00ed volaj\u00ed po z\u00e1kazu bezdr\u00e1tov\u00fdch technologi\u00ed"},"content":{"rendered":"<div id=\"fb-root\"><\/div>\n<p><span>Jedn\u00edm z prvn\u00edch subjekt\u016f, kter\u00e9 kdy vystoupily proti bezdr\u00e1tov\u00e9 technologii a nebezpe\u010d\u00edm, kter\u00e9 p\u0159edstavuje pro lidsk\u00e9 zdrav\u00ed, byla americk\u00e1\u00a0<\/span><em><span>Agentura na ochranu \u017eivotn\u00edho prost\u0159ed\u00ed<\/span><\/em><span>\u00a0(EPA) dne 9. listopadu 1993.<\/span><\/p>\n<p><span>V t\u00e9 dob\u011b EPA pouk\u00e1zala na to, \u017ee americk\u00e1\u00a0<\/span><em><span>Feder\u00e1ln\u00ed komise pro telekomunikace<\/span><\/em><span>\u00a0(FCC) zavedla \u201ez\u00e1va\u017en\u011b chybn\u00e9\u201c normy vystaven\u00ed se elektromagnetick\u00e9mu z\u00e1\u0159en\u00ed, kter\u00e9 ohro\u017euj\u00ed ve\u0159ejn\u00e9 zdrav\u00ed.<\/span><\/p>\n<p><span>Jen o den pozd\u011bji, 10. listopadu 1993, americk\u00e1\u00a0<\/span><em><span>Agentura pro kontrolu potravin a l\u00e9\u010div<\/span><\/em><span>\u00a0(FDA) vznesla podobnou ofici\u00e1ln\u00ed p\u0159ipom\u00ednku k FCC v dokumentu t\u00fdkaj\u00edc\u00edm se sm\u011brnic FCC pro hodnocen\u00ed elektromagnetick\u00fdch \u00fa\u010dink\u016f radiofrekven\u010dn\u00edho z\u00e1\u0159en\u00ed.<\/span><\/p>\n<p><em><span>\u201ePravidla FCC ne\u0159e\u0161\u00ed probl\u00e9m dlouhodob\u00e9ho, chronick\u00e9ho vystaven\u00ed radiofrekven\u010dn\u00edm pol\u00edm,\u201c<\/span><\/em><span>\u00a0napsala FDA v dokumentu, kter\u00fd odr\u00e1\u017e\u00ed varov\u00e1n\u00ed EPA.<\/span><\/p>\n<p><span>Ukazuje se, \u017ee existuje mnoho r\u016fzn\u00fdch st\u00e1tn\u00edch agentur a jin\u00fdch regula\u010dn\u00edch subjekt\u016f, kte\u0159\u00ed se v pr\u016fb\u011bhu let vyslovili proti bezdr\u00e1tov\u00e9 technologii.\u00a0Ignorovali je v\u0161ak ti, kte\u0159\u00ed maj\u00ed kone\u010dnou rozhodovac\u00ed pravomoc.<\/span><\/p>\n<p><span>Ve stejn\u00e9m roce (1993)\u00a0<\/span><em><span>N\u00e1rodn\u00ed institut pro bezpe\u010dnost a ochranu zdrav\u00ed p\u0159i pr\u00e1ci<\/span><\/em><span>\u00a0(NIOSH) tak\u00e9 pouk\u00e1zal na to, \u017ee FCC stanovila nep\u0159im\u011b\u0159en\u00e9 normy \u201ezalo\u017een\u00e9 pouze na jednom dominantn\u00edm mechanismu \u2013 nep\u0159\u00edzniv\u00fdch zdravotn\u00edch \u00fa\u010dinc\u00edch zp\u016fsoben\u00fdch zah\u0159\u00edv\u00e1n\u00edm t\u011bla.<\/span><\/p>\n<p><span>Od t\u00e9 doby jsou FCC a dal\u0161\u00ed podobn\u00e9 regula\u010dn\u00ed agentury na cel\u00e9m sv\u011bt\u011b znovu a znovu bombardov\u00e1ny studiemi a jin\u00fdmi d\u016fkazy, kter\u00e9 dokazuj\u00ed, \u017ee bezdr\u00e1tov\u00e1 technologie je nebezpe\u010dn\u00e1.\u00a0Ale po\u0159\u00e1d se s t\u00edm nic ned\u011bl\u00e1.<\/span><\/p>\n<p><span>(Souvisej\u00edc\u00ed: V\u011bd\u011bli jste, \u017ee p\u0159\u00edznaky expozice 5G z\u00e1\u0159en\u00ed jsou\u00a0<\/span><a href=\"https:\/\/www.badatel.net\/mozu-5g-siete-blokovat-okyslicenie-krvi-a-tym-zvysovat-umrtnost-na-covid-19\/\"><span>znepokojiv\u011b podobn\u00e9<\/span><\/a><span>\u00a0p\u0159\u00edznak\u016fm spojen\u00fdm s \u201ecovidem?\u201c)<\/span><\/p>\n<h2><span>Bezdr\u00e1tov\u00e9 z\u00e1\u0159en\u00ed po\u0161kozuje d\u011bti, pt\u00e1ky a opravdu KA\u017dD\u00c9HO<\/span><\/h2>\n<p><span>Pracovn\u00ed skupina pro mobiln\u00ed telefony sledovala tyto informace ji\u017e dost dlouho a uk\u00e1zala, \u017ee des\u00edtky a des\u00edtky odborn\u00fdch organizac\u00ed a vl\u00e1dn\u00edch agentur v pr\u016fb\u011bhu let bij\u00ed na poplach o nebezpe\u010d\u00edch bezdr\u00e1tov\u00fdch technologi\u00ed.<\/span><\/p>\n<p><span>Zde je n\u011bkolik v\u00fdrazn\u011bj\u0161\u00edch p\u0159\u00edklad\u016f:<\/span><\/p>\n<p><span>\u2022 V roce 1994\u00a0<\/span><em><span>Amateur Radio Relay League Bio-Effects Committee<\/span><\/em><span>\u00a0(Komise Ligy radioamat\u00e9r\u016f pro biologick\u00e9 efekty technologie) varovala, \u017ee standardy FCC \u201enechr\u00e1n\u00ed p\u0159ed netepeln\u00fdmi \u00fa\u010dinky elektromagnetick\u00e9ho z\u00e1\u0159en\u00ed\u201c.<\/span><\/p>\n<p><span>\u2022 V roce 2000 Ministerstvo \u0161kolstv\u00ed Velk\u00e9 Brit\u00e1nie varovalo, \u017ee d\u011bti mlad\u0161\u00ed 16 let by nem\u011bly pou\u017e\u00edvat mobiln\u00ed telefon krom\u011b nouzov\u00fdch p\u0159\u00edpad\u016f.<\/span><\/p>\n<p><span>\u2022 V roce 2002\u00a0<\/span><em><span>Interdisciplin\u00e1rn\u00ed spole\u010dnost pro environment\u00e1ln\u00ed medic\u00ednu<\/span><\/em><span>\u00a0, kterou tvo\u0159\u00ed v\u00edce ne\u017e 3000 n\u011bmeck\u00fdch l\u00e9ka\u0159\u016f, doporu\u010dila zak\u00e1zat pou\u017e\u00edv\u00e1n\u00ed v\u0161ech mobiln\u00edch telefon\u016f d\u011btmi, jako\u017e i v\u0161ech mobiln\u00edch telefon\u016f a bezdr\u00e1tov\u00fdch telefon\u016f v p\u0159ed\u0161koln\u00edch za\u0159\u00edzen\u00edch, \u0161kol\u00e1ch, nemocnic\u00edch, pe\u010dovatelsk\u00fdch domech, konferen\u010dn\u00edch s\u00e1lech, ve\u0159ejn\u00fdch budov a vozidlech.<\/span><\/p>\n<div class=\"code-block code-block-9\">\n<div id=\"badat-1598050301\">\n<p><a href=\"https:\/\/stranapro.cz\/\"><img decoding=\"async\" loading=\"lazy\" class=\"wp-image-30218 aligncenter\" src=\"http:\/\/www.infokuryr.cz\/n\/wp-content\/uploads\/2023\/06\/PRO-banner-300x36.png\" alt=\"\" width=\"1350\" height=\"162\" srcset=\"https:\/\/www.infokuryr.cz\/n\/wp-content\/uploads\/2023\/06\/PRO-banner-300x36.png 300w, https:\/\/www.infokuryr.cz\/n\/wp-content\/uploads\/2023\/06\/PRO-banner-768x93.png 768w, https:\/\/www.infokuryr.cz\/n\/wp-content\/uploads\/2023\/06\/PRO-banner.png 849w\" sizes=\"(max-width: 1350px) 100vw, 1350px\" \/><\/a><\/p>\n<\/div>\n<\/div>\n<p><span>\u2022 V roce 2003 podala\u00a0<\/span><em><span>American Bird Conservancy and Forest Conservation Council<\/span><\/em><span>\u00a0(Americk\u00fd v\u00fdbor pro ochranu pt\u00e1k\u016f a les\u016f) \u017ealobu na FCC, proto\u017ee jej\u00ed bezdr\u00e1tov\u00e1 politika zp\u016fsobila dezorientaci milion\u016f st\u011bhovav\u00fdch pt\u00e1k\u016f, co\u017e vedlo k tomu, \u017ee \u0159ada z nich narazila do v\u011b\u017e\u00ed mobiln\u00edch telefon\u016f.<\/span><\/p>\n<p><span>\u2022 V roce 2004\u00a0<\/span><em><span>Mezin\u00e1rodn\u00ed asociace hasi\u010d\u016f<\/span><\/em><span>\u00a0protestovala proti instalaci komunika\u010dn\u00edch ant\u00e9n na vrchu hasi\u010dsk\u00fdch stanic.<\/span><\/p>\n<p><span>\u2022 V roce 2005 rakousk\u00e1\u00a0<\/span><em><span>L\u00e9ka\u0159sk\u00e1 asociace<\/span><\/em><span>\u00a0varovala, \u017ee d\u011bti by za \u017e\u00e1dn\u00fdch okolnost\u00ed nem\u011bly pou\u017e\u00edvat Wi-Fi, bezdr\u00e1tov\u00e9 telefony nebo mobiln\u00ed telefony.<\/span><\/p>\n<p><span>\u2022 V roce 2007\u00a0<\/span><em><span>Evropsk\u00e1 agentura pro \u017eivotn\u00ed<\/span><\/em><span>\u00a0prost\u0159ed\u00ed , nejvy\u0161\u0161\u00ed evropsk\u00fd org\u00e1n dozoru pro \u017eivotn\u00ed prost\u0159ed\u00ed, vyzvala k okam\u017eit\u00fdm a drastick\u00fdm opat\u0159en\u00edm ke sn\u00ed\u017een\u00ed expozice lid\u00ed bezdr\u00e1tov\u00e9mu z\u00e1\u0159en\u00ed.<\/span><\/p>\n<p><span>\u2022 V roce 2008\u00a0<\/span><em><span>Francouzsk\u00e1 n\u00e1rodn\u00ed knihovna<\/span><\/em><span>\u00a0odstranila ze sv\u00fdch prostor v\u0161echny sm\u011brova\u010de Wi-Fi a bezdr\u00e1tov\u00fd internet ze zdravotn\u00edch d\u016fvod\u016f.<\/span><\/p>\n<p><span>\u2022 V roce 2008\u00a0<\/span><em><span>Rusk\u00fd n\u00e1rodn\u00ed v\u00fdbor pro ochranu p\u0159ed neionizuj\u00edc\u00edm z\u00e1\u0159en\u00edm<\/span><\/em><span>\u00a0varoval, \u017ee hovor p\u0159es mobiln\u00ed telefon, by\u0165 jen na n\u011bkolik minut, je nebezpe\u010dn\u00fd zejm\u00e9na pro d\u011bti, t\u011bhotn\u00e9 \u017eeny, epileptiky a lidi se ztr\u00e1tou pam\u011bti nebo poruchami sp\u00e1nku.<\/span><\/p>\n<p><span>\u2022 V roce 2009\u00a0<\/span><em><span>US Fish and Wildlife Service<\/span><\/em><span>\u00a0(Americk\u00e1 zpr\u00e1va pro ryby a divo\u010dinu) nal\u00e9hala na Kongres, aby prozkoumal souvislost mezi elektromagnetick\u00fdmi poli a \u201ekolapsem v\u010del\u00edch koloni\u00ed\u201c.<\/span><\/p>\n<p><span>\u2022 V roce 2011 p\u0159ijala\u00a0<\/span><em><span>Rada Evropy<\/span><\/em><span>\u00a0rezoluci, v n\u00ed\u017e doporu\u010dila, aby ve \u0161kol\u00e1ch byla dostupn\u00e1 pouze kabelov\u00e1 internetov\u00e1 p\u0159ipojen\u00ed.<\/span><\/p>\n<p><span>\u2022 V roce 2016 m\u011bsto Haifa v Izraeli zak\u00e1zalo v\u0161echny Wi-Fi na \u0161kol\u00e1ch.<\/span><\/p>\n<p><span>\u2022 V roce 2018 byly mobiln\u00ed telefony zak\u00e1z\u00e1ny na v\u0161ech z\u00e1kladn\u00edch a st\u0159edn\u00edch \u0161kol\u00e1ch ve Francii.<\/span><\/p>\n<p><span>Elektromagnetick\u00e9 z\u00e1\u0159en\u00ed m\u00e1 na lidsk\u00e9 zdrav\u00ed opravdu velk\u00e9 n\u00e1sledky.\u00a0V\u00edce se dozv\u00edte na str\u00e1nce\u00a0<\/span><a href=\"http:\/\/5galert.com\/\" target=\"_blank\" rel=\"noopener\"><span>5Galert.com<\/span><\/a><span> .<\/span><\/p>\n<p><span>Autor: Ethan Huff, Zdroj:\u00a0<\/span><a href=\"https:\/\/www.naturalnews.com\/2023-09-15-1993-government-organizations-warned-ban-wireless-technology.html\" target=\"_blank\" rel=\"noopener\"><span>naturalnews.com<\/span><\/a><\/p>\n<p>&nbsp;<\/p>\n<p>&nbsp;<\/p>\n","protected":false},"excerpt":{"rendered":"<p>Jedn\u00edm z prvn\u00edch subjekt\u016f, kter\u00e9 kdy vystoupily proti bezdr\u00e1tov\u00e9 technologii a nebezpe\u010d\u00edm, kter\u00e9 p\u0159edstavuje pro&#8230;<\/p>\n","protected":false},"author":2,"featured_media":36456,"comment_status":"closed","ping_status":"closed","sticky":false,"template":"","format":"standard","meta":[],"categories":[7],"tags":[5589,276,1968,21],"_links":{"self":[{"href":"https:\/\/www.infokuryr.cz\/n\/wp-json\/wp\/v2\/posts\/36455"}],"collection":[{"href":"https:\/\/www.infokuryr.cz\/n\/wp-json\/wp\/v2\/posts"}],"about":[{"href":"https:\/\/www.infokuryr.cz\/n\/wp-json\/wp\/v2\/types\/post"}],"author":[{"embeddable":true,"href":"https:\/\/www.infokuryr.cz\/n\/wp-json\/wp\/v2\/users\/2"}],"replies":[{"embeddable":true,"href":"https:\/\/www.infokuryr.cz\/n\/wp-json\/wp\/v2\/comments?post=36455"}],"version-history":[{"count":0,"href":"https:\/\/www.infokuryr.cz\/n\/wp-json\/wp\/v2\/posts\/36455\/revisions"}],"wp:featuredmedia":[{"embeddable":true,"href":"https:\/\/www.infokuryr.cz\/n\/wp-json\/wp\/v2\/media\/36456"}],"wp:attachment":[{"href":"https:\/\/www.infokuryr.cz\/n\/wp-json\/wp\/v2\/media?parent=36455"}],"wp:term":[{"taxonomy":"category","embeddable":true,"href":"https:\/\/www.infokuryr.cz\/n\/wp-json\/wp\/v2\/categories?post=36455"},{"taxonomy":"post_tag","embeddable":true,"href":"https:\/\/www.infokuryr.cz\/n\/wp-json\/wp\/v2\/tags?post=36455"}],"curies":[{"name":"wp","href":"https:\/\/api.w.org\/{rel}","templated":true}]}}