{"id":36451,"date":"2023-09-18T07:35:36","date_gmt":"2023-09-18T05:35:36","guid":{"rendered":"http:\/\/www.infokuryr.cz\/n\/?p=36451"},"modified":"2023-09-18T07:35:36","modified_gmt":"2023-09-18T05:35:36","slug":"osn-odsuzuje-iran-za-vyhosteni-jadernych-inspektoru","status":"publish","type":"post","link":"https:\/\/www.infokuryr.cz\/n\/2023\/09\/18\/osn-odsuzuje-iran-za-vyhosteni-jadernych-inspektoru\/","title":{"rendered":"OSN odsuzuje \u00cdr\u00e1n za vyho\u0161t\u011bn\u00ed jadern\u00fdch inspektor\u016f"},"content":{"rendered":"<div id=\"fb-root\"><\/div>\n<p><span style=\"font-size: 18pt;\"><strong>Mezin\u00e1rodn\u00ed agentura pro atomovou energii ozna\u010dila tento krok za \u201enaprosto politov\u00e1n\u00edhodn\u00fd\u201c<\/strong><\/span><\/p>\n<p><span>Gener\u00e1ln\u00ed \u0159editel Mezin\u00e1rodn\u00ed agentury pro atomovou energii Rafael Grossi odsoudil\u00a0<\/span><em><span>\u201enep\u0159im\u011b\u0159en\u00e9 a bezprecedentn\u00ed\u201c<\/span><\/em><span>\u00a0vyho\u0161t\u011bn\u00ed \u00cdr\u00e1nu vysok\u00fdch inspektor\u016f OSN z jeho jadern\u00fdch za\u0159\u00edzen\u00ed.\u00a0Teher\u00e1n tento krok u\u010dinil v reakci na obvin\u011bn\u00ed Z\u00e1padu, \u017ee tajn\u011b obohacuje uran.<\/span><\/p>\n<p><span>\u00cdr\u00e1n informoval MAAE, \u017ee vyhostil\u00a0<\/span><em><span>\u201en\u011bkolik zku\u0161en\u00fdch inspektor\u016f agentury\u201c,<\/span><\/em><span>\u00a0uvedl Grossi v sobotn\u00edm prohl\u00e1\u0161en\u00ed.\u00a0Tito inspekto\u0159i byli zapojeni do sledov\u00e1n\u00ed toho, jak Teher\u00e1n dodr\u017euje Smlouvu o ne\u0161\u00ed\u0159en\u00ed jadern\u00fdch zbran\u00ed (NPT), dohodu z roku 1970, podle n\u00ed\u017e se signat\u00e1\u0159i bez jadern\u00fdch zbran\u00ed zav\u00e1zali, \u017ee je nebudou vyv\u00edjet.<\/span><\/p>\n<p><span>Zat\u00edmco \u00cdr\u00e1n m\u00e1 podle NPT povoleno odejmout pov\u011b\u0159ovac\u00ed listiny inspektor\u016f, Grossi ozna\u010dil rozhodnut\u00ed Teher\u00e1nu za\u00a0<\/span><em><span>\u201enep\u0159im\u011b\u0159en\u00e9 a bezprecedentn\u00ed\u201c.\u00a0<\/span><\/em><span>I kdy\u017e Grossi neuvedl, kolik inspektor\u016f bylo vylou\u010deno, \u0159ekl, \u017ee rozhodnut\u00ed se dotklo\u00a0<\/span><em><span>\u201easi jedn\u00e9 t\u0159etiny z\u00e1kladn\u00ed skupiny nejzku\u0161en\u011bj\u0161\u00edch inspektor\u016f agentury\u201c<\/span><\/em><span>\u00a0v \u00cdr\u00e1nu.<\/span><\/p>\n<div class=\"read-more large\" data-has-alias=\"\"><a href=\"https:\/\/stranapro.cz\/\"><img decoding=\"async\" loading=\"lazy\" class=\"wp-image-30218 aligncenter\" src=\"http:\/\/www.infokuryr.cz\/n\/wp-content\/uploads\/2023\/06\/PRO-banner-300x36.png\" alt=\"\" width=\"1367\" height=\"164\" srcset=\"https:\/\/www.infokuryr.cz\/n\/wp-content\/uploads\/2023\/06\/PRO-banner-300x36.png 300w, https:\/\/www.infokuryr.cz\/n\/wp-content\/uploads\/2023\/06\/PRO-banner-768x93.png 768w, https:\/\/www.infokuryr.cz\/n\/wp-content\/uploads\/2023\/06\/PRO-banner.png 849w\" sizes=\"(max-width: 1367px) 100vw, 1367px\" \/><\/a><\/div>\n<p><em><span>&#8222;Toto hluboce politov\u00e1n\u00edhodn\u00e9 rozhodnut\u00ed \u00cdr\u00e1nu je dal\u0161\u00edm krokem \u0161patn\u00fdm sm\u011brem a p\u0159edstavuje zbyte\u010dnou r\u00e1nu ji\u017e tak napjat\u00e9mu vztahu mezi MAAE a \u00cdr\u00e1nem,&#8220; \u0159ekl<\/span><\/em><span>\u00a0.<\/span><\/p>\n<p><span>\u00cdr\u00e1nsk\u00e9 ministerstvo zahrani\u010d\u00ed uvedlo, \u017ee zavedlo inspektory v reakci na to, \u017ee z\u00e1padn\u00ed mocnosti vyu\u017e\u00edvaj\u00ed MAAE\u00a0<\/span><em><span>\u201epro sv\u00e9 vlastn\u00ed politick\u00e9 \u00fa\u010dely\u201c.\u00a0<\/span><\/em><\/p>\n<p><span>Toto prohl\u00e1\u0161en\u00ed bylo zjevn\u00fdm odkazem na\u00a0<\/span><a href=\"https:\/\/www.rt.com\/news\/582993-uk-france-germany-iran-sanctions\/\" target=\"_blank\" rel=\"noopener noreferrer\"><span>ozn\u00e1men\u00ed<\/span><\/a><span>\u00a0Francie, N\u011bmecka a Spojen\u00e9ho kr\u00e1lovstv\u00ed, \u017ee zachovaj\u00ed sankce v\u016f\u010di \u00cdr\u00e1nu kv\u016fli jeho \u00fadajn\u00e9mu nedodr\u017eov\u00e1n\u00ed \u00edr\u00e1nsk\u00e9 jadern\u00e9 dohody z roku 2015, kter\u00e1 nab\u00eddla Teher\u00e1nu omezen\u00e9 sankce v\u00fdm\u011bnou za pauzu v jeho \u010dinnosti obohacov\u00e1n\u00ed uranu.<\/span><\/p>\n<p><span>Odd\u011blen\u011b USA, Spojen\u00e9 kr\u00e1lovstv\u00ed a 61 dal\u0161\u00edch signat\u00e1\u0159\u016f NPT za\u010d\u00e1tkem tohoto t\u00fddne po\u017eadovalo, aby \u00cdr\u00e1n vysv\u011btlil p\u0159\u00edtomnost stop uranu ve t\u0159ech nedeklarovan\u00fdch jadern\u00fdch lokalit\u00e1ch.\u00a0Tyto stopy objevili inspekto\u0159i MAAE koncem lo\u0148sk\u00e9ho roku.\u00a0Zpr\u00e1va agentury uvedla, \u017ee n\u011bkter\u00e9 \u010d\u00e1stice byly obohaceny na 83,3% \u010distotu, t\u011bsn\u011b pod 90% prahem pro pou\u017eit\u00ed jadern\u00fdch zbran\u00ed.<\/span><\/p>\n<p><span>\u00cdr\u00e1n opakovan\u011b pop\u00edr\u00e1, \u017ee usiluje o jadernou zbra\u0148, a trv\u00e1 na tom, \u017ee jeho atomov\u00fd v\u00fdzkum je p\u0159\u00edsn\u011b m\u00edrov\u00fd.<\/span><\/p>\n<p><img decoding=\"async\" loading=\"lazy\" class=\"alignnone size-full wp-image-1185\" src=\"http:\/\/www.infokuryr.cz\/n\/wp-content\/uploads\/2021\/04\/kuryr-podpis.png\" alt=\"\" width=\"84\" height=\"24\" \/><\/p>\n<p>&nbsp;<\/p>\n<p>&nbsp;<\/p>\n<p>&nbsp;<\/p>\n","protected":false},"excerpt":{"rendered":"<p>Mezin\u00e1rodn\u00ed agentura pro atomovou energii ozna\u010dila tento krok za \u201enaprosto politov\u00e1n\u00edhodn\u00fd\u201c Gener\u00e1ln\u00ed \u0159editel Mezin\u00e1rodn\u00ed agentury&#8230;<\/p>\n","protected":false},"author":2,"featured_media":36452,"comment_status":"closed","ping_status":"closed","sticky":false,"template":"","format":"standard","meta":[],"categories":[7],"tags":[38,5926,186],"_links":{"self":[{"href":"https:\/\/www.infokuryr.cz\/n\/wp-json\/wp\/v2\/posts\/36451"}],"collection":[{"href":"https:\/\/www.infokuryr.cz\/n\/wp-json\/wp\/v2\/posts"}],"about":[{"href":"https:\/\/www.infokuryr.cz\/n\/wp-json\/wp\/v2\/types\/post"}],"author":[{"embeddable":true,"href":"https:\/\/www.infokuryr.cz\/n\/wp-json\/wp\/v2\/users\/2"}],"replies":[{"embeddable":true,"href":"https:\/\/www.infokuryr.cz\/n\/wp-json\/wp\/v2\/comments?post=36451"}],"version-history":[{"count":0,"href":"https:\/\/www.infokuryr.cz\/n\/wp-json\/wp\/v2\/posts\/36451\/revisions"}],"wp:featuredmedia":[{"embeddable":true,"href":"https:\/\/www.infokuryr.cz\/n\/wp-json\/wp\/v2\/media\/36452"}],"wp:attachment":[{"href":"https:\/\/www.infokuryr.cz\/n\/wp-json\/wp\/v2\/media?parent=36451"}],"wp:term":[{"taxonomy":"category","embeddable":true,"href":"https:\/\/www.infokuryr.cz\/n\/wp-json\/wp\/v2\/categories?post=36451"},{"taxonomy":"post_tag","embeddable":true,"href":"https:\/\/www.infokuryr.cz\/n\/wp-json\/wp\/v2\/tags?post=36451"}],"curies":[{"name":"wp","href":"https:\/\/api.w.org\/{rel}","templated":true}]}}