{"id":36450,"date":"2023-09-18T07:33:02","date_gmt":"2023-09-18T05:33:02","guid":{"rendered":"http:\/\/www.infokuryr.cz\/n\/?p=36450"},"modified":"2023-09-18T07:33:02","modified_gmt":"2023-09-18T05:33:02","slug":"pripravte-se-na-dlouhou-valku","status":"publish","type":"post","link":"https:\/\/www.infokuryr.cz\/n\/2023\/09\/18\/pripravte-se-na-dlouhou-valku\/","title":{"rendered":"\u201eP\u0159ipravte se na dlouhou v\u00e1lku\u201c"},"content":{"rendered":"<div id=\"fb-root\"><\/div>\n<p><span style=\"font-size: 18pt;\"><strong>Jens Stoltenberg \u0159ekl, \u017ee konflikt na Ukrajin\u011b neskon\u010d\u00ed, dokud Rusko \u201eslo\u017e\u00ed zbran\u011b\u201c<\/strong><\/span><\/p>\n<p><span>Z\u00e1pad se mus\u00ed p\u0159ipravit na\u00a0<\/span><em><span>\u201edlouhou v\u00e1lku\u201c<\/span><\/em><span>\u00a0na Ukrajin\u011b, prohl\u00e1sil v ned\u011bli gener\u00e1ln\u00ed tajemn\u00edk NATO Jens Stoltenberg.\u00a0Navzdory tvrzen\u00ed, \u017ee chce na Ukrajin\u011b\u00a0<\/span><em><span>\u201erychl\u00fd m\u00edr\u201c<\/span><\/em><span>\u00a0, Stoltenberg trval na tom, \u017ee st\u00e1le podporuje c\u00edl prezidenta Vladimira Zelensk\u00e9ho o vojensk\u00e9m v\u00edt\u011bzstv\u00ed nad Ruskem.<\/span><\/p>\n<p><em><span>&#8222;V\u011bt\u0161ina v\u00e1lek trv\u00e1 d\u00e9le, ne\u017e se o\u010dek\u00e1valo, kdy\u017e poprv\u00e9 za\u010daly,&#8220;<\/span><\/em><span>\u00a0\u0159ekl Stoltenberg v rozhovoru pro n\u011bmeckou medi\u00e1ln\u00ed skupinu Funke.\u00a0<\/span><em><span>&#8222;Proto se mus\u00edme p\u0159ipravit na dlouhou v\u00e1lku na Ukrajin\u011b.&#8220;<\/span><\/em><\/p>\n<p><span>Podle zpr\u00e1v m\u00e9di\u00ed za posledn\u00ed dva m\u011bs\u00edce z\u00e1padn\u00ed p\u0159edstavitel\u00e9 a vojen\u0161t\u00ed pl\u00e1nova\u010di p\u0159ipustili, \u017ee pokra\u010duj\u00edc\u00ed ukrajinsk\u00e1 protiofenz\u00edva proti rusk\u00fdm sil\u00e1m pravd\u011bpodobn\u011b nebude \u00fasp\u011b\u0161n\u00e1, tak\u017ee frontov\u00e9 linie z\u016fst\u00e1vaj\u00ed s p\u0159\u00edchodem zimy v\u011bt\u0161inou beze zm\u011bny.<\/span><\/p>\n<p><span>Podle rusk\u00e9ho prezidenta Vladimira Putina ztratila Ukrajina od \u010dervna, kdy protiofenz\u00edva za\u010dala, v\u00edce ne\u017e 71 000 mu\u017e\u016f.\u00a0Navzdory tomuto v\u00fdrazn\u00e9mu \u00fabytku \u2013 n\u011bkter\u00e9 jednotky p\u0159i\u0161ly podle ukrajinsk\u00fdch zdroj\u016f o 90 % sv\u00e9 pracovn\u00ed s\u00edly, Stoltenberg trval na tom, \u017ee NATO bude nad\u00e1le prosazovat vojensk\u00e9, nikoli diplomatick\u00e9 \u0159e\u0161en\u00ed.<\/span><\/p>\n<p><a href=\"https:\/\/stranapro.cz\/\"><img decoding=\"async\" loading=\"lazy\" class=\"wp-image-30218 aligncenter\" src=\"http:\/\/www.infokuryr.cz\/n\/wp-content\/uploads\/2023\/06\/PRO-banner-300x36.png\" alt=\"\" width=\"1358\" height=\"163\" srcset=\"https:\/\/www.infokuryr.cz\/n\/wp-content\/uploads\/2023\/06\/PRO-banner-300x36.png 300w, https:\/\/www.infokuryr.cz\/n\/wp-content\/uploads\/2023\/06\/PRO-banner-768x93.png 768w, https:\/\/www.infokuryr.cz\/n\/wp-content\/uploads\/2023\/06\/PRO-banner.png 849w\" sizes=\"(max-width: 1358px) 100vw, 1358px\" \/><\/a><\/p>\n<p><em><span>&#8222;V\u0161ichni si p\u0159ejeme rychl\u00fd m\u00edr,&#8220;<\/span><\/em><span>\u00a0\u0159ekl Stoltenberg.\u00a0<\/span><em><span>\u201eAle z\u00e1rove\u0148 mus\u00edme uznat: pokud prezident Zelenskij a Ukrajinci p\u0159estanou bojovat, jejich zem\u011b u\u017e nebude existovat.\u00a0Pokud prezident Putin a Rusko slo\u017e\u00ed zbran\u011b, budeme m\u00edt m\u00edr.<\/span><\/em><\/p>\n<p><span>Pot\u00e9, co loni v dubnu odstoupil od m\u00edrov\u00e9 dohody zprost\u0159edkovan\u00e9 Tureckem, vydal Zelenskij dekret zakazuj\u00edc\u00ed ve\u0161ker\u00e1 jedn\u00e1n\u00ed s Ruskem.\u00a0Krom\u011b toho opakovan\u011b p\u0159\u00edsahal, \u017ee znovu ovl\u00e1dne b\u00fdval\u00e9 ukrajinsk\u00e9 regiony Don\u011bck, Lugansk, Cherson a Z\u00e1poro\u017e\u00ed, jako\u017e i Krym, z nich\u017e druh\u00fd v roce 2014 drtivou v\u011bt\u0161inou hlasoval pro p\u0159ipojen\u00ed k Rusk\u00e9 federaci.<\/span><\/p>\n<p><span>Zelensk\u00e9ho postoj podporuje Washington, kde \u00fa\u0159edn\u00edci opakovan\u011b trvali na tom, \u017ee pouze ukrajinsk\u00fd prezident m\u016f\u017ee rozhodnout, kdy usilovat o m\u00edr.\u00a0Ve stejn\u00e9 dob\u011b americk\u00fd ministr zahrani\u010d\u00ed Antony Blinken odsoudil Putina za \u00fadajn\u00e9 odm\u00edtnut\u00ed\u00a0<\/span><em><span>\u201esmyslupln\u00e9 diplomacie\u201c.<\/span><\/em><\/p>\n<p><span>Rusko tvrd\u00ed, \u017ee je otev\u0159en\u00e9 diplomatick\u00e9mu \u0159e\u0161en\u00ed konfliktu, ale \u017ee jak\u00e1koli m\u00edrov\u00e1 dohoda by musela vz\u00edt v \u00favahu\u00a0<\/span><em><span>\u201enovou \u00fazemn\u00ed realitu\u201c<\/span><\/em><span>\u00a0\u2013 \u017ee Don\u011bck, Lugansk, Cherson, Z\u00e1poro\u017e\u00ed a Krym nebudou nikdy postoupeny Ukrajin\u011b. .\u00a0Krom\u011b toho rusk\u00fd ministr zahrani\u010d\u00ed Sergej Lavrov \u0159ekl, \u017ee jedn\u00e1n\u00ed se budou konat\u00a0<\/span><em><span>\u201ene se Zelensk\u00fdm, kter\u00fd je loutkou v rukou Z\u00e1padu, ale p\u0159\u00edmo s jeho p\u00e1ny\u201c.\u00a0<\/span><\/em><\/p>\n<p><img decoding=\"async\" loading=\"lazy\" class=\"alignnone size-full wp-image-1185\" src=\"http:\/\/www.infokuryr.cz\/n\/wp-content\/uploads\/2021\/04\/kuryr-podpis.png\" alt=\"\" width=\"84\" height=\"24\" \/><\/p>\n<p>&nbsp;<\/p>\n<p>&nbsp;<\/p>\n","protected":false},"excerpt":{"rendered":"<p>Jens Stoltenberg \u0159ekl, \u017ee konflikt na Ukrajin\u011b neskon\u010d\u00ed, dokud Rusko \u201eslo\u017e\u00ed zbran\u011b\u201c Z\u00e1pad se mus\u00ed&#8230;<\/p>\n","protected":false},"author":2,"featured_media":23068,"comment_status":"closed","ping_status":"closed","sticky":false,"template":"","format":"standard","meta":[],"categories":[7],"tags":[1834,5925,40],"_links":{"self":[{"href":"https:\/\/www.infokuryr.cz\/n\/wp-json\/wp\/v2\/posts\/36450"}],"collection":[{"href":"https:\/\/www.infokuryr.cz\/n\/wp-json\/wp\/v2\/posts"}],"about":[{"href":"https:\/\/www.infokuryr.cz\/n\/wp-json\/wp\/v2\/types\/post"}],"author":[{"embeddable":true,"href":"https:\/\/www.infokuryr.cz\/n\/wp-json\/wp\/v2\/users\/2"}],"replies":[{"embeddable":true,"href":"https:\/\/www.infokuryr.cz\/n\/wp-json\/wp\/v2\/comments?post=36450"}],"version-history":[{"count":0,"href":"https:\/\/www.infokuryr.cz\/n\/wp-json\/wp\/v2\/posts\/36450\/revisions"}],"wp:featuredmedia":[{"embeddable":true,"href":"https:\/\/www.infokuryr.cz\/n\/wp-json\/wp\/v2\/media\/23068"}],"wp:attachment":[{"href":"https:\/\/www.infokuryr.cz\/n\/wp-json\/wp\/v2\/media?parent=36450"}],"wp:term":[{"taxonomy":"category","embeddable":true,"href":"https:\/\/www.infokuryr.cz\/n\/wp-json\/wp\/v2\/categories?post=36450"},{"taxonomy":"post_tag","embeddable":true,"href":"https:\/\/www.infokuryr.cz\/n\/wp-json\/wp\/v2\/tags?post=36450"}],"curies":[{"name":"wp","href":"https:\/\/api.w.org\/{rel}","templated":true}]}}