{"id":3643,"date":"2021-07-29T04:22:29","date_gmt":"2021-07-29T02:22:29","guid":{"rendered":"http:\/\/www.infokuryr.cz\/n\/?p=3643"},"modified":"2021-07-29T04:22:29","modified_gmt":"2021-07-29T02:22:29","slug":"priznala-ze-cesko-okradla-o-210-miliard-a-slovensko-o-160-miliard-putin-se-tomu-zase-smeje","status":"publish","type":"post","link":"https:\/\/www.infokuryr.cz\/n\/2021\/07\/29\/priznala-ze-cesko-okradla-o-210-miliard-a-slovensko-o-160-miliard-putin-se-tomu-zase-smeje\/","title":{"rendered":"P\u0159iznala, \u017ee \u010cesko okradla o 210 miliard a Slovensko o 160 miliard! Putin se tomu zase sm\u011bje!"},"content":{"rendered":"<div id=\"fb-root\"><\/div>\n<p><b>Pra\u017esk\u00e1 kav\u00e1rna a oba D\u00e9mon bloky se neust\u00e1le chlub\u00ed, jak se \u010cech\u016fm \u010dlenstv\u00ed v EU vyplat\u00ed. Podle mafi\u00e1nsk\u00e9 tchyn\u011b\u00a0ministryn\u011b Aleny Schillerov\u00e9 (ANO)pr\u00fd \u010cesko v jenom v roce 2019\u00a0<\/b><a class=\"urlextern\" style=\"font-weight: bold;\" title=\"https:\/\/www.mfcr.cz\/cs\/aktualne\/tiskove-zpravy\/2020\/ceska-republika-ziskala-v-roce-2019-z-ro-37294\" href=\"https:\/\/www.mfcr.cz\/cs\/aktualne\/tiskove-zpravy\/2020\/ceska-republika-ziskala-v-roce-2019-z-ro-37294\" rel=\"nofollow\">vyd\u011blalo na \u010dlenstv\u00ed v EU 68 miliard korun\u00a0<\/a><b>. Podle sv\u011btozn\u00e1m\u00e9ho\u00a0<\/b><a class=\"urlextern\" style=\"font-weight: bold;\" title=\"https:\/\/wiiw.ac.at\/\" href=\"https:\/\/wiiw.ac.at\/\" rel=\"nofollow\">V\u00edde\u0148sk\u00e9ho institutu pro mezin\u00e1rodn\u00ed studia\u00a0<\/a><b>ov\u0161em \u010cesko prod\u011blalo v letech 2015-2021 nejm\u00e9n\u011b 210 miliard K\u010c a Slovensko 160 miliard K\u010c, a to jenom d\u00edky tomu, \u017ee muselo plnit Bruselem na\u0159\u00edzen\u00e9 sankc\u00edm proti Putinovi! Skute\u010dn\u00e1 ztr\u00e1ta \u010ceska i Slovenska bude mnohon\u00e1sobn\u011b vy\u0161\u0161\u00ed!<\/b><\/p>\n<p>Podle V\u00edde\u0148sk\u00e9ho institutu sankce na Putina od roku 2014 znamenaly\u00a0<a class=\"urlextern\" title=\"https:\/\/mandiner.hu\/cikk\/20210721_a_magyarok_is_isszak_a_levet_az_eu_es_oroszorszag_kozti_szankcios_parbajnak\" href=\"https:\/\/mandiner.hu\/cikk\/20210721_a_magyarok_is_isszak_a_levet_az_eu_es_oroszorszag_kozti_szankcios_parbajnak\" rel=\"nofollow\">pro z\u00e1pad EU nepatrn\u00e9 ztr\u00e1ty a pro v\u00fdchod EU velk\u00e9 ztr\u00e1ty<\/a>. N\u011bmecko ztratilo 0,1% HDP ro\u010dn\u011b (929 K\u010c na N\u011bmce). Francie 0,2% (1620 K\u010c na Frant\u00edka). \u010cesko 0,6% (2 819 K\u010c na obyvatele). Ma\u010farsko 0,6% (2 008 K\u010c na Ma\u010fara). Slovensko dokonce 1% HDP (3 853 K\u010c na Slov\u00e1ka). Tyto nerovnom\u011brn\u00e9 ztr\u00e1ty se kumuluj\u00ed tak\u0159ka v\u00fdlu\u010dn\u011b do potravin\u00e1\u0159sk\u00e9ho a zem\u011bd\u011blsk\u00e9ho sektoru ekonomiky!<\/p>\n<p><a class=\"urlextern\" title=\"https:\/\/rmx.news\/hungary\/u-s-russia-sanctions-war-hits-central-european-economies-hard\/\" href=\"https:\/\/rmx.news\/hungary\/u-s-russia-sanctions-war-hits-central-european-economies-hard\/\" rel=\"nofollow\">Rusku Bruselsk\u00e9 sankce nevadily\u00a0<\/a>. Putin rychle zmodernizoval zem\u011bd\u011blsko-potravin\u00e1\u0159sk\u00fd komplex. P\u0159ed sankcemi dov\u00e1\u017eel 35% potravin, nyn\u00ed dov\u00e1\u017e\u00ed u\u017e pouze 20%. Tradi\u010dn\u00ed rusk\u00e9 dovozy p\u0161enice, ml\u00e9ka, masa, s\u00fdr\u016f a dokonce i raj\u010dat nahradila dom\u00e1c\u00ed produkce a\u00a0<a class=\"urlextern\" title=\"https:\/\/jamestown.org\/program\/russias-non-energy-exports-boom-a-not-so-unequivocal-triumph\/\" href=\"https:\/\/jamestown.org\/program\/russias-non-energy-exports-boom-a-not-so-unequivocal-triumph\/\" rel=\"nofollow\">Rusko dokonce zah\u00e1jilo v\u00fdvoz t\u011bchto komodit<\/a>. (V\u00edce podrobnost\u00ed o tomto Rusk\u00e9m \u00fasp\u011bchu v <a class=\"urlextern\" title=\"https:\/\/youtu.be\/5PKjU7bmIoQ\" href=\"https:\/\/youtu.be\/5PKjU7bmIoQ\" rel=\"nofollow\">po\u0159adu MAP 853)\u00a0<\/a>V zem\u00edch v\u00fdchodn\u00ed EU ov\u0161em do\u0161lo k prudk\u00e9mu \u00fapadku produkce. Krom ztr\u00e1ty rusk\u00e9ho trhu se ze z\u00e1padu EU za\u010daly na v\u00fdchod EU valit dotacemi zv\u00fdhodn\u011bn\u00e9 potraviny, a ty zp\u016fsobily \u00fapadek zem\u011bd\u011blstv\u00ed v\u00fdchodn\u00ed EU!<\/p>\n<p><strong>Z\u00e1pad EU m\u00e1 5kr\u00e1t vy\u0161\u0161\u00ed dotace na zem\u011bd\u011blskou produkci a pou\u017e\u00edv\u00e1 stovky tis\u00edc \u201eindick\u00fdch otrok\u016f\u201c, aby pracovali na farm\u00e1ch ji\u017en\u00ed EU za 25K\u010c na hodinu!<\/strong>\u00a0V\u00fdsledkem t\u00e9to nerovnosti je likvidace \u010desk\u00e9ho zem\u011bd\u011blstv\u00ed. \u010cesko u\u017e\u00a0<a class=\"urlextern\" title=\"https:\/\/zpravy.aktualne.cz\/finance\/nakupovani\/potravinova-sobestacnost\/r~8c2d3bc65bce11ebb408ac1f6b220ee8\/\" href=\"https:\/\/zpravy.aktualne.cz\/finance\/nakupovani\/potravinova-sobestacnost\/r~8c2d3bc65bce11ebb408ac1f6b220ee8\/\" rel=\"nofollow\">produkuje pouze malou \u010d\u00e1st sv\u00e9 spot\u0159eby\u00a0<\/a>. V\u00edno: 29,3 % \u010cesnek: 28 % \u010cerstv\u00e1 zelenina: 35,5 % Kedlubny 38 % Cibule: 43 % Mrkev: 48 % Vep\u0159ov\u00e9 maso: 50,8 % Zel\u00ed: 52 % Jablka konzumn\u00ed: 50%.<\/p>\n<p>Ono nen\u00ed divu. Kombinace modern\u00edho otrok\u00e1\u0159stv\u00ed (<a class=\"urlextern\" title=\"https:\/\/timesofindia.indiatimes.com\/india\/six-years-a-slave-indian-farm-workers-exploited-in-italy\/articleshow\/84398137.cms\" href=\"https:\/\/timesofindia.indiatimes.com\/india\/six-years-a-slave-indian-farm-workers-exploited-in-italy\/articleshow\/84398137.cms\" rel=\"nofollow\">Rozebr\u00e1no podrobn\u011b v po\u0159adu na z\u00e1klad\u011b zpr\u00e1vy italsk\u00e9ho prokur\u00e1tora,\u00a0<\/a>) a p\u0159emr\u0161t\u011bn\u00fdch dotac\u00ed je smrteln\u00fd koktejl.\u00a0<strong><a class=\"urlextern\" title=\"https:\/\/www.fintag.cz\/2019\/05\/05\/zdenek-jandejsek-dotace-v-cr-jsou-na-20-dotaci-starych-unijnich-zemi\/\" href=\"https:\/\/www.fintag.cz\/2019\/05\/05\/zdenek-jandejsek-dotace-v-cr-jsou-na-20-dotaci-starych-unijnich-zemi\/\" rel=\"nofollow\">Belgick\u00fd farm\u00e1\u0159 dost\u00e1v\u00e1 4800 EUR ro\u010dn\u011b na zam\u011bstnance se z\u00e1kladn\u00edm vzd\u011bl\u00e1n\u00edm.\u00a0<\/a>6000 EUR ro\u010dn\u011b na vyu\u010den\u00e9ho nebo s maturitou, plus jednor\u00e1zov\u00fd p\u0159\u00edsp\u011bvek na n\u00e1bor pracovn\u00edka 20 000 EUR. 8000 EUR ro\u010dn\u011b na vysoko\u0161kol\u00e1ka plus 30 000 EUR na jeho n\u00e1bor.<\/strong> Celkov\u00e1 suma dotac\u00ed \u010desk\u00e9ho zem\u011bd\u011blce p\u0159edstavuje pouze 20% sumy dotac\u00ed z\u00e1padoevropsk\u00e9ho zem\u011bd\u011blce.<\/p>\n<p>V\u00fdsledkem politiky Bruselu je, \u017ee se v \u010cesku da\u0159\u00ed pouze latifundistovi Babi\u0161ovi a spol., proto\u017ee pouze mechanizovan\u00e1 latifundie m\u016f\u017ee b\u00fdt na v\u00fdchod\u011b EU rentabiln\u00ed. Cesta je prost\u00e1. Srovnat dotace a budou \u010cesk\u00e1 a zejm\u00e9na Slovensk\u00e9 dotace.<\/p>\n<p><a href=\"http:\/\/michalapetr.cz\/doku.php\">ZDROJ<\/a><\/p>\n<p>&nbsp;<\/p>\n","protected":false},"excerpt":{"rendered":"<p>Pra\u017esk\u00e1 kav\u00e1rna a oba D\u00e9mon bloky se neust\u00e1le chlub\u00ed, jak se \u010cech\u016fm \u010dlenstv\u00ed v EU&#8230;<\/p>\n","protected":false},"author":2,"featured_media":1024,"comment_status":"closed","ping_status":"closed","sticky":false,"template":"","format":"standard","meta":[],"categories":[6],"tags":[506,920,41,959,90],"_links":{"self":[{"href":"https:\/\/www.infokuryr.cz\/n\/wp-json\/wp\/v2\/posts\/3643"}],"collection":[{"href":"https:\/\/www.infokuryr.cz\/n\/wp-json\/wp\/v2\/posts"}],"about":[{"href":"https:\/\/www.infokuryr.cz\/n\/wp-json\/wp\/v2\/types\/post"}],"author":[{"embeddable":true,"href":"https:\/\/www.infokuryr.cz\/n\/wp-json\/wp\/v2\/users\/2"}],"replies":[{"embeddable":true,"href":"https:\/\/www.infokuryr.cz\/n\/wp-json\/wp\/v2\/comments?post=3643"}],"version-history":[{"count":0,"href":"https:\/\/www.infokuryr.cz\/n\/wp-json\/wp\/v2\/posts\/3643\/revisions"}],"wp:featuredmedia":[{"embeddable":true,"href":"https:\/\/www.infokuryr.cz\/n\/wp-json\/wp\/v2\/media\/1024"}],"wp:attachment":[{"href":"https:\/\/www.infokuryr.cz\/n\/wp-json\/wp\/v2\/media?parent=3643"}],"wp:term":[{"taxonomy":"category","embeddable":true,"href":"https:\/\/www.infokuryr.cz\/n\/wp-json\/wp\/v2\/categories?post=3643"},{"taxonomy":"post_tag","embeddable":true,"href":"https:\/\/www.infokuryr.cz\/n\/wp-json\/wp\/v2\/tags?post=3643"}],"curies":[{"name":"wp","href":"https:\/\/api.w.org\/{rel}","templated":true}]}}