{"id":36394,"date":"2023-09-17T04:11:51","date_gmt":"2023-09-17T02:11:51","guid":{"rendered":"http:\/\/www.infokuryr.cz\/n\/?p=36394"},"modified":"2023-09-17T04:11:51","modified_gmt":"2023-09-17T02:11:51","slug":"nove-dokumenty-jsou-v-rozporu-s-tvrzenimi-vatikanu-o-vrazdach-zidu-z-druhe-svetove-valky","status":"publish","type":"post","link":"https:\/\/www.infokuryr.cz\/n\/2023\/09\/17\/nove-dokumenty-jsou-v-rozporu-s-tvrzenimi-vatikanu-o-vrazdach-zidu-z-druhe-svetove-valky\/","title":{"rendered":"Nov\u00e9 dokumenty jsou v rozporu s tvrzen\u00edmi Vatik\u00e1nu o vra\u017ed\u00e1ch \u017did\u016f z druh\u00e9 sv\u011btov\u00e9 v\u00e1lky"},"content":{"rendered":"<div id=\"fb-root\"><\/div>\n<p><span style=\"font-size: 18pt;\"><strong>Pape\u017e Pius XII \u00fadajn\u011b v\u011bd\u011bl o ka\u017edodenn\u00edch vra\u017ed\u00e1ch a\u017e 6 000 Pol\u00e1k\u016f a \u017did\u016f v t\u00e1bo\u0159e smrti Belzec<\/strong><\/span><\/p>\n<p><span>Podle dopisu, kter\u00fd v sobotu zve\u0159ejnil italsk\u00fd list Corriere della Sera, se pape\u017e Pius XII. dozv\u011bd\u011bl o vra\u017ed\u00e1ch tis\u00edc\u016f \u017did\u016f ve vyhlazovac\u00edm t\u00e1bo\u0159e Belzec v nacisty okupovan\u00e9m Polsku.\u00a0Vatik\u00e1n dlouho tvrdil, \u017ee si nebyl v\u011bdom skute\u010dn\u00e9ho rozsahu holocaustu.<\/span><\/p>\n<p><span>Dopis adresovan\u00fd Piovu sekret\u00e1\u0159i napsal n\u011bmeck\u00fd jezuitsk\u00fd kn\u011bz Lothar Koenig v prosinci 1942 a ned\u00e1vno ho objevil vatik\u00e1nsk\u00fd archiv\u00e1\u0159.<\/span><\/p>\n<p><span>V dopise se kn\u011bz \u00fadajn\u011b zmi\u0148uje o plynov\u00e9 komo\u0159e provozovan\u00e9 SS v t\u00e1bo\u0159e smrti Belzec v Polsku, p\u0159i\u010dem\u017e odkazuje tak\u00e9 na vyhlazovac\u00ed t\u00e1bor v Osv\u011btimi.\u00a0<\/span><\/p>\n<p><span>Koenig \u00fadajn\u011b popisuje, jak\u00a0<\/span><em><span>\u201eka\u017ed\u00fd den zem\u0159e a\u017e 6 000 mu\u017e\u016f, zejm\u00e9na Pol\u00e1k\u016f a \u017did\u016f\u201c<\/span><\/em><span>\u00a0ve\u00a0<\/span><em><span>\u201evysok\u00fdch pec\u00edch\u201c<\/span><\/em><span>\u00a0v Belzecu.<\/span><\/p>\n<p><span>Nen\u00ed jasn\u00e9, zda Pius n\u011bkdy \u010detl Koenig\u016fv dopis.\u00a0Pape\u017e v\u0161ak ve stejn\u00e9m m\u011bs\u00edci roku 1942 za\u010dal p\u0159ij\u00edmat korespondenci od britsk\u00fdch a polsk\u00fdch vyslanc\u016f, kte\u0159\u00ed ho informovali, \u017ee v t\u00e9 dob\u011b ji\u017e bylo v Polsku nacistick\u00fdm re\u017eimem zavra\u017ed\u011bno a\u017e milion \u017did\u016f.<\/span><\/p>\n<p><span>V projevu doru\u010den\u00e9m dva t\u00fddny po obdr\u017een\u00ed Koenigova dopisu se pape\u017e vyslovil proti zab\u00edjen\u00ed\u00a0<\/span><em><span>\u201estovek tis\u00edc\u201c\u00a0<\/span><\/em><em><span>\u201ebezchybn\u00fdch\u201c<\/span><\/em><span>\u00a0lid\u00ed\u00a0kv\u016fli jejich\u00a0<\/span><em><span>\u201en\u00e1rodnosti nebo rase\u201c.\u00a0<\/span><\/em><span>V adrese pachatele ani ob\u011bti t\u011bchto vra\u017ed neuvedl.<\/span><\/p>\n<p><span>Kritici Pia dlouho tvrdili, \u017ee pape\u017e neud\u011blal dost, aby upozornil na holocaust, a \u017ee byl ve sv\u00fdch prohl\u00e1\u0161en\u00edch k t\u00e9to z\u00e1le\u017eitosti p\u0159\u00edli\u0161 opatrn\u00fd.\u00a0Jeho p\u0159\u00edznivci \u0159\u00edkaj\u00ed, \u017ee byl v\u00e1z\u00e1n neutralitou Svat\u00e9ho stolce a diplomatickou cestou se sna\u017eil zachr\u00e1nit\u00a0<\/span><a href=\"https:\/\/www.catholicleague.org\/the-real-story-of-pius-xii-and-the-jews\/\" target=\"_blank\" rel=\"noopener noreferrer\"><span>a\u017e<\/span><\/a><span>\u00a0800 000 \u017eidovsk\u00fdch \u017eivot\u016f.<\/span><\/p>\n<p><span>Nav\u00edc Koenig \u00fadajn\u011b prosil Piovu sekret\u00e1\u0159ku, aby nezve\u0159ej\u0148ovala obsah jeho dopisu ze strachu, \u017ee nacistick\u00e9 \u00fa\u0159ady zabij\u00ed jeho a jeho zdroje odporu.\u00a0<\/span><\/p>\n<p><span>Po v\u00e1lce dostal Pius od v\u016fdce Sv\u011btov\u00e9 \u017eidovsk\u00e9 rady Dr Leona Kubowitzkyho\u00a0<\/span><em><span>\u201ejako uzn\u00e1n\u00ed pr\u00e1ce Svat\u00e9ho stolce p\u0159i z\u00e1chran\u011b \u017did\u016f p\u0159ed fa\u0161istick\u00fdmi a nacistick\u00fdmi perzekucemi\u201c finan\u010dn\u00ed obnos.\u00a0<\/span><\/em><span>Vyznamenali ho tak\u00e9 izrael\u0161t\u00ed premi\u00e9\u0159i Golda Meirov\u00e1 a Mo\u0161e \u0160arett a vrchn\u00ed rab\u00edn Jicchak HaLevi Herzog.<\/span><\/p>\n<p><span>Koenig\u016fv dopis a dal\u0161\u00ed korespondence z jeho pape\u017estv\u00ed maj\u00ed b\u00fdt projedn\u00e1ny na \u0159\u00edmsk\u00e9 Pape\u017esk\u00e9 Gregori\u00e1nsk\u00e9 univerzit\u011b p\u0159\u00ed\u0161t\u00ed m\u011bs\u00edc.\u00a0Konference se z\u00fa\u010dastn\u00ed z\u00e1stupci izraelsk\u00e9ho institutu pro v\u00fdzkum holocaustu Yad Vashem, americk\u00e9ho pam\u00e1tn\u00edku holocaustu a izraelsk\u00e9 a americk\u00e9 ambas\u00e1dy, uvedla v sobotu agentura Associated Press.<\/span><\/p>\n<p><img decoding=\"async\" loading=\"lazy\" class=\"alignnone size-full wp-image-1185\" src=\"http:\/\/www.infokuryr.cz\/n\/wp-content\/uploads\/2021\/04\/kuryr-podpis.png\" alt=\"\" width=\"84\" height=\"24\" \/><\/p>\n<p>&nbsp;<\/p>\n<p><a href=\"https:\/\/stranapro.cz\/\"><img decoding=\"async\" loading=\"lazy\" class=\"wp-image-30218 aligncenter\" src=\"http:\/\/www.infokuryr.cz\/n\/wp-content\/uploads\/2023\/06\/PRO-banner-300x36.png\" alt=\"\" width=\"1367\" height=\"164\" srcset=\"https:\/\/www.infokuryr.cz\/n\/wp-content\/uploads\/2023\/06\/PRO-banner-300x36.png 300w, https:\/\/www.infokuryr.cz\/n\/wp-content\/uploads\/2023\/06\/PRO-banner-768x93.png 768w, https:\/\/www.infokuryr.cz\/n\/wp-content\/uploads\/2023\/06\/PRO-banner.png 849w\" sizes=\"(max-width: 1367px) 100vw, 1367px\" \/><\/a><\/p>\n<p>&nbsp;<\/p>\n<p>&nbsp;<\/p>\n<p>&nbsp;<\/p>\n","protected":false},"excerpt":{"rendered":"<p>Pape\u017e Pius XII \u00fadajn\u011b v\u011bd\u011bl o ka\u017edodenn\u00edch vra\u017ed\u00e1ch a\u017e 6 000 Pol\u00e1k\u016f a \u017did\u016f v&#8230;<\/p>\n","protected":false},"author":2,"featured_media":36395,"comment_status":"closed","ping_status":"closed","sticky":false,"template":"","format":"standard","meta":[],"categories":[7],"tags":[1286,254,40,329,92],"_links":{"self":[{"href":"https:\/\/www.infokuryr.cz\/n\/wp-json\/wp\/v2\/posts\/36394"}],"collection":[{"href":"https:\/\/www.infokuryr.cz\/n\/wp-json\/wp\/v2\/posts"}],"about":[{"href":"https:\/\/www.infokuryr.cz\/n\/wp-json\/wp\/v2\/types\/post"}],"author":[{"embeddable":true,"href":"https:\/\/www.infokuryr.cz\/n\/wp-json\/wp\/v2\/users\/2"}],"replies":[{"embeddable":true,"href":"https:\/\/www.infokuryr.cz\/n\/wp-json\/wp\/v2\/comments?post=36394"}],"version-history":[{"count":0,"href":"https:\/\/www.infokuryr.cz\/n\/wp-json\/wp\/v2\/posts\/36394\/revisions"}],"wp:featuredmedia":[{"embeddable":true,"href":"https:\/\/www.infokuryr.cz\/n\/wp-json\/wp\/v2\/media\/36395"}],"wp:attachment":[{"href":"https:\/\/www.infokuryr.cz\/n\/wp-json\/wp\/v2\/media?parent=36394"}],"wp:term":[{"taxonomy":"category","embeddable":true,"href":"https:\/\/www.infokuryr.cz\/n\/wp-json\/wp\/v2\/categories?post=36394"},{"taxonomy":"post_tag","embeddable":true,"href":"https:\/\/www.infokuryr.cz\/n\/wp-json\/wp\/v2\/tags?post=36394"}],"curies":[{"name":"wp","href":"https:\/\/api.w.org\/{rel}","templated":true}]}}