{"id":36379,"date":"2023-09-17T01:16:34","date_gmt":"2023-09-16T23:16:34","guid":{"rendered":"http:\/\/www.infokuryr.cz\/n\/?p=36379"},"modified":"2023-09-16T19:18:24","modified_gmt":"2023-09-16T17:18:24","slug":"kyjev-naridil-uzavreni-krestanskych-kostelu","status":"publish","type":"post","link":"https:\/\/www.infokuryr.cz\/n\/2023\/09\/17\/kyjev-naridil-uzavreni-krestanskych-kostelu\/","title":{"rendered":"Kyjev na\u0159\u00eddil uzav\u0159en\u00ed k\u0159es\u0165ansk\u00fdch kostel\u016f"},"content":{"rendered":"<div id=\"fb-root\"><\/div>\n<p><span style=\"font-size: 18pt;\"><strong>Majetek ukrajinsk\u00e9 pravoslavn\u00e9 c\u00edrkve je zabavov\u00e1n kv\u016fli \u00fadajn\u00fdm \u201evazb\u00e1m na Moskvu\u201c<\/strong><\/span><\/p>\n<p><span>Starosta Kyjeva Vitalij Kli\u010dko v p\u00e1tek na\u0159\u00eddil uzav\u0159en\u00ed 74 kostel\u016f pat\u0159\u00edc\u00edch kanonick\u00e9 Ukrajinsk\u00e9 pravoslavn\u00e9 c\u00edrkvi (UOC) s odkazem na jej\u00ed \u00fadajn\u00e9 \u201e\u00a0<\/span><em><span>p\u0159\u00edm\u00e9 vazby\u201c<\/span><\/em><span>\u00a0na Moskevsk\u00fd patriarch\u00e1t Rusk\u00e9 pravoslavn\u00e9 c\u00edrkve.<\/span><\/p>\n<p><span>Kli\u010dk\u016fv dekret je podobn\u00fd tomu, kter\u00fd byl pou\u017eit k obsazen\u00ed Kyjevskope\u010dersk\u00e9 l\u00e1vry neboli Kl\u00e1\u0161tera jeskyn\u00ed, na kter\u00fd ukrajinsk\u00e1 policie <\/span><a href=\"https:\/\/www.rt.com\/russia\/581304-ukraine-raid-kiev-lavra\/\"><span>za\u00fato\u010dila<\/span><\/a><span>\u00a0minul\u00fd m\u011bs\u00edc.\u00a0Sv\u011btozn\u00e1m\u00e9 svat\u00e9 m\u00edsto, kter\u00e9 je star\u00e9 t\u00e9m\u011b\u0159 1000 let, bylo p\u0159ed\u00e1no st\u00e1tn\u00ed ukrajinsk\u00e9 pravoslavn\u00e9 c\u00edrkvi, konkuren\u010dn\u00ed organizaci zalo\u017een\u00e9 vl\u00e1dou v roce 2018.<\/span><\/p>\n<p><span>L\u00e1vra je technicky st\u00e1tn\u00edm majetkem, ale c\u00edrkev ji spravovala na z\u00e1klad\u011b dohody z roku 2013, kterou Kyjev za\u010d\u00e1tkem tohoto roku prohl\u00e1sil za neplatnou a prohl\u00e1sil, \u017ee ji c\u00edrkev poru\u0161ila t\u00edm, \u017ee m\u011bla vazby na \u201e <\/span><em><span>nep\u0159\u00e1telsk\u00fd n\u00e1rod\u201c<\/span><\/em><span>\u00a0Rusko.\u00a0Ukrajinsk\u00e9 soudy\u00a0<\/span><a href=\"https:\/\/www.rt.com\/russia\/581124-kiev-pechersk-lavra-court\/\"><span>zam\u00edtly<\/span><\/a><span>\u00a0odvol\u00e1n\u00ed UOC.<\/span><\/p>\n<p><span>Nov\u011b sekvestrovan\u00e9 lokality mohou b\u00fdt p\u0159ed\u00e1ny OCU nebo Ukrajinsk\u00e9 \u0159eckokatolick\u00e9 c\u00edrkvi, kter\u00e1 je ve spole\u010denstv\u00ed s \u0158\u00edmem, nebo mohou b\u00fdt dokonce zbour\u00e1ny jako \u201e\u00a0<\/span><em><span>nez\u00e1konn\u00e9 objekty\u201c<\/span><\/em><span>\u00a0vzhledem k tomu, \u017ee vl\u00e1da zru\u0161ila smlouvy o pron\u00e1jmu a u\u017e\u00edv\u00e1n\u00ed.<\/span><\/p>\n<p><span>V b\u0159eznu prezident Vladimir Zelenskij\u00a0<\/span><a href=\"https:\/\/www.rt.com\/russia\/572918-zelensky-kiev-pechersk-lavra-takeover\/\"><span>nazval<\/span><\/a><span>\u00a0obsazen\u00ed L\u00e1vry\u00a0<\/span><em><span>\u201etahem k pos\u00edlen\u00ed na\u0161\u00ed duchovn\u00ed nez\u00e1vislosti\u201c<\/span><\/em><span>\u00a0a obvinil UOC, \u017ee je n\u00e1strojem Ruska.\u00a0T\u0159etina ukrajinsk\u00fdch region\u016f\u00a0zat\u00edm UOC\u00a0 p\u0159\u00edmo\u00a0<\/span><a href=\"https:\/\/www.rt.com\/russia\/575506-ukraine-vinnitsa-church-ban\/\"><span>zak\u00e1zala.<\/span><\/a><\/p>\n<p><span>Moskva\u00a0<\/span><a href=\"https:\/\/www.rt.com\/russia\/580381-church-crackdown-ukraine-report\/\"><span>obvinila<\/span><\/a><span>\u00a0Kyjev z pron\u00e1sledov\u00e1n\u00ed kanonick\u00e9 pravoslavn\u00e9 c\u00edrkve a Washington za tich\u00e9 schvalov\u00e1n\u00ed akc\u00ed Ukrajiny.\u00a0Americk\u00e9 ministerstvo zahrani\u010d\u00ed, kter\u00e9 ka\u017edoro\u010dn\u011b vyd\u00e1v\u00e1 zpr\u00e1vu\u00a0<\/span><em><span>o \u201en\u00e1bo\u017eensk\u00e9 svobod\u011b\u201c<\/span><\/em><span> , nikdy nekomentovalo kyjevskou kampa\u0148 proti v\u011b\u0159\u00edc\u00edm a duchovn\u00edm UOC. Dosud zve\u0159ejn\u011bn\u00e9 zpr\u00e1vy obsahuj\u00ed pouze odkazy na setk\u00e1n\u00ed se z\u00e1stupci vl\u00e1dou podporovan\u00e9ho c\u00edrkevn\u00edho spole\u010denstv\u00ed.<\/span><\/p>\n<p><img decoding=\"async\" loading=\"lazy\" class=\"alignnone size-full wp-image-1185\" src=\"http:\/\/www.infokuryr.cz\/n\/wp-content\/uploads\/2021\/04\/kuryr-podpis.png\" alt=\"\" width=\"84\" height=\"24\" \/><\/p>\n<p>&nbsp;<\/p>\n<p><a href=\"https:\/\/stranapro.cz\/\"><img decoding=\"async\" loading=\"lazy\" class=\"wp-image-30218 aligncenter\" src=\"http:\/\/www.infokuryr.cz\/n\/wp-content\/uploads\/2023\/06\/PRO-banner-300x36.png\" alt=\"\" width=\"1358\" height=\"163\" srcset=\"https:\/\/www.infokuryr.cz\/n\/wp-content\/uploads\/2023\/06\/PRO-banner-300x36.png 300w, https:\/\/www.infokuryr.cz\/n\/wp-content\/uploads\/2023\/06\/PRO-banner-768x93.png 768w, https:\/\/www.infokuryr.cz\/n\/wp-content\/uploads\/2023\/06\/PRO-banner.png 849w\" sizes=\"(max-width: 1358px) 100vw, 1358px\" \/><\/a><\/p>\n<p>&nbsp;<\/p>\n<p>&nbsp;<\/p>\n<p>&nbsp;<\/p>\n","protected":false},"excerpt":{"rendered":"<p>Majetek ukrajinsk\u00e9 pravoslavn\u00e9 c\u00edrkve je zabavov\u00e1n kv\u016fli \u00fadajn\u00fdm \u201evazb\u00e1m na Moskvu\u201c Starosta Kyjeva Vitalij Kli\u010dko&#8230;<\/p>\n","protected":false},"author":2,"featured_media":25211,"comment_status":"closed","ping_status":"closed","sticky":false,"template":"","format":"standard","meta":[],"categories":[7],"tags":[1717,221,250,1757],"_links":{"self":[{"href":"https:\/\/www.infokuryr.cz\/n\/wp-json\/wp\/v2\/posts\/36379"}],"collection":[{"href":"https:\/\/www.infokuryr.cz\/n\/wp-json\/wp\/v2\/posts"}],"about":[{"href":"https:\/\/www.infokuryr.cz\/n\/wp-json\/wp\/v2\/types\/post"}],"author":[{"embeddable":true,"href":"https:\/\/www.infokuryr.cz\/n\/wp-json\/wp\/v2\/users\/2"}],"replies":[{"embeddable":true,"href":"https:\/\/www.infokuryr.cz\/n\/wp-json\/wp\/v2\/comments?post=36379"}],"version-history":[{"count":1,"href":"https:\/\/www.infokuryr.cz\/n\/wp-json\/wp\/v2\/posts\/36379\/revisions"}],"predecessor-version":[{"id":36380,"href":"https:\/\/www.infokuryr.cz\/n\/wp-json\/wp\/v2\/posts\/36379\/revisions\/36380"}],"wp:featuredmedia":[{"embeddable":true,"href":"https:\/\/www.infokuryr.cz\/n\/wp-json\/wp\/v2\/media\/25211"}],"wp:attachment":[{"href":"https:\/\/www.infokuryr.cz\/n\/wp-json\/wp\/v2\/media?parent=36379"}],"wp:term":[{"taxonomy":"category","embeddable":true,"href":"https:\/\/www.infokuryr.cz\/n\/wp-json\/wp\/v2\/categories?post=36379"},{"taxonomy":"post_tag","embeddable":true,"href":"https:\/\/www.infokuryr.cz\/n\/wp-json\/wp\/v2\/tags?post=36379"}],"curies":[{"name":"wp","href":"https:\/\/api.w.org\/{rel}","templated":true}]}}