{"id":36377,"date":"2023-09-17T01:15:02","date_gmt":"2023-09-16T23:15:02","guid":{"rendered":"http:\/\/www.infokuryr.cz\/n\/?p=36377"},"modified":"2023-09-16T19:10:57","modified_gmt":"2023-09-16T17:10:57","slug":"george-soros-financoval-tiktok-army-joea-bidena","status":"publish","type":"post","link":"https:\/\/www.infokuryr.cz\/n\/2023\/09\/17\/george-soros-financoval-tiktok-army-joea-bidena\/","title":{"rendered":"George Soros financoval \u201eTikTok Army\u201c Joea Bidena"},"content":{"rendered":"<div id=\"fb-root\"><\/div>\n<p><span style=\"font-size: 18pt;\"><strong>Ovliv\u0148ova\u010di pak \u0161\u00ed\u0159ili body jedn\u00e1n\u00ed B\u00edl\u00e9ho domu o Ukrajin\u011b a Covidu-19, tvrd\u00ed outlet<\/strong><\/span><\/p>\n<p>Miliard\u00e1\u0159sk\u00fd finan\u010dn\u00edk George Soros loni p\u0159edal nejm\u00e9n\u011b 300 000 dolar\u016f skupin\u011b levicov\u00fdch tv\u016frc\u016f TikTok, kte\u0159\u00ed tyto finance pou\u017eili k prosazen\u00ed nes\u010detn\u00fdch liber\u00e1ln\u00edch narativ\u016f, uvedl v sobotu list New York Post.\u00a0Skupina \u010dasto pracovala pod p\u0159\u00edm\u00fdmi pokyny z B\u00edl\u00e9ho domu.<\/p>\n<p>Sorosovy nadace Open Society Foundations darovaly v letech 2020 a 2021 5,5 milionu dolar\u016f neziskov\u00e9 organizaci Accelerate Action Inc., kter\u00e1 zase v roce 2022 v\u011bnovala alespo\u0148 300 000 dolar\u016f Gen Z pro zm\u011bnu, uvedly noviny s odkazem na da\u0148ov\u00e9 p\u0159izn\u00e1n\u00ed.<\/p>\n<p>Gen Z for Change se popisuje jako s\u00ed\u0165 v\u00edce ne\u017e 500\u00a0<em>\u201eaktivist\u016f, organiz\u00e1tor\u016f a tv\u016frc\u016f soci\u00e1ln\u00edch m\u00e9di\u00ed\u201c.\u00a0<\/em>Na r\u016fzn\u00fdch platform\u00e1ch soci\u00e1ln\u00edch m\u00e9di\u00ed skupina\u00a0podle sv\u00fdch webov\u00fdch str\u00e1nek zve\u0159ej\u0148uje obsah propaguj\u00edc\u00ed potraty, kontrolu zbran\u00ed, liber\u00e1ln\u00ed imigra\u010dn\u00ed politiku a\u00a0<em>\u201eklimatickou spravedlnost\u201c .<\/em><\/p>\n<p>Tyto kauzy byly dlouho prosazov\u00e1ny Sorosem.\u00a0Gener\u00e1l Z pro zm\u011bnu se v\u0161ak tak\u00e9 ocitl najat\u00fd prezidentem Joe Bidenem, aby \u0161\u00ed\u0159il jeho poselstv\u00ed a \u00fato\u010dil na republik\u00e1nsk\u00e9 politiky.<\/p>\n<p>\u010clenov\u00e9 Gen Z pro zm\u011bnu byli v roce 2021\u00a0<a href=\"https:\/\/www.rt.com\/usa\/531681-white-house-influencers-email-covid19\/\" target=\"_blank\" rel=\"noopener noreferrer\">pozv\u00e1ni<\/a>\u00a0k rozhovoru s tehdej\u0161\u00edm carem koronaviru B\u00edl\u00e9ho domu Dr. Anthonym Faucim a loni byli\u00a0<a href=\"https:\/\/www.rt.com\/news\/551756-us-briefing-tiktok-influencers-ukraine\/\" target=\"_blank\" rel=\"noopener noreferrer\">p\u0159edvol\u00e1ni<\/a>\u00a0do B\u00edl\u00e9ho domu na briefing o konfliktu na Ukrajin\u011b, b\u011bhem kter\u00e9ho byli po\u017e\u00e1d\u00e1ni, aby p\u0159edlo\u017eili\u00a0<em>\u201evysv\u011btluj\u00edc\u00ed \u201d<\/em>\u00a0obsah o politice a c\u00edlech USA v konfliktu.<\/p>\n<p>\u00datuln\u00fd vztah mezi Bidenovou administrativou a Gen Z for Change si vyslou\u017eil zna\u010dnou pozornost m\u00e9di\u00ed a minul\u00fd rok byl\u00a0<a href=\"https:\/\/www.youtube.com\/watch?v=D1J8t97gPW4\" target=\"_blank\" rel=\"noopener noreferrer\">zesm\u011b\u0161\u0148ov\u00e1n<\/a>\u00a0po\u0159adem Saturday Night Live.<\/p>\n<p>Krom\u011b financov\u00e1n\u00ed kampan\u00ed na soci\u00e1ln\u00edch s\u00edt\u00edch Soros tak\u00e9 b\u011bhem lo\u0148sk\u00e9 st\u0159edn\u011bdob\u00e9 sez\u00f3ny nasm\u011broval 128 milion\u016f dolar\u016f demokratick\u00fdm kandid\u00e1t\u016fm a organizac\u00edm, \u010d\u00edm\u017e se stal nejv\u011bt\u0161\u00edm d\u00e1rcem tohoto volebn\u00edho cyklu.\u00a0Soros od t\u00e9 doby odstoupil z \u010dela Open Society Foundations a p\u0159edal kontrolu nad nevl\u00e1dn\u00ed organizac\u00ed sv\u00e9mu synovi Alexi Sorosovi.<\/p>\n<p><img decoding=\"async\" loading=\"lazy\" class=\"alignnone size-full wp-image-1185\" src=\"http:\/\/www.infokuryr.cz\/n\/wp-content\/uploads\/2021\/04\/kuryr-podpis.png\" alt=\"\" width=\"84\" height=\"24\" \/><\/p>\n<p>&nbsp;<\/p>\n<p><a href=\"https:\/\/stranapro.cz\/\"><img decoding=\"async\" loading=\"lazy\" class=\"wp-image-30218 aligncenter\" src=\"http:\/\/www.infokuryr.cz\/n\/wp-content\/uploads\/2023\/06\/PRO-banner-300x36.png\" alt=\"\" width=\"1375\" height=\"165\" srcset=\"https:\/\/www.infokuryr.cz\/n\/wp-content\/uploads\/2023\/06\/PRO-banner-300x36.png 300w, https:\/\/www.infokuryr.cz\/n\/wp-content\/uploads\/2023\/06\/PRO-banner-768x93.png 768w, https:\/\/www.infokuryr.cz\/n\/wp-content\/uploads\/2023\/06\/PRO-banner.png 849w\" sizes=\"(max-width: 1375px) 100vw, 1375px\" \/><\/a><\/p>\n<p>&nbsp;<\/p>\n<p>&nbsp;<\/p>\n<p>&nbsp;<\/p>\n","protected":false},"excerpt":{"rendered":"<p>Ovliv\u0148ova\u010di pak \u0161\u00ed\u0159ili body jedn\u00e1n\u00ed B\u00edl\u00e9ho domu o Ukrajin\u011b a Covidu-19, tvrd\u00ed outlet Miliard\u00e1\u0159sk\u00fd finan\u010dn\u00edk&#8230;<\/p>\n","protected":false},"author":2,"featured_media":19338,"comment_status":"closed","ping_status":"closed","sticky":false,"template":"","format":"standard","meta":[],"categories":[7],"tags":[2062,1815,1035,2530],"_links":{"self":[{"href":"https:\/\/www.infokuryr.cz\/n\/wp-json\/wp\/v2\/posts\/36377"}],"collection":[{"href":"https:\/\/www.infokuryr.cz\/n\/wp-json\/wp\/v2\/posts"}],"about":[{"href":"https:\/\/www.infokuryr.cz\/n\/wp-json\/wp\/v2\/types\/post"}],"author":[{"embeddable":true,"href":"https:\/\/www.infokuryr.cz\/n\/wp-json\/wp\/v2\/users\/2"}],"replies":[{"embeddable":true,"href":"https:\/\/www.infokuryr.cz\/n\/wp-json\/wp\/v2\/comments?post=36377"}],"version-history":[{"count":1,"href":"https:\/\/www.infokuryr.cz\/n\/wp-json\/wp\/v2\/posts\/36377\/revisions"}],"predecessor-version":[{"id":36378,"href":"https:\/\/www.infokuryr.cz\/n\/wp-json\/wp\/v2\/posts\/36377\/revisions\/36378"}],"wp:featuredmedia":[{"embeddable":true,"href":"https:\/\/www.infokuryr.cz\/n\/wp-json\/wp\/v2\/media\/19338"}],"wp:attachment":[{"href":"https:\/\/www.infokuryr.cz\/n\/wp-json\/wp\/v2\/media?parent=36377"}],"wp:term":[{"taxonomy":"category","embeddable":true,"href":"https:\/\/www.infokuryr.cz\/n\/wp-json\/wp\/v2\/categories?post=36377"},{"taxonomy":"post_tag","embeddable":true,"href":"https:\/\/www.infokuryr.cz\/n\/wp-json\/wp\/v2\/tags?post=36377"}],"curies":[{"name":"wp","href":"https:\/\/api.w.org\/{rel}","templated":true}]}}