{"id":36361,"date":"2023-09-17T01:07:06","date_gmt":"2023-09-16T23:07:06","guid":{"rendered":"http:\/\/www.infokuryr.cz\/n\/?p=36361"},"modified":"2023-09-16T08:11:01","modified_gmt":"2023-09-16T06:11:01","slug":"zeme-g7-oznami-zakaz-dovozu-ruskych-diamantu-v-nasledujicich-tydnech","status":"publish","type":"post","link":"https:\/\/www.infokuryr.cz\/n\/2023\/09\/17\/zeme-g7-oznami-zakaz-dovozu-ruskych-diamantu-v-nasledujicich-tydnech\/","title":{"rendered":"Zem\u011b G7 ozn\u00e1m\u00ed z\u00e1kaz dovozu rusk\u00fdch diamant\u016f v n\u00e1sleduj\u00edc\u00edch t\u00fddnech"},"content":{"rendered":"<div id=\"fb-root\"><\/div>\n<p class=\"lead\"><strong>Zem\u011b G7, kter\u00e9 p\u0159edstavuj\u00ed v\u011bt\u0161inu sv\u011btov\u00fdch n\u00e1kup\u016f diamant\u016f, hodlaj\u00ed zav\u00e9st povinn\u00e9 zna\u010den\u00ed kamen\u016f, kter\u00e9 jim umo\u017en\u00ed vysledovat jejich p\u016fvod, aby zajistily, \u017ee rusk\u00e9 diamanty budou po uvalen\u00ed sankc\u00ed odm\u00edtnuty, uv\u00e1d\u00ed belgick\u00e1 publikace Soir, kter\u00e1 o tom informoval v p\u00e1tek s odvol\u00e1n\u00edm na zdroj z belgick\u00e9 vl\u00e1dy.<\/strong><\/p>\n<p><span>M\u00e9dia s odvol\u00e1n\u00edm na nejmenovan\u00e9ho belgick\u00e9ho p\u0159edstavitele ji\u017e d\u0159\u00edve uvedla, \u017ee se o\u010dek\u00e1v\u00e1, \u017ee zem\u011b G7 vyhl\u00e1s\u00ed z\u00e1kaz rusk\u00fdch diamant\u016f b\u011bhem p\u0159\u00ed\u0161t\u00edch dvou a\u017e t\u0159\u00ed t\u00fddn\u016f.<\/span><\/p>\n<p><span>Zejm\u00e9na zdroj Soir uvedl, \u017ee \u201einformace o p\u016fvodu kamene, jeho zpracov\u00e1n\u00ed a v\u00fdrob\u011b \u0161perk\u016f budou k dispozici \u00fa\u0159ad\u016fm\u201c, v\u010detn\u011b celn\u00edch slu\u017eeb.<\/span><\/p>\n<p><span>Vysv\u011btlil tak\u00e9, \u017ee bez ozna\u010den\u00ed by uvalen\u00ed sankc\u00ed na rusk\u00e9 diamanty ned\u00e1valo smysl, proto\u017ee \u201eby se vr\u00e1tily ve zpracovan\u00e9 form\u011b p\u0159es SAE nebo Indii\u201c.<\/span><\/p>\n<p><em>\u201eZpracovan\u00fd diamant z\u00edsk\u00e1v\u00e1 \u201aob\u010danstv\u00ed\u2018 zem\u011b, ve kter\u00e9 byl zpracov\u00e1n,\u201c<span class=\"after-quote\"> \u2014 zd\u016fraznil mluv\u010d\u00ed publikace.<\/span><\/em><\/p>\n<p><span>Za\u010d\u00e1tkem z\u00e1\u0159\u00ed \u0161\u00e9f Evropsk\u00e9 rady\u00a0<\/span><strong><span>Charles Michel<\/span><\/strong><span>\u00a0\u0159ekl, \u017ee EU nad\u00e1le pracuje na ot\u00e1zce zaveden\u00ed sankc\u00ed proti rusk\u00fdm diamant\u016fm, ale pot\u00e9 nemohl ozn\u00e1mit na\u010dasov\u00e1n\u00ed zaveden\u00ed nov\u00fdch protirusk\u00fdch omezen\u00ed.\u00a0Evropsk\u00e1 unie uvedla, \u017ee pro zaveden\u00ed jak\u00fdchkoli omezen\u00ed obchodu s rusk\u00fdmi diamanty je nutn\u00e9 z\u00edskat podporu mezin\u00e1rodn\u00edch partner\u016f, zejm\u00e9na Indie jako kl\u00ed\u010dov\u00e9ho hr\u00e1\u010de v t\u00e9to oblasti.\u00a0Brusel zd\u016fraznil, \u017ee je d\u016fle\u017eit\u00e9 nejprve zajistit sledovatelnost rusk\u00fdch diamant\u016f na sv\u011btov\u00fdch trz\u00edch.<\/span><\/p>\n<p><span>Belgie, kde se nach\u00e1z\u00ed nejv\u011bt\u0161\u00ed obchodn\u00ed centrum s diamanty, se aktivn\u011b postavila proti sankc\u00edm proti rusk\u00fdm diamant\u016fm.\u00a0Jak uvedl belgick\u00fd premi\u00e9r\u00a0<\/span><strong><span>Alexander de Croo<\/span><\/strong><span>\u00a0, nem\u00e1 smysl zakazovat velkoobchodn\u00ed n\u00e1kupy drah\u00fdch kamen\u016f z Ruska na \u00farovni EU, proto\u017ee stejn\u011b skon\u010d\u00ed v evropsk\u00fdch obchodech jin\u00fdmi zp\u016fsoby.<\/span><\/p>\n<p><span>New York Times p\u0159itom na konci srpna napsal, \u017ee sankce ze strany zem\u00ed G7, kter\u00e9 zak\u00e1\u017eou dovoz diamant\u016f t\u011b\u017een\u00fdch v Rusk\u00e9 federaci, p\u0159esto budou zavedeny a vstoup\u00ed v platnost p\u0159ibli\u017en\u011b v lednu 2024.\u00a0Publikace poznamenala, \u017ee sankce budou ofici\u00e1ln\u011b ozn\u00e1meny v z\u00e1\u0159\u00ed.\u00a0Noviny tak\u00e9 uvedly, \u017ee strany dokon\u010duj\u00ed podm\u00ednky pro sledov\u00e1n\u00ed diamant\u016f a doprovodn\u00e9 celn\u00ed dokumenty.<\/span><\/p>\n<p><img decoding=\"async\" loading=\"lazy\" class=\"alignnone size-full wp-image-1185\" src=\"http:\/\/www.infokuryr.cz\/n\/wp-content\/uploads\/2021\/04\/kuryr-podpis.png\" alt=\"\" width=\"84\" height=\"24\" \/><\/p>\n<p>&nbsp;<\/p>\n<p><a href=\"https:\/\/stranapro.cz\/\"><img decoding=\"async\" loading=\"lazy\" class=\"wp-image-30218 aligncenter\" src=\"http:\/\/www.infokuryr.cz\/n\/wp-content\/uploads\/2023\/06\/PRO-banner-300x36.png\" alt=\"\" width=\"1358\" height=\"163\" srcset=\"https:\/\/www.infokuryr.cz\/n\/wp-content\/uploads\/2023\/06\/PRO-banner-300x36.png 300w, https:\/\/www.infokuryr.cz\/n\/wp-content\/uploads\/2023\/06\/PRO-banner-768x93.png 768w, https:\/\/www.infokuryr.cz\/n\/wp-content\/uploads\/2023\/06\/PRO-banner.png 849w\" sizes=\"(max-width: 1358px) 100vw, 1358px\" \/><\/a><\/p>\n<p>&nbsp;<\/p>\n<p>&nbsp;<\/p>\n<p>&nbsp;<\/p>\n","protected":false},"excerpt":{"rendered":"<p>Zem\u011b G7, kter\u00e9 p\u0159edstavuj\u00ed v\u011bt\u0161inu sv\u011btov\u00fdch n\u00e1kup\u016f diamant\u016f, hodlaj\u00ed zav\u00e9st povinn\u00e9 zna\u010den\u00ed kamen\u016f, kter\u00e9 jim&#8230;<\/p>\n","protected":false},"author":2,"featured_media":35469,"comment_status":"closed","ping_status":"closed","sticky":false,"template":"","format":"standard","meta":[],"categories":[7],"tags":[5014,323,22,125],"_links":{"self":[{"href":"https:\/\/www.infokuryr.cz\/n\/wp-json\/wp\/v2\/posts\/36361"}],"collection":[{"href":"https:\/\/www.infokuryr.cz\/n\/wp-json\/wp\/v2\/posts"}],"about":[{"href":"https:\/\/www.infokuryr.cz\/n\/wp-json\/wp\/v2\/types\/post"}],"author":[{"embeddable":true,"href":"https:\/\/www.infokuryr.cz\/n\/wp-json\/wp\/v2\/users\/2"}],"replies":[{"embeddable":true,"href":"https:\/\/www.infokuryr.cz\/n\/wp-json\/wp\/v2\/comments?post=36361"}],"version-history":[{"count":0,"href":"https:\/\/www.infokuryr.cz\/n\/wp-json\/wp\/v2\/posts\/36361\/revisions"}],"wp:featuredmedia":[{"embeddable":true,"href":"https:\/\/www.infokuryr.cz\/n\/wp-json\/wp\/v2\/media\/35469"}],"wp:attachment":[{"href":"https:\/\/www.infokuryr.cz\/n\/wp-json\/wp\/v2\/media?parent=36361"}],"wp:term":[{"taxonomy":"category","embeddable":true,"href":"https:\/\/www.infokuryr.cz\/n\/wp-json\/wp\/v2\/categories?post=36361"},{"taxonomy":"post_tag","embeddable":true,"href":"https:\/\/www.infokuryr.cz\/n\/wp-json\/wp\/v2\/tags?post=36361"}],"curies":[{"name":"wp","href":"https:\/\/api.w.org\/{rel}","templated":true}]}}