{"id":36357,"date":"2023-09-17T01:06:39","date_gmt":"2023-09-16T23:06:39","guid":{"rendered":"http:\/\/www.infokuryr.cz\/n\/?p=36357"},"modified":"2023-09-16T08:01:59","modified_gmt":"2023-09-16T06:01:59","slug":"kim-cong-un-a-sojgu-navstivili-fregatu-marsal-saposnikov-ve-vladivostoku","status":"publish","type":"post","link":"https:\/\/www.infokuryr.cz\/n\/2023\/09\/17\/kim-cong-un-a-sojgu-navstivili-fregatu-marsal-saposnikov-ve-vladivostoku\/","title":{"rendered":"Kim \u010cong-un a \u0160ojgu nav\u0161t\u00edvili fregatu \u201eMar\u0161\u00e1l \u0160apo\u0161nikov\u201c ve Vladivostoku"},"content":{"rendered":"<div id=\"fb-root\"><\/div>\n<p class=\"lead\"><strong>Severokorejsk\u00fd v\u016fdce Kim \u010cong-un a rusk\u00fd ministr obrany gener\u00e1l arm\u00e1dy Sergej \u0160ojgu nav\u0161t\u00edvili fregatu tichomo\u0159sk\u00e9 flotily mar\u0161\u00e1l \u0160apo\u0161nikov ve Vladivostoku.<\/strong><\/p>\n<p>Informovala o tom v sobotu 16. z\u00e1\u0159\u00ed tiskov\u00e1 slu\u017eba rusk\u00e9ho vojensk\u00e9ho odd\u011blen\u00ed.\u00a0Ze zpr\u00e1vy vypl\u00fdv\u00e1, \u017ee Kim \u010cong-un a Sergej \u0160ojgu se nalodili na fregatu mar\u0161\u00e1l \u0160apo\u0161nikov, kter\u00e1 kotv\u00ed v Ulysses Bay ve m\u011bst\u011b Vladivostok.<\/p>\n<p><em>\u201eVz\u00e1cn\u00e9 hosty \u010dekal na palub\u011b velitel lodi, kapit\u00e1n druh\u00e9 t\u0159\u00eddy, Sergej Merkulov. Vrchn\u00ed velitel rusk\u00e9ho n\u00e1mo\u0159nictva, admir\u00e1l Nikolaj Evmenov, hovo\u0159il o vlastnostech lodi a protiponorkov\u00fdch zbran\u00edch um\u00edst\u011bn\u00fdch na horn\u00ed palub\u011b a n\u00e1stavb\u00e1ch \u2013 \u010dty\u0159trubkov\u00e9 torp\u00e9domety a raketomety RBU-6000,\u201c<span class=\"after-quote\">\u00a0&#8211; \u0159\u00edk\u00e1 prohl\u00e1\u0161en\u00ed.<\/span><\/em><\/p>\n<p>Severokorejsk\u00e9mu v\u016fdci Kim \u010cong-unovi byly uk\u00e1z\u00e1ny modern\u00ed syst\u00e9my \u0159\u00edzen\u00ed raket um\u00edst\u011bn\u00e9 na hlavn\u00edm velitelsk\u00e9m stanovi\u0161ti lodi.<\/p>\n<p>V\u00e1\u017een\u00e9mu hostu byly tak\u00e9 uk\u00e1z\u00e1ny protilodn\u00ed raketov\u00e9 syst\u00e9my Uran a univerz\u00e1ln\u00ed raketov\u00e9 syst\u00e9my s plochou dr\u00e1hou letu Kalibr a tak\u00e9 d\u011blost\u0159eleck\u00e1 lafeta fregaty.<\/p>\n<p>Fregata Marshal Shaposhnikov, postaven\u00e1 v polovin\u011b 80. let jako velk\u00e1 protiponorkov\u00e1 lo\u010f Projektu 1155, pro\u0161la p\u0159ed n\u011bkolika lety hlubokou modernizac\u00ed, b\u011bhem n\u00ed\u017e na ni byly instalov\u00e1ny modern\u00ed zbran\u011b.<\/p>\n<p>B\u011bhem modernizace dostala fregata \u201eMar\u0161\u00e1l \u0160aposhnikov\u201c nov\u00e9 naviga\u010dn\u00ed vybaven\u00ed v\u010detn\u011b vybaven\u00ed syst\u00e9mu GLONASS, kter\u00e9 j\u00ed umo\u017e\u0148uje \u00fasp\u011b\u0161n\u011b plnit bojov\u00e9 mise kdekoli ve sv\u011btov\u00fdch oce\u00e1nech.<\/p>\n<p>Tato lo\u010f jasn\u011b demonstruje schopnosti lo\u010fa\u0159sk\u00e9ho pr\u016fmyslu v regionu, stejn\u011b jako spolehlivost, dlouhou \u017eivotnost a v\u00fdznamn\u00fd moderniza\u010dn\u00ed potenci\u00e1l rusk\u00e9ho n\u00e1mo\u0159n\u00edho vybaven\u00ed.<\/p>\n<p><img decoding=\"async\" loading=\"lazy\" class=\"alignnone size-full wp-image-1185\" src=\"http:\/\/www.infokuryr.cz\/n\/wp-content\/uploads\/2021\/04\/kuryr-podpis.png\" alt=\"\" width=\"84\" height=\"24\" \/><\/p>\n<p>&nbsp;<\/p>\n<p><a href=\"https:\/\/stranapro.cz\/\"><img decoding=\"async\" loading=\"lazy\" class=\"wp-image-30218 aligncenter\" src=\"http:\/\/www.infokuryr.cz\/n\/wp-content\/uploads\/2023\/06\/PRO-banner-300x36.png\" alt=\"\" width=\"1367\" height=\"164\" srcset=\"https:\/\/www.infokuryr.cz\/n\/wp-content\/uploads\/2023\/06\/PRO-banner-300x36.png 300w, https:\/\/www.infokuryr.cz\/n\/wp-content\/uploads\/2023\/06\/PRO-banner-768x93.png 768w, https:\/\/www.infokuryr.cz\/n\/wp-content\/uploads\/2023\/06\/PRO-banner.png 849w\" sizes=\"(max-width: 1367px) 100vw, 1367px\" \/><\/a><\/p>\n<p>&nbsp;<\/p>\n<p>&nbsp;<\/p>\n<p>&nbsp;<\/p>\n","protected":false},"excerpt":{"rendered":"<p>Severokorejsk\u00fd v\u016fdce Kim \u010cong-un a rusk\u00fd ministr obrany gener\u00e1l arm\u00e1dy Sergej \u0160ojgu nav\u0161t\u00edvili fregatu tichomo\u0159sk\u00e9&#8230;<\/p>\n","protected":false},"author":2,"featured_media":36358,"comment_status":"closed","ping_status":"closed","sticky":false,"template":"","format":"standard","meta":[],"categories":[7],"tags":[5917,1644,22],"_links":{"self":[{"href":"https:\/\/www.infokuryr.cz\/n\/wp-json\/wp\/v2\/posts\/36357"}],"collection":[{"href":"https:\/\/www.infokuryr.cz\/n\/wp-json\/wp\/v2\/posts"}],"about":[{"href":"https:\/\/www.infokuryr.cz\/n\/wp-json\/wp\/v2\/types\/post"}],"author":[{"embeddable":true,"href":"https:\/\/www.infokuryr.cz\/n\/wp-json\/wp\/v2\/users\/2"}],"replies":[{"embeddable":true,"href":"https:\/\/www.infokuryr.cz\/n\/wp-json\/wp\/v2\/comments?post=36357"}],"version-history":[{"count":1,"href":"https:\/\/www.infokuryr.cz\/n\/wp-json\/wp\/v2\/posts\/36357\/revisions"}],"predecessor-version":[{"id":36359,"href":"https:\/\/www.infokuryr.cz\/n\/wp-json\/wp\/v2\/posts\/36357\/revisions\/36359"}],"wp:featuredmedia":[{"embeddable":true,"href":"https:\/\/www.infokuryr.cz\/n\/wp-json\/wp\/v2\/media\/36358"}],"wp:attachment":[{"href":"https:\/\/www.infokuryr.cz\/n\/wp-json\/wp\/v2\/media?parent=36357"}],"wp:term":[{"taxonomy":"category","embeddable":true,"href":"https:\/\/www.infokuryr.cz\/n\/wp-json\/wp\/v2\/categories?post=36357"},{"taxonomy":"post_tag","embeddable":true,"href":"https:\/\/www.infokuryr.cz\/n\/wp-json\/wp\/v2\/tags?post=36357"}],"curies":[{"name":"wp","href":"https:\/\/api.w.org\/{rel}","templated":true}]}}