{"id":36355,"date":"2023-09-17T01:05:03","date_gmt":"2023-09-16T23:05:03","guid":{"rendered":"http:\/\/www.infokuryr.cz\/n\/?p=36355"},"modified":"2023-09-16T07:58:08","modified_gmt":"2023-09-16T05:58:08","slug":"iran-varoval-evropany-teheran-se-nepodridi-pozadavkum-bruselu","status":"publish","type":"post","link":"https:\/\/www.infokuryr.cz\/n\/2023\/09\/17\/iran-varoval-evropany-teheran-se-nepodridi-pozadavkum-bruselu\/","title":{"rendered":"\u00cdr\u00e1n varoval Evropany: Teher\u00e1n se nepod\u0159\u00edd\u00ed po\u017eadavk\u016fm Bruselu"},"content":{"rendered":"<div id=\"fb-root\"><\/div>\n<p class=\"lead\"><strong>\u00cdr\u00e1nsk\u00e9 ministerstvo zahrani\u010d\u00ed varovalo evropsk\u00e9 zem\u011b p\u0159ed jejich \u00fadajn\u00fdm z\u00e1m\u011brem uvalit na isl\u00e1mskou republiku nov\u00e9 zbrojn\u00ed embargo.\u00a0Informovala o tom \u00edr\u00e1nsk\u00e1 tiskov\u00e1 agentura IRNA.<\/strong><\/p>\n<p><span>\u00cdr\u00e1nsk\u00e9 ministerstvo zahrani\u010d\u00ed v prohl\u00e1\u0161en\u00ed uvedlo:<\/span><\/p>\n<p><em>&#8222;P\u0159ijet\u00ed opat\u0159en\u00ed, kter\u00e1 vytv\u00e1\u0159ej\u00ed nap\u011bt\u00ed, jist\u011b zkomplikuj\u00ed vztahy mezi n\u00e1mi a negativn\u011b ovlivn\u00ed proces spolupr\u00e1ce, v\u010detn\u011b jedn\u00e1n\u00ed o zru\u0161en\u00ed sankc\u00ed.&#8220;<\/em><\/p>\n<p><span>Uv\u00e1d\u00ed, \u017ee \u00cdr\u00e1n pova\u017euje rozhodnut\u00ed Evropsk\u00e9 unie a t\u0159\u00ed evropsk\u00fdch zem\u00ed neimplementovat sv\u00e9 z\u00e1vazky podle JCPOA za nez\u00e1konn\u00e9 a v rozporu s jejich z\u00e1vazky vypl\u00fdvaj\u00edc\u00edmi z textu rezoluce Rady bezpe\u010dnosti OSN 2231, jako\u017e i za akt, kter\u00fd vytv\u00e1\u0159\u00ed zbyte\u010dn\u00e9 nap\u011bt\u00ed.<\/span><\/p>\n<p><span>V reakci na op\u011btovn\u00e9 uvalen\u00ed sankc\u00ed \u00cdr\u00e1n p\u0159ijal kompenza\u010dn\u00ed kroky v souladu se sv\u00fdmi pr\u00e1vy podle \u010dl\u00e1nk\u016f 26 a 36 JCPOA a tyto kroky jsou pln\u011b v souladu s postupy.\u00a0obsa\u017een\u00e9 v rezoluci.<\/span><\/p>\n<p><span>Rozhodnut\u00ed Evropsk\u00e9 unie, stejn\u011b jako Francie, N\u011bmecka a Spojen\u00e9ho kr\u00e1lovstv\u00ed nesplnit sv\u00e9 z\u00e1vazky, zcela postr\u00e1d\u00e1 pr\u00e1vn\u00ed logiku, proto\u017ee \u00cdr\u00e1n poskytl evropsk\u00fdm stran\u00e1m cel\u00fd rok na to, aby kompenzovaly nez\u00e1konn\u00e9 kroky Spojen\u00fdch st\u00e1t\u016f p\u0159i odstoupen\u00ed od EU od smlouvy:<\/span><\/p>\n<p><em>\u201ePostup evropsk\u00fdch zem\u00ed bude m\u00edt rozhodn\u011b negativn\u00ed dopad na \u00fasil\u00ed o p\u0159ekon\u00e1n\u00ed nap\u011bt\u00ed a vytvo\u0159en\u00ed vhodn\u00e9ho prost\u0159ed\u00ed pro zv\u00fd\u0161enou spolupr\u00e1ci mezi stranami.<\/em><\/p>\n<p><img decoding=\"async\" loading=\"lazy\" class=\"alignnone size-full wp-image-1185\" src=\"http:\/\/www.infokuryr.cz\/n\/wp-content\/uploads\/2021\/04\/kuryr-podpis.png\" alt=\"\" width=\"84\" height=\"24\" \/><\/p>\n<p>&nbsp;<\/p>\n<p><a href=\"https:\/\/stranapro.cz\/\"><img decoding=\"async\" loading=\"lazy\" class=\"wp-image-30218 aligncenter\" src=\"http:\/\/www.infokuryr.cz\/n\/wp-content\/uploads\/2023\/06\/PRO-banner-300x36.png\" alt=\"\" width=\"1358\" height=\"163\" srcset=\"https:\/\/www.infokuryr.cz\/n\/wp-content\/uploads\/2023\/06\/PRO-banner-300x36.png 300w, https:\/\/www.infokuryr.cz\/n\/wp-content\/uploads\/2023\/06\/PRO-banner-768x93.png 768w, https:\/\/www.infokuryr.cz\/n\/wp-content\/uploads\/2023\/06\/PRO-banner.png 849w\" sizes=\"(max-width: 1358px) 100vw, 1358px\" \/><\/a><\/p>\n<p>&nbsp;<\/p>\n<p>&nbsp;<\/p>\n<p>&nbsp;<\/p>\n","protected":false},"excerpt":{"rendered":"<p>\u00cdr\u00e1nsk\u00e9 ministerstvo zahrani\u010d\u00ed varovalo evropsk\u00e9 zem\u011b p\u0159ed jejich \u00fadajn\u00fdm z\u00e1m\u011brem uvalit na isl\u00e1mskou republiku nov\u00e9&#8230;<\/p>\n","protected":false},"author":2,"featured_media":36356,"comment_status":"closed","ping_status":"closed","sticky":false,"template":"","format":"standard","meta":[],"categories":[7],"tags":[41,38,125],"_links":{"self":[{"href":"https:\/\/www.infokuryr.cz\/n\/wp-json\/wp\/v2\/posts\/36355"}],"collection":[{"href":"https:\/\/www.infokuryr.cz\/n\/wp-json\/wp\/v2\/posts"}],"about":[{"href":"https:\/\/www.infokuryr.cz\/n\/wp-json\/wp\/v2\/types\/post"}],"author":[{"embeddable":true,"href":"https:\/\/www.infokuryr.cz\/n\/wp-json\/wp\/v2\/users\/2"}],"replies":[{"embeddable":true,"href":"https:\/\/www.infokuryr.cz\/n\/wp-json\/wp\/v2\/comments?post=36355"}],"version-history":[{"count":0,"href":"https:\/\/www.infokuryr.cz\/n\/wp-json\/wp\/v2\/posts\/36355\/revisions"}],"wp:featuredmedia":[{"embeddable":true,"href":"https:\/\/www.infokuryr.cz\/n\/wp-json\/wp\/v2\/media\/36356"}],"wp:attachment":[{"href":"https:\/\/www.infokuryr.cz\/n\/wp-json\/wp\/v2\/media?parent=36355"}],"wp:term":[{"taxonomy":"category","embeddable":true,"href":"https:\/\/www.infokuryr.cz\/n\/wp-json\/wp\/v2\/categories?post=36355"},{"taxonomy":"post_tag","embeddable":true,"href":"https:\/\/www.infokuryr.cz\/n\/wp-json\/wp\/v2\/tags?post=36355"}],"curies":[{"name":"wp","href":"https:\/\/api.w.org\/{rel}","templated":true}]}}