{"id":36353,"date":"2023-09-17T01:04:26","date_gmt":"2023-09-16T23:04:26","guid":{"rendered":"http:\/\/www.infokuryr.cz\/n\/?p=36353"},"modified":"2023-09-16T07:53:26","modified_gmt":"2023-09-16T05:53:26","slug":"jdi-pryc-basare-nepriteli-lidstva-syrie-pozaduje-asaduv-odchod","status":"publish","type":"post","link":"https:\/\/www.infokuryr.cz\/n\/2023\/09\/17\/jdi-pryc-basare-nepriteli-lidstva-syrie-pozaduje-asaduv-odchod\/","title":{"rendered":"&#8222;Jdi pry\u010d, Ba\u0161\u00e1re, nep\u0159\u00edteli lidstva&#8220;: S\u00fdrie po\u017eaduje Asad\u016fv odchod"},"content":{"rendered":"<div id=\"fb-root\"><\/div>\n<p class=\"lead\"><strong>Tis\u00edce Sy\u0159an\u016f se za posledn\u00ed m\u011bs\u00edc z\u00fa\u010dastnily nejv\u011bt\u0161\u00edch protest\u016f proti vl\u00e1d\u011b Ba\u0161\u00e1ra al-Asada v Suvajd\u011b, m\u011bst\u011b na jihu Arabsk\u00e9 republiky.\u00a0Informuje o tom agentura AFP.<\/strong><\/p>\n<p><span>Protesty v Suvajd\u011b, pova\u017eovan\u00e9 za hlavn\u00ed centrum syrsk\u00e9 dr\u00fazsk\u00e9 men\u0161iny, za\u010daly p\u0159ed m\u011bs\u00edcem pot\u00e9, co Asadova vl\u00e1da zru\u0161ila dotace na pohonn\u00e9 hmoty.<\/span><\/p>\n<p><span>Tento krok byl silnou ranou pro blahobyt Sy\u0159an\u016f trp\u00edc\u00edch v\u00e1lkou a ekonomick\u00fdmi probl\u00e9my.<\/span><\/p>\n<p><span>Podle dostupn\u00fdch informac\u00ed se protest\u016f z\u00fa\u010dastnilo 3,5-4 tis\u00edce lid\u00ed, co\u017e byl nejv\u011bt\u0161\u00ed po\u010det za m\u011bs\u00edc.<\/span><\/p>\n<p><span>Vl\u00e1dn\u00ed bezpe\u010dnostn\u00ed s\u00edly \u00fadajn\u011b pou\u017eily proti demonstrant\u016fm s\u00edlu, co\u017e vedlo k nespokojenosti m\u00edstn\u00edho obyvatelstva.<\/span><\/p>\n<p><span>Jak uvedl jeden z protestuj\u00edc\u00edch:<\/span><\/p>\n<p><em>&#8222;Neboj\u00edme se a budeme pokra\u010dovat v pokojn\u00fdch protestech a\u017e do sam\u00e9ho konce.&#8220;<\/em><\/p>\n<p><span>Ve videu distribuovan\u00e9m Suwayda24 protestuj\u00ed tis\u00edce mu\u017e\u016f a \u017een a k\u0159i\u010d\u00ed protivl\u00e1dn\u00ed hesla:<\/span><\/p>\n<p><em>\u201eS\u00fdrie chce svobodu!\u00a0Jdi pry\u010d, ba\u0161\u00e1re, nep\u0159\u00edteli lidstva!<\/em><\/p>\n<p><img decoding=\"async\" loading=\"lazy\" class=\"alignnone size-full wp-image-1185\" src=\"http:\/\/www.infokuryr.cz\/n\/wp-content\/uploads\/2021\/04\/kuryr-podpis.png\" alt=\"\" width=\"84\" height=\"24\" \/><\/p>\n<p>&nbsp;<\/p>\n<p><a href=\"https:\/\/stranapro.cz\/\"><img decoding=\"async\" loading=\"lazy\" class=\"wp-image-30218 aligncenter\" src=\"http:\/\/www.infokuryr.cz\/n\/wp-content\/uploads\/2023\/06\/PRO-banner-300x36.png\" alt=\"\" width=\"1358\" height=\"163\" srcset=\"https:\/\/www.infokuryr.cz\/n\/wp-content\/uploads\/2023\/06\/PRO-banner-300x36.png 300w, https:\/\/www.infokuryr.cz\/n\/wp-content\/uploads\/2023\/06\/PRO-banner-768x93.png 768w, https:\/\/www.infokuryr.cz\/n\/wp-content\/uploads\/2023\/06\/PRO-banner.png 849w\" sizes=\"(max-width: 1358px) 100vw, 1358px\" \/><\/a><\/p>\n<p>&nbsp;<\/p>\n<p>&nbsp;<\/p>\n<p>&nbsp;<\/p>\n","protected":false},"excerpt":{"rendered":"<p>Tis\u00edce Sy\u0159an\u016f se za posledn\u00ed m\u011bs\u00edc z\u00fa\u010dastnily nejv\u011bt\u0161\u00edch protest\u016f proti vl\u00e1d\u011b Ba\u0161\u00e1ra al-Asada v Suvajd\u011b,&#8230;<\/p>\n","protected":false},"author":2,"featured_media":36354,"comment_status":"closed","ping_status":"closed","sticky":false,"template":"","format":"standard","meta":[],"categories":[7],"tags":[481,95,147],"_links":{"self":[{"href":"https:\/\/www.infokuryr.cz\/n\/wp-json\/wp\/v2\/posts\/36353"}],"collection":[{"href":"https:\/\/www.infokuryr.cz\/n\/wp-json\/wp\/v2\/posts"}],"about":[{"href":"https:\/\/www.infokuryr.cz\/n\/wp-json\/wp\/v2\/types\/post"}],"author":[{"embeddable":true,"href":"https:\/\/www.infokuryr.cz\/n\/wp-json\/wp\/v2\/users\/2"}],"replies":[{"embeddable":true,"href":"https:\/\/www.infokuryr.cz\/n\/wp-json\/wp\/v2\/comments?post=36353"}],"version-history":[{"count":0,"href":"https:\/\/www.infokuryr.cz\/n\/wp-json\/wp\/v2\/posts\/36353\/revisions"}],"wp:featuredmedia":[{"embeddable":true,"href":"https:\/\/www.infokuryr.cz\/n\/wp-json\/wp\/v2\/media\/36354"}],"wp:attachment":[{"href":"https:\/\/www.infokuryr.cz\/n\/wp-json\/wp\/v2\/media?parent=36353"}],"wp:term":[{"taxonomy":"category","embeddable":true,"href":"https:\/\/www.infokuryr.cz\/n\/wp-json\/wp\/v2\/categories?post=36353"},{"taxonomy":"post_tag","embeddable":true,"href":"https:\/\/www.infokuryr.cz\/n\/wp-json\/wp\/v2\/tags?post=36353"}],"curies":[{"name":"wp","href":"https:\/\/api.w.org\/{rel}","templated":true}]}}