{"id":36352,"date":"2023-09-17T01:03:20","date_gmt":"2023-09-16T23:03:20","guid":{"rendered":"http:\/\/www.infokuryr.cz\/n\/?p=36352"},"modified":"2023-09-16T07:49:41","modified_gmt":"2023-09-16T05:49:41","slug":"zalobci-chteji-trumpa-umlcet-prikazem-roubiku","status":"publish","type":"post","link":"https:\/\/www.infokuryr.cz\/n\/2023\/09\/17\/zalobci-chteji-trumpa-umlcet-prikazem-roubiku\/","title":{"rendered":"\u017dalobci cht\u011bj\u00ed Trumpa uml\u010det p\u0159\u00edkazem roub\u00edku"},"content":{"rendered":"<div id=\"fb-root\"><\/div>\n<p><span style=\"font-size: 18pt;\"><strong>Zvl\u00e1\u0161tn\u00ed pr\u00e1vn\u00ed z\u00e1stupce Jack Smith prohl\u00e1sil, \u017ee b\u00fdval\u00fd americk\u00fd v\u016fdce \u201ejasn\u011b vyj\u00e1d\u0159il sv\u016fj z\u00e1m\u011br prov\u00e9st ve\u0159ejn\u00e9 \u00fatoky\u201c<\/strong><\/span><\/p>\n<p><span>Soudkyn\u011b okresn\u00edho soudu USA Tanya Chutkan otev\u0159ela redigovanou kopii vl\u00e1dn\u00edho spisu, ve kter\u00e9m zvl\u00e1\u0161tn\u00ed pr\u00e1vn\u00ed z\u00e1stupce Jack Smith \u017e\u00e1dal o\u00a0<\/span><em><span>\u201e\u00fazk\u00fd, dob\u0159e definovan\u00fd\u201c<\/span><\/em><span>\u00a0p\u0159\u00edkaz k roub\u00edku proti b\u00fdval\u00e9mu prezidentovi Donaldu Trumpovi v trestn\u00edm p\u0159\u00edpadu souvisej\u00edc\u00edm s \u00fadajn\u00fdm spiknut\u00edm s c\u00edlem zvr\u00e1tit 2020 prezidentsk\u00e9 volby.<\/span><\/p>\n<p><span><em>Kancel\u00e1\u0159 zvl\u00e1\u0161tn\u00edho pr\u00e1vn\u00edho z\u00e1stupce tvrdila, \u017ee Trump t\u00e9m\u011b\u0159 denn\u011b<\/em>\u00a0\u0161\u00ed\u0159\u00ed \u201epohrdav\u00e9 a pobu\u0159uj\u00edc\u00ed ve\u0159ejn\u00e9 p\u0159\u00edsp\u011bvky na Truth Social t\u00fdkaj\u00edc\u00ed se ob\u010dan\u016f District of Columbia, soudu, \u017ealobc\u016f a potenci\u00e1ln\u00edch sv\u011bdk\u016f\u201c.<\/span><\/p>\n<p><span>Trumpova prohl\u00e1\u0161en\u00ed jsou\u00a0<\/span><em><span>\u201ezam\u00fd\u0161lena k podkop\u00e1n\u00ed d\u016fv\u011bry ve\u0159ejnosti v instituci \u2013 soudn\u00ed syst\u00e9m \u2013 a k podkop\u00e1n\u00ed d\u016fv\u011bry a zastra\u0161en\u00ed jednotlivc\u016f \u2013 soudu, poroty, sv\u011bdk\u016f a \u017ealobc\u016f,\u201c napsali ve spisu z minul\u00e9ho t\u00fddne zve\u0159ejn\u011bn\u00e9m v p\u00e1tek<\/span><\/em><span>\u00a0. paralely s\u00a0<\/span><em><span>\u201ejeho p\u0159edchoz\u00ed ve\u0159ejnou dezinforma\u010dn\u00ed kampan\u00ed ohledn\u011b prezidentsk\u00fdch voleb v roce 2020\u201c.<\/span><\/em><\/p>\n<p><span>Trump se proti nezape\u010det\u011bn\u00e9 \u017e\u00e1dosti ohradil a tvrdil, \u017ee\u00a0<\/span><em><span>\u201evede kampa\u0148 na prezidenta proti nekompetentn\u00ed osob\u011b\u201c,<\/span><\/em><span>\u00a0kter\u00e1\u00a0<\/span><em><span>\u201evyzbrojila\u201c<\/span><\/em><span>\u00a0ministerstvo spravedlnosti a Feder\u00e1ln\u00ed \u00fa\u0159ad pro vy\u0161et\u0159ov\u00e1n\u00ed, aby uml\u010dela sv\u00e9ho politick\u00e9ho oponenta.<\/span><\/p>\n<p><em><span>&#8222;Jak jinak bych vysv\u011btlil, \u017ee Jack Smith je VY\u0160KOLEN\u00dd nebo Pok\u0159iven\u00fd Joe je NESCHOPN\u00dd?&#8220;\u00a0<\/span><\/em><span>vztekal se.<\/span><\/p>\n<p><span>Mluv\u010d\u00ed Trumpovy kampan\u011b Steven Cheung tak\u00e9 obvinil Bidena, \u017ee\u00a0<\/span><em><span>\u201ezkorumpovan\u011b a cynicky pokra\u010duje ve snaze zbavit prezidenta Trumpa jeho pr\u00e1v podle prvn\u00edho dodatku\u201c.<\/span><\/em><\/p>\n<p><span>Trump bude souzen za feder\u00e1ln\u00ed obvin\u011bn\u00ed ze spiknut\u00ed souvisej\u00edc\u00ed s jeho \u00fadajn\u00fdmi pokusy zvr\u00e1tit volby v roce 2020 konan\u00e9 4. b\u0159ezna p\u0159\u00ed\u0161t\u00edho roku, ozn\u00e1mila minul\u00fd m\u011bs\u00edc soudkyn\u011b Tanya Chutkan a odm\u00edtla \u017e\u00e1dost pr\u00e1vn\u00edho t\u00fdmu b\u00fdval\u00e9ho prezidenta o odlo\u017een\u00ed feder\u00e1ln\u00edho p\u0159\u00edpadu do dubna 2026. Exprezident odsoudil p\u0159\u00edpad jako politicky motivovan\u00fd a tvrdil, \u017ee byl nespravedliv\u011b zam\u011b\u0159en na jeho odstran\u011bn\u00ed jako kandid\u00e1ta v prezidentsk\u00e9m kl\u00e1n\u00ed v roce 2024.<\/span><\/p>\n<p><span>Stoupenci b\u00fdval\u00e9ho prezidenta tvrdili, \u017ee soudkyn\u011b Chutkanov\u00e1 nen\u00ed nestrann\u00e1 a m\u011bla by se odvolat.\u00a0Chutkan slavn\u011b ud\u011blil demonstrant\u016fm 6. ledna je\u0161t\u011b p\u0159\u00edsn\u011bj\u0161\u00ed tresty, ne\u017e po\u017eadovali \u017ealobci, a poslal des\u00edtky z nich do v\u011bzen\u00ed.\u00a0Netajila se t\u00edm, \u017ee je p\u0159esv\u011bd\u010dena, \u017ee protestn\u00ed protest \u201eStop the Steal\u201c, z n\u011bho\u017e se staly nepokoje, byl \u00fatokem na americkou demokracii v re\u017eii Trumpa.<\/span><\/p>\n<p><img decoding=\"async\" loading=\"lazy\" class=\"alignnone size-full wp-image-1185\" src=\"http:\/\/www.infokuryr.cz\/n\/wp-content\/uploads\/2021\/04\/kuryr-podpis.png\" alt=\"\" width=\"84\" height=\"24\" \/><\/p>\n<p>&nbsp;<\/p>\n<p><a href=\"https:\/\/stranapro.cz\/\"><img decoding=\"async\" loading=\"lazy\" class=\"wp-image-30218 aligncenter\" src=\"http:\/\/www.infokuryr.cz\/n\/wp-content\/uploads\/2023\/06\/PRO-banner-300x36.png\" alt=\"\" width=\"1367\" height=\"164\" srcset=\"https:\/\/www.infokuryr.cz\/n\/wp-content\/uploads\/2023\/06\/PRO-banner-300x36.png 300w, https:\/\/www.infokuryr.cz\/n\/wp-content\/uploads\/2023\/06\/PRO-banner-768x93.png 768w, https:\/\/www.infokuryr.cz\/n\/wp-content\/uploads\/2023\/06\/PRO-banner.png 849w\" sizes=\"(max-width: 1367px) 100vw, 1367px\" \/><\/a><\/p>\n<p>&nbsp;<\/p>\n<p>&nbsp;<\/p>\n<p>&nbsp;<\/p>\n","protected":false},"excerpt":{"rendered":"<p>Zvl\u00e1\u0161tn\u00ed pr\u00e1vn\u00ed z\u00e1stupce Jack Smith prohl\u00e1sil, \u017ee b\u00fdval\u00fd americk\u00fd v\u016fdce \u201ejasn\u011b vyj\u00e1d\u0159il sv\u016fj z\u00e1m\u011br prov\u00e9st&#8230;<\/p>\n","protected":false},"author":2,"featured_media":32285,"comment_status":"closed","ping_status":"closed","sticky":false,"template":"","format":"standard","meta":[],"categories":[7],"tags":[1352,37,5916],"_links":{"self":[{"href":"https:\/\/www.infokuryr.cz\/n\/wp-json\/wp\/v2\/posts\/36352"}],"collection":[{"href":"https:\/\/www.infokuryr.cz\/n\/wp-json\/wp\/v2\/posts"}],"about":[{"href":"https:\/\/www.infokuryr.cz\/n\/wp-json\/wp\/v2\/types\/post"}],"author":[{"embeddable":true,"href":"https:\/\/www.infokuryr.cz\/n\/wp-json\/wp\/v2\/users\/2"}],"replies":[{"embeddable":true,"href":"https:\/\/www.infokuryr.cz\/n\/wp-json\/wp\/v2\/comments?post=36352"}],"version-history":[{"count":0,"href":"https:\/\/www.infokuryr.cz\/n\/wp-json\/wp\/v2\/posts\/36352\/revisions"}],"wp:featuredmedia":[{"embeddable":true,"href":"https:\/\/www.infokuryr.cz\/n\/wp-json\/wp\/v2\/media\/32285"}],"wp:attachment":[{"href":"https:\/\/www.infokuryr.cz\/n\/wp-json\/wp\/v2\/media?parent=36352"}],"wp:term":[{"taxonomy":"category","embeddable":true,"href":"https:\/\/www.infokuryr.cz\/n\/wp-json\/wp\/v2\/categories?post=36352"},{"taxonomy":"post_tag","embeddable":true,"href":"https:\/\/www.infokuryr.cz\/n\/wp-json\/wp\/v2\/tags?post=36352"}],"curies":[{"name":"wp","href":"https:\/\/api.w.org\/{rel}","templated":true}]}}