{"id":36306,"date":"2023-09-16T01:18:46","date_gmt":"2023-09-15T23:18:46","guid":{"rendered":"http:\/\/www.infokuryr.cz\/n\/?p=36306"},"modified":"2023-09-15T14:43:59","modified_gmt":"2023-09-15T12:43:59","slug":"putin-oznamil-zajeti-dalsich-zahranicnich-zoldaku-na-ukrajine","status":"publish","type":"post","link":"https:\/\/www.infokuryr.cz\/n\/2023\/09\/16\/putin-oznamil-zajeti-dalsich-zahranicnich-zoldaku-na-ukrajine\/","title":{"rendered":"Putin ozn\u00e1mil zajet\u00ed dal\u0161\u00edch zahrani\u010dn\u00edch \u017eold\u00e1k\u016f na Ukrajin\u011b"},"content":{"rendered":"<div id=\"fb-root\"><\/div>\n<p class=\"lead\"><span><strong>Velen\u00ed rusk\u00fdch ozbrojen\u00fdch sil eviduje p\u0159\u00edtomnost zahrani\u010dn\u00edch \u017eold\u00e1k\u016f a instruktor\u016f v \u0159ad\u00e1ch ukrajinsk\u00fdch jednotek, kte\u0159\u00ed byli op\u011bt zajati.<\/strong>\u00a0<\/span><\/p>\n<p class=\"lead\"><span>Uvedl to rusk\u00fd prezident Vladimir Putin v odpov\u011bdi na ot\u00e1zky novin\u00e1\u0159\u016f po jedn\u00e1n\u00ed se sv\u00fdm b\u011blorusk\u00fdm prot\u011bj\u0161kem Alexandrem Luka\u0161enkem.<\/span><\/p>\n<p><em>\u201eMimochodem, odhalujeme zahrani\u010dn\u00ed \u017eold\u00e1ky a zahrani\u010dn\u00ed instruktory jak na boji\u0161ti, tak v jednotk\u00e1ch, kde prob\u00edh\u00e1 v\u00fdcvik.\u00a0Podle m\u00e9ho n\u00e1zoru byl v\u010dera nebo p\u0159edev\u010d\u00edrem n\u011bkdo znovu zajat,\u201c<span class=\"after-quote\"> &#8211; sd\u011blil.<\/span><\/em><\/p>\n<p><img decoding=\"async\" loading=\"lazy\" class=\"alignnone size-full wp-image-1185\" src=\"http:\/\/www.infokuryr.cz\/n\/wp-content\/uploads\/2021\/04\/kuryr-podpis.png\" alt=\"\" width=\"84\" height=\"24\" \/><\/p>\n<p>&nbsp;<\/p>\n<p><img decoding=\"async\" loading=\"lazy\" class=\"aligncenter\" src=\"https:\/\/ci6.googleusercontent.com\/proxy\/CTffm4ip8Ggoq-8oAsd46Wap_zubDcBtykh5Fw15pLiZq2exICJ5JL4qRc4eYWWcqganeNwOF-hSj8EvZWnTZLmULP5DvnSmllZZs-oaLyVog-zdC-SFHUtyUg=s0-d-e1-ft#https:\/\/storage.googleapis.com\/iradovan39489\/banner%201280x720%20CPV.png\" alt=\"\u010cesko proti b\u00edd\u011b\" width=\"1102\" height=\"620\" \/><\/p>\n<p>&nbsp;<\/p>\n<table style=\"width: 100%; height: 244px;\" role=\"presentation\" border=\"0\" width=\"100%\" cellspacing=\"0\" cellpadding=\"0\">\n<tbody>\n<tr style=\"height: 120px;\">\n<td style=\"text-align: center; height: 120px;\" align=\"left\">\n<div>\n<p><span style=\"font-size: 18pt;\"><strong>Nem\u016f\u017eete b\u00fdt s n\u00e1mi osobn\u011b na V\u00e1clavsk\u00e9m\u00a0n\u00e1m\u011bst\u00ed?<\/strong><\/span><\/p>\n<p><span style=\"font-size: 18pt;\"><strong>Sledujte p\u0159\u00edm\u00fd p\u0159enos. Za\u010d\u00edn\u00e1me ve 14\u00a0hodin.<\/strong><\/span><\/p>\n<\/div>\n<\/td>\n<\/tr>\n<tr style=\"height: 68px;\">\n<td style=\"text-align: center; height: 68px;\" align=\"left\">\n<div>\n<p><span style=\"font-size: 18pt;\">Dne 16. 9. 2023 se pomoc\u00ed n\u00ed\u017ee uveden\u00fdch tla\u010d\u00edtek dostanete na \u017eiv\u00e9 vys\u00edl\u00e1n\u00ed.<\/span><\/p>\n<\/div>\n<\/td>\n<\/tr>\n<tr style=\"height: 28px;\">\n<td style=\"height: 28px;\" align=\"center\">\n<table role=\"presentation\" border=\"0\" cellspacing=\"0\" cellpadding=\"0\">\n<tbody>\n<tr>\n<td role=\"presentation\" align=\"center\" valign=\"middle\" bgcolor=\"#2e97b1\"><span style=\"font-size: 18pt; color: #ffff00;\"><strong><a style=\"color: #ffff00;\" href=\"https:\/\/www.youtube.com\/watch?v=o7-sqJXCxRM\" target=\"_blank\" rel=\"noopener\" data-saferedirecturl=\"https:\/\/www.google.com\/url?q=https:\/\/www.youtube.com\/watch?v%3Do7-sqJXCxRM&amp;source=gmail&amp;ust=1694862332494000&amp;usg=AOvVaw0mSrUjy0n8c3nCUhkcSNUg\">\u017dIV\u00dd P\u0158ENOS YOUTUBE<br \/>\n<\/a><\/strong><\/span><\/td>\n<\/tr>\n<\/tbody>\n<\/table>\n<\/td>\n<\/tr>\n<tr style=\"height: 28px;\">\n<td style=\"height: 28px;\" align=\"center\">\n<table role=\"presentation\" border=\"0\" cellspacing=\"0\" cellpadding=\"0\">\n<tbody>\n<tr>\n<td role=\"presentation\" align=\"center\" valign=\"middle\" bgcolor=\"#2e97b1\"><span style=\"font-size: 18pt; color: #ffff00;\"><strong><a style=\"color: #ffff00;\" href=\"https:\/\/www.facebook.com\/stranaPRO\" target=\"_blank\" rel=\"noopener\" data-saferedirecturl=\"https:\/\/www.google.com\/url?q=https:\/\/www.facebook.com\/stranaPRO&amp;source=gmail&amp;ust=1694862332494000&amp;usg=AOvVaw3Uy2Jr0RTRSe3pE63PxnH0\">\u017dIV\u00dd P\u0158ENOS FACEBOOK<br \/>\n<\/a><\/strong><\/span><\/td>\n<\/tr>\n<\/tbody>\n<\/table>\n<\/td>\n<\/tr>\n<\/tbody>\n<\/table>\n<p>&nbsp;<\/p>\n<p><a href=\"https:\/\/stranapro.cz\/\"><img decoding=\"async\" loading=\"lazy\" class=\"wp-image-30218 aligncenter\" src=\"http:\/\/www.infokuryr.cz\/n\/wp-content\/uploads\/2023\/06\/PRO-banner-300x36.png\" alt=\"\" width=\"1358\" height=\"163\" srcset=\"https:\/\/www.infokuryr.cz\/n\/wp-content\/uploads\/2023\/06\/PRO-banner-300x36.png 300w, https:\/\/www.infokuryr.cz\/n\/wp-content\/uploads\/2023\/06\/PRO-banner-768x93.png 768w, https:\/\/www.infokuryr.cz\/n\/wp-content\/uploads\/2023\/06\/PRO-banner.png 849w\" sizes=\"(max-width: 1358px) 100vw, 1358px\" \/><\/a><\/p>\n<p>&nbsp;<\/p>\n<p>&nbsp;<\/p>\n<p>&nbsp;<\/p>\n","protected":false},"excerpt":{"rendered":"<p>Velen\u00ed rusk\u00fdch ozbrojen\u00fdch sil eviduje p\u0159\u00edtomnost zahrani\u010dn\u00edch \u017eold\u00e1k\u016f a instruktor\u016f v \u0159ad\u00e1ch ukrajinsk\u00fdch jednotek, kte\u0159\u00ed&#8230;<\/p>\n","protected":false},"author":2,"featured_media":32616,"comment_status":"closed","ping_status":"closed","sticky":false,"template":"","format":"standard","meta":[],"categories":[7],"tags":[102,26,2229,1870],"_links":{"self":[{"href":"https:\/\/www.infokuryr.cz\/n\/wp-json\/wp\/v2\/posts\/36306"}],"collection":[{"href":"https:\/\/www.infokuryr.cz\/n\/wp-json\/wp\/v2\/posts"}],"about":[{"href":"https:\/\/www.infokuryr.cz\/n\/wp-json\/wp\/v2\/types\/post"}],"author":[{"embeddable":true,"href":"https:\/\/www.infokuryr.cz\/n\/wp-json\/wp\/v2\/users\/2"}],"replies":[{"embeddable":true,"href":"https:\/\/www.infokuryr.cz\/n\/wp-json\/wp\/v2\/comments?post=36306"}],"version-history":[{"count":0,"href":"https:\/\/www.infokuryr.cz\/n\/wp-json\/wp\/v2\/posts\/36306\/revisions"}],"wp:featuredmedia":[{"embeddable":true,"href":"https:\/\/www.infokuryr.cz\/n\/wp-json\/wp\/v2\/media\/32616"}],"wp:attachment":[{"href":"https:\/\/www.infokuryr.cz\/n\/wp-json\/wp\/v2\/media?parent=36306"}],"wp:term":[{"taxonomy":"category","embeddable":true,"href":"https:\/\/www.infokuryr.cz\/n\/wp-json\/wp\/v2\/categories?post=36306"},{"taxonomy":"post_tag","embeddable":true,"href":"https:\/\/www.infokuryr.cz\/n\/wp-json\/wp\/v2\/tags?post=36306"}],"curies":[{"name":"wp","href":"https:\/\/api.w.org\/{rel}","templated":true}]}}